{"id":165618,"date":"2025-10-09T17:46:14","date_gmt":"2025-10-09T17:46:14","guid":{"rendered":"https:\/\/www.europesays.com\/es\/165618\/"},"modified":"2025-10-09T17:46:14","modified_gmt":"2025-10-09T17:46:14","slug":"la-picota-bike-race-coge-impulso","status":"publish","type":"post","link":"https:\/\/www.europesays.com\/es\/165618\/","title":{"rendered":"La Picota Bike Race coge impulso"},"content":{"rendered":"<p class=\"ft-text\">La Diputaci\u00f3n de C\u00e1ceres present\u00f3 este mi\u00e9rcoles<strong> la novena edici\u00f3n de la <\/strong><a class=\"ft-link ft-link--decoration\" href=\"https:\/\/www.elperiodicoextremadura.com\/deportes\/2024\/10\/21\/murillo-fischer-mantecon-sanchez-imponen-109987364.html\" target=\"_blank\" rel=\"nofollow noopener\">Picota Bike<\/a>, una prueba de mountain bike que se celebrar\u00e1 el fin de semana del 18-19 de octubre en el Valle del Jerte. <strong>Su diputado provincial Pablo L\u00f3pez destac\u00f3 la vinculaci\u00f3n de la instituci\u00f3n con este evento<\/strong>, se\u00f1alando que \u00abla Diputaci\u00f3n de C\u00e1ceres quiere subrayar este compromiso con el deporte como motor social, econ\u00f3mico y tur\u00edstico. Y la Picota Bike no es solo una competici\u00f3n deportiva de primer nivel, sino un escaparate para mostrar la riqueza de nuestros pueblos, la riqueza de nuestros paisajes y la hospitalidad, sobre todo la gastronom\u00eda y la cultura\u00bb. <strong>La primera etapa consiste en un pr\u00f3logo contrarreloj individual semiurbano de 4 kil\u00f3metros <\/strong>que se celebra el s\u00e1bado 18 de octubre en las calles de Cabezuela del Valle, un entorno hist\u00f3rico con ambiente festivo y p\u00fablico animando, destacando por su recorrido corto y t\u00e9cnico con subidas y bajadas moderadas que sirven para establecer tiempos iniciales de referencia.<\/p>\n<p class=\"ft-text\"><strong>La segunda etapa es la marat\u00f3n principal del domingo, con 77 kil\u00f3metros de distancia y 2.500 metros de desnivel positivo, partiendo y llegando a Navaconcejo <\/strong>mientras recorre el Valle del Jerte a trav\u00e9s de municipios como Cabezuela del Valle, Jerte y Tornavacas, en un perfil variado de mountain bike que incluye pistas forestales, senderos singletrack t\u00e9cnicos, ascensos pronunciados y descensos fluidos en un paisaje monta\u00f1oso de bosques de roble y casta\u00f1o con vistas al r\u00edo Jerte, aunque para categor\u00edas como Junior o Master 60 existe una versi\u00f3n light de aproximadamente 45 km y 1.000 m de desnivel para una experiencia menos exigente.<\/p>\n<p class=\"ft-text\"><a class=\"ft-link ft-link--decoration\" href=\"https:\/\/www.elperiodicoextremadura.com\/deportes\/2020\/02\/05\/ibon-zugasti-visitado-jerez-caballeros-43921125.html\" target=\"_blank\" rel=\"nofollow noopener\">El \u2018influencer\u2019 Ibon Zugasti, <\/a>que garantiza un gran seguimiento fuera de la regi\u00f3n gracias a sus numeros\u00edsimos seguidores, y la malague\u00f1a Natalia Fisher, destacada componente del Extremadura Ecopilas, son dos de las estrellas confirmadas. La malague\u00f1a se ha colgado la plata en los Europeos de Bikemarat\u00f3n y viene de prolongar sus grandes resultados en la Titan Desert Almer\u00eda.<\/p>\n<p class=\"ft-text\"><strong>Juan Jes\u00fas Arribas, en representaci\u00f3n de la organizaci\u00f3n, resalt\u00f3 que \u00abPicota Bike es hoy por hoy, creemos, entendemos y sabemos,<\/strong> porque lo leemos en la prensa especializada, que es uno de los diez mejores eventos de mountain bike a nivel nacional y probablemente sea el mejor de la provincia de C\u00e1ceres o igual de Extremadura\u00bb. Adem\u00e1s, se\u00f1al\u00f3 que \u00ablimitamos la participaci\u00f3n en 450 participantes, agotan las inscripciones en d\u00edas, porque no queremos que el Valle del Jerte sea una zona masificada de ciclistas que no saben d\u00f3nde van\u00bb.<\/p>\n<p>M\u00e1s detalles<\/p>\n<p class=\"ft-text\"><strong>La alcaldesa de Jerte, Mar\u00eda Felisa Cepeda Bravo<\/strong>, anim\u00f3 a \u00abdisfrutar estos tres d\u00edas del Valle del Jerte, en su recorrido que transcurre a lo largo de la Reserva Natural Garganta a los Infiernos, que es un entorno natural incomparable, en una \u00e9poca la oto\u00f1ada en la que el Valle del Jerte se viste con esos colores tan apreciados por todos los amantes del senderismo y del ciclismo\u00bb.<\/p>\n<p class=\"ft-text\">Por su parte<strong>, la alcaldesa de Cabezuela del Valle, Mar\u00eda Luisa Yusta,<\/strong> destac\u00f3 que \u00abaparte del paisaje del Valle del Jerte, la prueba \u00abes para vivir un poco tambi\u00e9n la arquitectura tradicional del Valle del Jerte y transcurre en un conjunto hist\u00f3rico. Creo que es algo muy caracter\u00edstico que no se da en todas las pruebas\u00bb.<\/p>\n<p class=\"ft-text\">Finalmente<strong>, la secretaria general de la Federaci\u00f3n Extreme\u00f1a de Ciclismo, Azucena Lozano<\/strong>, se\u00f1al\u00f3 que \u00abesta prueba ya es la novena edici\u00f3n, es de las mejores a nivel nacional y poco a poco sigue dando pasitos. Ojal\u00e1 el d\u00eda de ma\u00f1ana lleguemos a ese punto Open de Espa\u00f1a, pero s\u00ed que es verdad que tampoco es necesario porque realmente la participaci\u00f3n no lo prueba\u00bb.<\/p>\n","protected":false},"excerpt":{"rendered":"La Diputaci\u00f3n de C\u00e1ceres present\u00f3 este mi\u00e9rcoles la novena edici\u00f3n de la Picota Bike, una prueba de mountain&hellip;\n","protected":false},"author":2,"featured_media":165619,"comment_status":"","ping_status":"","sticky":false,"template":"","format":"standard","meta":{"footnotes":""},"categories":[273],"tags":[323,313,16431,312,168,25,24,41319,48727,48726,3154,23,167],"class_list":{"0":"post-165618","1":"post","2":"type-post","3":"status-publish","4":"format-standard","5":"has-post-thumbnail","7":"category-ciclismo","8":"tag-bike","9":"tag-ciclismo","10":"tag-coge","11":"tag-cycling","12":"tag-deportes","13":"tag-es","14":"tag-espana","15":"tag-impulso","16":"tag-navaconcejo","17":"tag-picota","18":"tag-race","19":"tag-spain","20":"tag-sports"},"share_on_mastodon":{"url":"","error":""},"_links":{"self":[{"href":"https:\/\/www.europesays.com\/es\/wp-json\/wp\/v2\/posts\/165618","targetHints":{"allow":["GET"]}}],"collection":[{"href":"https:\/\/www.europesays.com\/es\/wp-json\/wp\/v2\/posts"}],"about":[{"href":"https:\/\/www.europesays.com\/es\/wp-json\/wp\/v2\/types\/post"}],"author":[{"embeddable":true,"href":"https:\/\/www.europesays.com\/es\/wp-json\/wp\/v2\/users\/2"}],"replies":[{"embeddable":true,"href":"https:\/\/www.europesays.com\/es\/wp-json\/wp\/v2\/comments?post=165618"}],"version-history":[{"count":0,"href":"https:\/\/www.europesays.com\/es\/wp-json\/wp\/v2\/posts\/165618\/revisions"}],"wp:featuredmedia":[{"embeddable":true,"href":"https:\/\/www.europesays.com\/es\/wp-json\/wp\/v2\/media\/165619"}],"wp:attachment":[{"href":"https:\/\/www.europesays.com\/es\/wp-json\/wp\/v2\/media?parent=165618"}],"wp:term":[{"taxonomy":"category","embeddable":true,"href":"https:\/\/www.europesays.com\/es\/wp-json\/wp\/v2\/categories?post=165618"},{"taxonomy":"post_tag","embeddable":true,"href":"https:\/\/www.europesays.com\/es\/wp-json\/wp\/v2\/tags?post=165618"}],"curies":[{"name":"wp","href":"https:\/\/api.w.org\/{rel}","templated":true}]}}