{"id":165620,"date":"2025-10-09T17:47:08","date_gmt":"2025-10-09T17:47:08","guid":{"rendered":"https:\/\/www.europesays.com\/es\/165620\/"},"modified":"2025-10-09T17:47:08","modified_gmt":"2025-10-09T17:47:08","slug":"esto-es-lo-que-haria-el-piloto","status":"publish","type":"post","link":"https:\/\/www.europesays.com\/es\/165620\/","title":{"rendered":"esto es lo que har\u00eda el piloto"},"content":{"rendered":"<p>Por primera vez desde el regreso de la F\u00f3rmula 1 a M\u00e9xico, la parrilla de salida no contar\u00e1 con un h\u00e9roe local. Sin embargo, la figura m\u00e1s aclamada, el \u00eddolo que convoca a las masas, estar\u00eda all\u00ed, seg\u00fan varios medios locales de su pa\u00eds de origen.\u00a0<strong>Sergio \u2018Checo\u2019 P\u00e9rez<\/strong>, en medio de su a\u00f1o sab\u00e1tico, regresar\u00eda al Aut\u00f3dromo Hermanos Rodr\u00edguez no como piloto, sino como el gran protagonista de un fin de semana que podr\u00eda girar en torno a su figura y, sobre todo, a su futuro.<\/p>\n<p>Un Gran Premio sin piloto local, pero con su \u00eddolo presente<\/p>\n<p>La ausencia de \u2018Checo\u2019 en la competici\u00f3n de 2025 dej\u00f3 un vac\u00edo en el coraz\u00f3n de la afici\u00f3n mexicana. Pero su probable presencia como invitado especial es la prueba irrefutable de su estatus en el Gran Circo. M\u00e1s que un piloto, P\u00e9rez es un fen\u00f3meno de marketing y una pieza clave para el \u00e9xito del evento en su pa\u00eds. Su asistencia no ser\u00eda un simple acto de nostalgia; sino m\u00e1s bien una operaci\u00f3n estrat\u00e9gica para mantener viva la llama de la F1 en M\u00e9xico.<\/p>\n<p>M\u00e1s que un invitado: Una agenda de embajador<\/p>\n<p>Lejos de ser un simple espectador, \u2018Checo\u2019 tendr\u00eda una agenda digna de una estrella de rock. Se espera que su fin de semana est\u00e9 repleto de actividades que reafirmen su rol como embajador del deporte:<\/p>\n<ul class=\"wp-block-list\">\n<li><strong>Actividades con medios:<\/strong>\u00a0Ruedas de prensa y entrevistas para analizar la carrera y hablar de su futuro.<\/li>\n<li><strong>Interacci\u00f3n con los aficionados:<\/strong>\u00a0Sesiones de aut\u00f3grafos y encuentros para conectar con la \u201cChecoman\u00eda\u201d.<\/li>\n<li><strong>Visitas al Paddock:<\/strong>\u00a0Se le ver\u00eda interactuando con antiguos colegas y participando en las ceremonias previas a la carrera.<\/li>\n<li><strong>Compromisos con patrocinadores:<\/strong>\u00a0Su imagen sigue siendo un im\u00e1n para las marcas, y su presencia ser\u00e1 capitalizada por los patrocinadores del evento.<\/li>\n<\/ul>\n<p><img loading=\"lazy\" decoding=\"async\" width=\"914\" height=\"1200\" src=\"data:image\/svg+xml,%3Csvg%20xmlns=\" http:=\"\" alt=\"Checo Pe\u0301rez estari\u0301a en el GP de Me\u0301xico esto es lo que hari\u0301a el piloto\" class=\"wp-image-22100\" data-lazy- data-lazy- data-lazy-src=\"https:\/\/www.revistaturbo.com\/wp-content\/uploads\/2025\/10\/Checo-Pe\u0301rez-estari\u0301a-en-el-GP-de-Me\u0301xico-esto-es-lo-que-hari\u0301a-el-piloto-1.jpg\"\/>Foto: ALFREDO ESTRELLA \/ AFP<\/p>\n<p>La sombra de Cadillac: Preparando el terreno para 2026<\/p>\n<p>Quiz\u00e1s el rol m\u00e1s importante y estrat\u00e9gico de P\u00e9rez dicho fin de semana ser\u00e1 el de embajador no oficial de su futuro equipo,\u00a0<a href=\"https:\/\/es.cadillac.com\/performance\/f1-racing\" target=\"_blank\" rel=\"noopener nofollow\"><strong>Cadillac<\/strong>.<\/a> Con su regreso a la F1 en\u00a0<strong>2026<\/strong>\u00a0ya pactado con la escuder\u00eda estadounidense, su presencia en M\u00e9xico ser\u00eda la primera gran jugada de marketing del nuevo equipo.<\/p>\n<p>Es la oportunidad perfecta para que Cadillac, a trav\u00e9s de su piloto estrella, comience a construir su base de aficionados en el crucial mercado latinoamericano, mucho antes de que su monoplaza pise el asfalto.<\/p>\n<p>Un a\u00f1o fuera, pero no desconectado<\/p>\n<p>Aunque ha estado alejado de las pistas, \u2018Checo\u2019 no ha estado de vacaciones. El piloto mexicano ha mantenido un\u00a0<strong>r\u00e9gimen de entrenamiento f\u00edsico intensivo<\/strong>\u00a0y ha pasado incontables horas en el\u00a0<strong>simulador<\/strong>, visitando las instalaciones de Cadillac en Charlotte e Inglaterra. Su a\u00f1o sab\u00e1tico no ha sido de descanso, sino de preparaci\u00f3n meticulosa para el desaf\u00edo que supone estar en un equipo nuevo, sobre todo cuando debe estar a la par de su compa\u00f1ero de equipo, Valteri Bottas.<\/p>\n<p>El fin de semana del domingo 26 de Octubre, el Gran Premio de M\u00e9xico tendr\u00e1 un protagonista que no luchar\u00e1 por la victoria en la pista. Pero su presencia ser\u00e1 un recordatorio de que, a veces, la F\u00f3rmula 1 puede tener m\u00e1s trama por otros factores fuera de la pista. <\/p>\n<p><strong>REVISTA TURBO<\/strong>\n\t\t\t\t\t\t\t\t\t\t\t\t\t\t\t\t\t\t\t\t\t\t\t\t\t\t\t<\/p>\n","protected":false},"excerpt":{"rendered":"Por primera vez desde el regreso de la F\u00f3rmula 1 a M\u00e9xico, la parrilla de salida no contar\u00e1&hellip;\n","protected":false},"author":2,"featured_media":165621,"comment_status":"","ping_status":"","sticky":false,"template":"","format":"standard","meta":{"footnotes":""},"categories":[270],"tags":[168,25,24,306,271,272,23,167],"class_list":{"0":"post-165620","1":"post","2":"type-post","3":"status-publish","4":"format-standard","5":"has-post-thumbnail","7":"category-formula-1","8":"tag-deportes","9":"tag-es","10":"tag-espana","11":"tag-f1","12":"tag-formula-1","13":"tag-formula1","14":"tag-spain","15":"tag-sports"},"share_on_mastodon":{"url":"","error":""},"_links":{"self":[{"href":"https:\/\/www.europesays.com\/es\/wp-json\/wp\/v2\/posts\/165620","targetHints":{"allow":["GET"]}}],"collection":[{"href":"https:\/\/www.europesays.com\/es\/wp-json\/wp\/v2\/posts"}],"about":[{"href":"https:\/\/www.europesays.com\/es\/wp-json\/wp\/v2\/types\/post"}],"author":[{"embeddable":true,"href":"https:\/\/www.europesays.com\/es\/wp-json\/wp\/v2\/users\/2"}],"replies":[{"embeddable":true,"href":"https:\/\/www.europesays.com\/es\/wp-json\/wp\/v2\/comments?post=165620"}],"version-history":[{"count":0,"href":"https:\/\/www.europesays.com\/es\/wp-json\/wp\/v2\/posts\/165620\/revisions"}],"wp:featuredmedia":[{"embeddable":true,"href":"https:\/\/www.europesays.com\/es\/wp-json\/wp\/v2\/media\/165621"}],"wp:attachment":[{"href":"https:\/\/www.europesays.com\/es\/wp-json\/wp\/v2\/media?parent=165620"}],"wp:term":[{"taxonomy":"category","embeddable":true,"href":"https:\/\/www.europesays.com\/es\/wp-json\/wp\/v2\/categories?post=165620"},{"taxonomy":"post_tag","embeddable":true,"href":"https:\/\/www.europesays.com\/es\/wp-json\/wp\/v2\/tags?post=165620"}],"curies":[{"name":"wp","href":"https:\/\/api.w.org\/{rel}","templated":true}]}}