{"id":165624,"date":"2025-10-09T17:49:08","date_gmt":"2025-10-09T17:49:08","guid":{"rendered":"https:\/\/www.europesays.com\/es\/165624\/"},"modified":"2025-10-09T17:49:08","modified_gmt":"2025-10-09T17:49:08","slug":"el-barca-presume-de-la-recuperacion-de-fermin","status":"publish","type":"post","link":"https:\/\/www.europesays.com\/es\/165624\/","title":{"rendered":"El Bar\u00e7a &#8216;presume&#8217; de la recuperaci\u00f3n de Ferm\u00edn"},"content":{"rendered":"<p data-mrf-recirculation=\"Links P\u00e1rrafos\" class=\"ue-c-article__paragraph paragraph\"><strong>Ferm\u00edn <\/strong>est\u00e1 muy cerca de reaparecer. El andaluz ya trabaja desde hace algunos d\u00edas sobre el verde, aunque al margen del grupo. Pero el <strong>Barcelona <\/strong>ha colgado este jueves unas im\u00e1genes donde se ve al mediocentro ejercit\u00e1ndose a un alto nivel. No ser\u00eda extra\u00f1o que, cuando regrese el bloque de los cuatro d\u00edas de descanso que les ha dado <strong>Hansi Flick<\/strong>, el azulgrana se sume al grupo.\u00a0<\/p>\n<p data-mrf-recirculation=\"Links P\u00e1rrafos\" class=\"ue-c-article__paragraph paragraph\">En el v\u00eddeo que ha colgado al <strong>Barcelona <\/strong>en las redes sociales se ve al jugador trabajando con intensidad: con cambios de ritmo, tocando bal\u00f3n, chutando a puerta&#8230; <strong>Ferm\u00edn <\/strong>parece que ya empieza a ver la luz al final del t\u00fanel y podr\u00eda ser una de las buenas noticias de cara al duelo contra el <strong>Girona <\/strong>el s\u00e1bado de la semana que viene\u00a0<\/p>\n<p>Ferm\u00edn ya pisa el c\u00e9sped y estar\u00e1 ante el Girona, pero Raphinha no tiene pinta<\/p>\n<p data-mrf-recirculation=\"Links P\u00e1rrafos\" class=\"ue-c-article__paragraph paragraph\">El centrocampista sufri\u00f3 una lesi\u00f3n muscular en el psoas il\u00edaco de la pierna izquierda durante el encuentro contra el <strong>Getafe<\/strong>. De hecho, termin\u00f3 el compromiso con normalidad y cuando pit\u00f3 el \u00e1rbitro se tir\u00f3 al suelo y tuvo que ser atendido por los servicios m\u00e9dicos.\u00a0<\/p>\n<p>Tres semanas<\/p>\n<p data-mrf-recirculation=\"Links P\u00e1rrafos\" class=\"ue-c-article__paragraph paragraph\">La dolencia se produjo el pasado 21 de septiembre y el tiempo estimado de baja era de tres semanas. Por lo tanto, este fin de semana se cumplen esos 21 d\u00edas que hab\u00eda informado el club y, a tenor de las im\u00e1genes, todo indica que <strong>Ferm\u00edn<\/strong> podr\u00eda reaparecer contra el <strong>Girona<\/strong>.\u00a0El internacional ha participado esta temporada en cinco partidos entre <strong>LaLiga <\/strong>y la <strong>Champions League<\/strong>, siendo titular en tres de ellos, y ha marcado dos goles (ambos contra el <strong>Valencia<\/strong>).<\/p>\n<p>Ferm\u00edn enciende las alarmas<\/p>\n<p data-mrf-recirculation=\"Links P\u00e1rrafos\" class=\"ue-c-article__paragraph paragraph\">A la espera del m\u00e1s que posible regreso del andaluz la semana que viene a los terrenos de juego, el <strong>Barcelona <\/strong>sigue teniendo en la enfermer\u00eda a <strong>Ter Stegen, Joan Garc\u00eda, Raphinha, Gavi y Lamine Yamal<\/strong>.\u00a0<\/p>\n","protected":false},"excerpt":{"rendered":"Ferm\u00edn est\u00e1 muy cerca de reaparecer. El andaluz ya trabaja desde hace algunos d\u00edas sobre el verde, aunque&hellip;\n","protected":false},"author":2,"featured_media":165625,"comment_status":"","ping_status":"","sticky":false,"template":"","format":"standard","meta":{"footnotes":""},"categories":[268],"tags":[168,25,24,280,282,281,23,167],"class_list":{"0":"post-165624","1":"post","2":"type-post","3":"status-publish","4":"format-standard","5":"has-post-thumbnail","7":"category-futbol","8":"tag-deportes","9":"tag-es","10":"tag-espana","11":"tag-football","12":"tag-futbol","13":"tag-soccer","14":"tag-spain","15":"tag-sports"},"share_on_mastodon":{"url":"","error":""},"_links":{"self":[{"href":"https:\/\/www.europesays.com\/es\/wp-json\/wp\/v2\/posts\/165624","targetHints":{"allow":["GET"]}}],"collection":[{"href":"https:\/\/www.europesays.com\/es\/wp-json\/wp\/v2\/posts"}],"about":[{"href":"https:\/\/www.europesays.com\/es\/wp-json\/wp\/v2\/types\/post"}],"author":[{"embeddable":true,"href":"https:\/\/www.europesays.com\/es\/wp-json\/wp\/v2\/users\/2"}],"replies":[{"embeddable":true,"href":"https:\/\/www.europesays.com\/es\/wp-json\/wp\/v2\/comments?post=165624"}],"version-history":[{"count":0,"href":"https:\/\/www.europesays.com\/es\/wp-json\/wp\/v2\/posts\/165624\/revisions"}],"wp:featuredmedia":[{"embeddable":true,"href":"https:\/\/www.europesays.com\/es\/wp-json\/wp\/v2\/media\/165625"}],"wp:attachment":[{"href":"https:\/\/www.europesays.com\/es\/wp-json\/wp\/v2\/media?parent=165624"}],"wp:term":[{"taxonomy":"category","embeddable":true,"href":"https:\/\/www.europesays.com\/es\/wp-json\/wp\/v2\/categories?post=165624"},{"taxonomy":"post_tag","embeddable":true,"href":"https:\/\/www.europesays.com\/es\/wp-json\/wp\/v2\/tags?post=165624"}],"curies":[{"name":"wp","href":"https:\/\/api.w.org\/{rel}","templated":true}]}}