{"id":165626,"date":"2025-10-09T17:50:08","date_gmt":"2025-10-09T17:50:08","guid":{"rendered":"https:\/\/www.europesays.com\/es\/165626\/"},"modified":"2025-10-09T17:50:08","modified_gmt":"2025-10-09T17:50:08","slug":"los-padres-de-mario-biondo-revelan-que-quieren-llegar-hasta-el-tc-para-que-se-reabra-el-caso-y-demostrar-que-su-hijo-no-se-suicido","status":"publish","type":"post","link":"https:\/\/www.europesays.com\/es\/165626\/","title":{"rendered":"Los padres de Mario Biondo revelan que quieren llegar hasta el TC para que se reabra el caso y demostrar que su hijo \u00abno se suicid\u00f3\u00bb"},"content":{"rendered":"<p class=\"c-paragraph\">Pippo Biondo y Santina D&#8217;Alessandro, padres de <a href=\"https:\/\/www.20minutos.es\/tags\/personas\/mario-biondo.html\" title=\"Mario Biondo\" rel=\"nofollow noopener\" target=\"_blank\">Mario Biondo<\/a>, han concedido una rueda de prensa en la que, visiblemente emocionados, han celebrado que la Justicia espa\u00f1ola sostuviera la misma hip\u00f3tesis que el tribunal de Palermo (Italia) sobre\u00a0la muerte de su hijo: que \u00ab<b>no se suicid\u00f3 y se produjo un homicidio en manos de terceras personas<\/b>\u00ab. Aun as\u00ed, lamentaron que <a href=\"https:\/\/www.20minutos.es\/gente\/mario-biondo-marido-raquel-sanchez-silva-no-se-suicido-segun-audiencia-madrid_6512508_0.html\" title=\"La Audiencia de Madrid sostiene que la muerte de Mario Biondo, marido de Raquel S\u00e1nchez Silva, pudo no ser un suicidio\" rel=\"nofollow noopener\" target=\"_blank\">la Justicia espa\u00f1ola descartara reabrir el caso<\/a>\u00a0y defendieron que quieren llegar hasta el Tribunal Constitucional para intentar que se reabra la investigaci\u00f3n.<\/p>\n<p class=\"c-paragraph\">En la presentaci\u00f3n, que tuvo lugar este jueves en Barcelona, tom\u00f3 la palabra Leire L\u00f3pez, directora jur\u00eddica Vosseler Abogados, bufete que los representa, para <b>criticar el \u00abatestado irregular\u00bb que se realiz\u00f3 en Espa\u00f1a<\/b> tras el fallecimiento del operador de c\u00e1mara el 30 de mayo de 2023.<\/p>\n<p class=\"c-paragraph\">\u00abSe llev\u00f3 a cabo una <b>investigaci\u00f3n en Espa\u00f1a que dur\u00f3 un mes y medio, escasamente<\/b>\u00ab, en la que no se llev\u00f3 \u00aba cabo una inspecci\u00f3n ocular\u00bb, asegur\u00f3 la letrada, quien tambi\u00e9n tach\u00f3 de \u00ab<b>absolutamente irregular\u00bb la \u00abautopsia del m\u00e9dico forense<\/b>\u00ab.<\/p>\n<p class=\"c-paragraph\">Tambi\u00e9n afirm\u00f3 que la jueza de instrucci\u00f3n n\u00famero 21 de Madrid \u00ab<b>deneg\u00f3 la declaraci\u00f3n de los padres de Mario Biondo<\/b>\u00bb alegando que \u00abno era necesaria, a pesar de haberse pedido expresamente por el letrado que defend\u00eda los intereses de la familia\u00bb.<\/p>\n<p class=\"c-paragraph\">Adem\u00e1s, sostuvo que <b>la declaraci\u00f3n\u00a0<\/b>en junio de 2013<b>\u00a0de la viuda<\/b>, la presentadora <a href=\"https:\/\/www.20minutos.es\/tags\/personas\/raquel-sanchez-silva.html\" title=\"Raquel S\u00e1nchez Silva\" rel=\"nofollow noopener\" target=\"_blank\">Raquel S\u00e1nchez Silva<\/a>, <b>fue \u00abcontradictoria<\/b> con la que prest\u00f3 a los propios polic\u00edas el mismo d\u00eda de los hechos\u00bb.<\/p>\n<p class=\"c-paragraph\">Tras enumerar estas <b>pruebas \u00abmuy escuetas\u00bb<\/b>, se acord\u00f3 en Espa\u00f1a el \u00absobreseimiento libre\u00bb diciendo que <b>no hab\u00eda \u00abindicios de criminalidad\u00bb, <\/b>lo cual imped\u00eda aportar nuevas pruebas al no ser un \u00absobreseimiento provisional\u00bb.<\/p>\n<p class=\"c-paragraph\">La familia continu\u00f3 con el caso en Italia, ya que la v\u00edctima es de all\u00ed, y, en agosto de 2022, <b>el tribunal de Palermo y la corte superior italiana<\/b> \u00abdicta un auto que <b>confirma que no se produjo un suicidio<\/b>, sino que se produjo muy probablemente un homicidio\u00bb: \u00abEn opini\u00f3n del juez, se desmiente la tesis suicida y los elementos analizados dejan pensar que Mario Biondo <b>fue asesinado por mano que permanece desconocida<\/b> y sucesivamente colocado en una posici\u00f3n alta para simular un suicidio\u00bb.<\/p>\n<p class=\"c-paragraph\">Vosseler Abogados present\u00f3 en mayo de 2023 una denuncia \u00aben la que se incorporaban, por primera vez en Espa\u00f1a, una serie de pruebas contundentes\u00bb para intentar demostrar la tesis de la justicia italiana y, finalmente, la secci\u00f3n 15 de la audiencia Provincial de Madrid, el 23 de octubre de 2024, acept\u00f3 la causa de Palermo con todas las pruebas que conten\u00eda: desde las declaraciones de Raquel S\u00e1nchez Silva a las contradicciones que apuntar\u00edan a que no ten\u00eda intenci\u00f3n de suicidarse, pasando por el\u00a0<b><b>informe pericial inform\u00e1tico<\/b><\/b>\u00a0que dice que \u00abel primo de la viuda, ingeniero inform\u00e1tico, instal\u00f3 un\u00a0software\u00a0de control remoto\u00bb tras la muerte del operador de c\u00e1mara y que el ordenador de Biondo se conect\u00f3 a esta red despu\u00e9s de su fallecimiento.<\/p>\n<p>Recurso de amparo ante el Tribunal Constitucional<\/p>\n<p class=\"c-paragraph\">Las letradas explicaron en la rueda de prensa que la pr\u00f3xima semana <b>presentar\u00e1n<\/b> ante la secci\u00f3n 15 de la Audiencia Provincial de Madrid, la que dict\u00f3 en firme el archivo, <b>un incidente de nulidad<\/b>, alegando que ha habido una vulneraci\u00f3n del derecho a una tutela judicial efectiva, como paso previo a poder presentar un recurso de amparo ante el Tribunal Constitucional.<\/p>\n<p class=\"c-paragraph\">La intenci\u00f3n de la familia del c\u00e1mara italiano, tras la presentaci\u00f3n de este incidente de nulidad, es poder llegar ante el alto tribunal espa\u00f1ol para solicitar la reapertura del caso. Una vez agotada la v\u00eda judicial en Espa\u00f1a, en el caso de darse esta situaci\u00f3n, <b>recurrir\u00edan ante el Tribunal Europeo de Derechos Humanos (TEDH)<\/b>.<\/p>\n<p class=\"c-paragraph\">Antes de dar paso a los padres de la v\u00edctima, apunt\u00f3 que se sienten \u00abenga\u00f1ados\u00bb y <b>se reservan \u00abacciones legales\u00bb contra los productores de<\/b>\u00a0Las \u00faltimas horas de Mario Biondo, <b>documental de Netflix<\/b> sobre el caso, \u00abpor ser tendencioso\u00bb y \u00abparcial\u00bb y porque consideran que \u00abhay personas detr\u00e1s interesadas en dar la apariencia de suicidio\u00bb.<\/p>\n<p>Santina y Pippo, visiblemente emocionados<\/p>\n<p class=\"c-paragraph\">Santina D&#8217;Alessandro tom\u00f3 la palabra y afirm\u00f3 que van a \u00abseguir luchando\u00bb para tener una \u00abjusticia completa\u00a0\u00a0y honrar\u00bb la memoria de su hijo.<\/p>\n<p class=\"c-paragraph\">Visiblemente emocionada, tras pronunciarse en espa\u00f1ol, pas\u00f3 el turno a <b>Pippo Biondo<\/b>, padre del fallecido que no suele hablar frente a los medios de comunicaci\u00f3n.<\/p>\n<p class=\"c-paragraph\">\u00ab<b>Siempre me ha resultado demasiado doloroso<\/b> revivir nuestra tragedia, pero hoy es un d\u00eda lo suficientemente importante\u00bb, declar\u00f3, tambi\u00e9n entre l\u00e1grimas, al iniciar su declaraci\u00f3n frente a la prensa.<\/p>\n<p class=\"c-paragraph\">El padre de Mario Biondo se\u00f1al\u00f3 que esta resoluci\u00f3n les provoca una mezcla de sentimientos encontrados: \u00ab<b>satisfacci\u00f3n\u00bb porque esto confirma lo que ya sab\u00edan<\/b>; \u00abagradecimiento\u00bb hacia quienes los \u00abha apoyado en estos a\u00f1os\u00bb; y \u00abuna gran esperanza porque la verdad por fin va a salir a la luz\u00bb.<\/p>\n<p class=\"c-paragraph\">\u00abSolo queremos saber qui\u00e9n ha matado a nuestro hijo y por qu\u00e9\u00bb, defendi\u00f3. \u00abLa muerte de mi hijo pudo no haber sido un suicidio y es, al fin, la validaci\u00f3n que hemos buscado incansablemente durante a\u00f1os. Pero <b>es desgarrador comprender que<\/b>, a pesar de este avance, <b>el caso est\u00e1 archivado por culpa del paso del tiempo<\/b>\u00ab.<\/p>\n<p class=\"c-paragraph\">\u00ab<b>La negligencia de quienes debieron investigar correctamente nos ha robado no solo a mi hijo<\/b>, sino tambi\u00e9n la posibilidad de obtener una justicia completa\u00bb, lament\u00f3 finalmente.<\/p>\n<p class=\"c-paragraph\">Y es que, como declar\u00f3 Pippo,\u00a0pese a que las causas de la muerte todav\u00eda no son claras, <b>la Justicia espa\u00f1ola descarta reabrir la investigaci\u00f3n del caso Mario Biondo<\/b>.<\/p>\n","protected":false},"excerpt":{"rendered":"Pippo Biondo y Santina D&#8217;Alessandro, padres de Mario Biondo, han concedido una rueda de prensa en la que,&hellip;\n","protected":false},"author":2,"featured_media":165627,"comment_status":"","ping_status":"","sticky":false,"template":"","format":"standard","meta":{"footnotes":""},"categories":[174],"tags":[48690,255,146,147,25,24,367,256,656,2330,7667,23],"class_list":{"0":"post-165626","1":"post","2":"type-post","3":"status-publish","4":"format-standard","5":"has-post-thumbnail","7":"category-famosos","8":"tag-biondo","9":"tag-celebrities","10":"tag-entertainment","11":"tag-entretenimiento","12":"tag-es","13":"tag-espana","14":"tag-familia","15":"tag-famosos","16":"tag-mario","17":"tag-prensa","18":"tag-rueda","19":"tag-spain"},"share_on_mastodon":{"url":"","error":""},"_links":{"self":[{"href":"https:\/\/www.europesays.com\/es\/wp-json\/wp\/v2\/posts\/165626","targetHints":{"allow":["GET"]}}],"collection":[{"href":"https:\/\/www.europesays.com\/es\/wp-json\/wp\/v2\/posts"}],"about":[{"href":"https:\/\/www.europesays.com\/es\/wp-json\/wp\/v2\/types\/post"}],"author":[{"embeddable":true,"href":"https:\/\/www.europesays.com\/es\/wp-json\/wp\/v2\/users\/2"}],"replies":[{"embeddable":true,"href":"https:\/\/www.europesays.com\/es\/wp-json\/wp\/v2\/comments?post=165626"}],"version-history":[{"count":0,"href":"https:\/\/www.europesays.com\/es\/wp-json\/wp\/v2\/posts\/165626\/revisions"}],"wp:featuredmedia":[{"embeddable":true,"href":"https:\/\/www.europesays.com\/es\/wp-json\/wp\/v2\/media\/165627"}],"wp:attachment":[{"href":"https:\/\/www.europesays.com\/es\/wp-json\/wp\/v2\/media?parent=165626"}],"wp:term":[{"taxonomy":"category","embeddable":true,"href":"https:\/\/www.europesays.com\/es\/wp-json\/wp\/v2\/categories?post=165626"},{"taxonomy":"post_tag","embeddable":true,"href":"https:\/\/www.europesays.com\/es\/wp-json\/wp\/v2\/tags?post=165626"}],"curies":[{"name":"wp","href":"https:\/\/api.w.org\/{rel}","templated":true}]}}