{"id":165630,"date":"2025-10-09T17:52:16","date_gmt":"2025-10-09T17:52:16","guid":{"rendered":"https:\/\/www.europesays.com\/es\/165630\/"},"modified":"2025-10-09T17:52:16","modified_gmt":"2025-10-09T17:52:16","slug":"cada-habitacion-mueble-y-obra-de-arte-refleja-una-fusion-de-influencias-culturales-diseno-contemporaneo-y-espiritu-mediterraneo","status":"publish","type":"post","link":"https:\/\/www.europesays.com\/es\/165630\/","title":{"rendered":"Cada habitaci\u00f3n, mueble y obra de arte refleja una fusi\u00f3n de influencias culturales, dise\u00f1o contempor\u00e1neo y esp\u00edritu mediterr\u00e1neo"},"content":{"rendered":"<p data-journey-content=\"true\" data-node-id=\"2\" class=\"body-dropcap css-z34acw emevuu60\">Esta es la historia de una maravillosa casa con alma en Mallorca. La de<strong data-node-id=\"2.1\"> la artista y dise\u00f1adora de moda danesa Malene Birge<\/strong>. Una residencia maravillosa que ha sido reformada y reinventada por ella, manteniendo su sabor del pasado y llenando, al mismo tiempo, sus espacios de much\u00edsima personalidad a trav\u00e9s de una <a href=\"https:\/\/www.elledecor.com\/es\/decoracion\/a65945566\/detalles-decorativos-vintage-tendencia\/\" target=\"_blank\" data-vars-ga-outbound-link=\"https:\/\/www.elledecor.com\/es\/decoracion\/a65945566\/detalles-decorativos-vintage-tendencia\/\" data-vars-ga-ux-element=\"Hyperlink\" data-vars-ga-call-to-action=\"decoraci\u00f3n vintage\" data-node-id=\"2.3\" class=\"body-link css-15fjk10 emevuu60\" rel=\"nofollow noopener\">decoraci\u00f3n vintage<\/a> muy sofisticada. El relato de esta apasionante transformaci\u00f3n nos lo cuenta en el maravilloso libro <a data-tabindex-counter=\"1\" data-tabindex-value=\"none\" href=\"https:\/\/www.teneues.com\/en\/book\/creating-a-new-home-in-mallorca\" tabindex=\"-1\" target=\"_blank\" rel=\"nofollow noopener\" data-vars-ga-outbound-link=\"https:\/\/www.teneues.com\/en\/book\/creating-a-new-home-in-mallorca\" data-vars-ga-ux-element=\"Hyperlink\" data-vars-ga-call-to-action=\"Creating a Home in Mallorca\" data-node-id=\"2.6\" class=\"body-link css-15fjk10 emevuu60\">Creating a Home in Mallorca<\/a>,  de la prestigiosa <strong data-node-id=\"2.8\">editorial teNeues<\/strong>, mostrando un interesante viaje a lo largo de todo un proceso que dur\u00f3 casi 5 a\u00f1os. Una historia con fotograf\u00edas sensacionales, documentaci\u00f3n y reflexiones personales.<\/p>\n<p><img draggable=\"true\" alt=\"una casa antigua en mallorca reformada y decorada con muebles vintage\" title=\"Una casa antigua en Mallorca reformada y decorada con muebles vintage\" loading=\"lazy\" width=\"1200\" height=\"1422\" decoding=\"async\" data-nimg=\"1\" style=\"color:transparent;width:100%;height:auto;\"   src=\"https:\/\/www.europesays.com\/es\/wp-content\/uploads\/2025\/10\/creando-un-nuevo-hogar-en-mallorca-libro-68d65b60966b8.jpg\" class=\"css-0 e1g79fud0\"\/><\/p>\n<p>Malene Birger, Stine Regild y Jean Marie del Moral, Creando un nuevo hogar en Mallorca, teNeues 2025<\/p>\n<p data-journey-content=\"true\" data-node-id=\"6\" class=\"css-6wxqfj emevuu60\">Malene Birger es la fundadora de la marca de moda <a data-tabindex-counter=\"1\" data-tabindex-value=\"none\" href=\"https:\/\/go.redirectingat.com?id=86370X1581537&amp;url=https%3A%2F%2Fwww.bymalenebirger.com%2F\" tabindex=\"-1\" target=\"_blank\" rel=\"nofollow noopener\" data-vars-ga-outbound-link=\"https:\/\/www.bymalenebirger.com\/\" data-vars-ga-ux-element=\"Hyperlink\" data-vars-ga-call-to-action=\"By Malene Birger\" data-vars-ga-product-id=\"6de17824-8aca-426e-b0e2-49a8b9c31937\" data-node-id=\"6.1\" data-href=\"https:\/\/www.bymalenebirger.com\/\" data-product-url=\"https:\/\/www.bymalenebirger.com\/\" data-affiliate=\"true\" data-affiliate-url=\"https:\/\/go.redirectingat.com?id=86370X1581537&amp;url=https%3A%2F%2Fwww.bymalenebirger.com%2F\" data-affiliate-network=\"{&quot;afflink_redirect&quot;:&quot;\/_p\/afflink\/yDuN\/bymalenebirger-by-malene-birger-kob&quot;,&quot;site_id&quot;:&quot;bbf2debb-f671-4adc-b2c9-25a45301bbd7&quot;,&quot;network&quot;:{&quot;name&quot;:&quot;Skimlinks&quot;}}\" data-vars-ga-product-price=\"0,00\u00a0$\" data-vars-ga-product-retailer-id=\"dcd48212-298f-48bc-abee-8312ae25d11e\" data-vars-ga-link-treatment=\"(not set) | (not set)\" class=\"body-link product-links css-15fjk10 e1aq0z090\">By Malene Birger<\/a>, pero hace m\u00e1s de diez a\u00f1os vendi\u00f3 sus acciones para dedicarse a sus otras dos pasiones, el interiorismo y el arte. Hoy, alejada del bullicio urbano, reside en <strong data-node-id=\"6.3\">la preciosa localidad mallorquina de Felanitx<\/strong> y en ella tambi\u00e9n dirige su propia <a href=\"https:\/\/www.elledecor.com\/es\/arte\/g20895140\/galerias-de-arte-contemporaneo-espana\/\" target=\"_blank\" data-vars-ga-outbound-link=\"https:\/\/www.elledecor.com\/es\/arte\/g20895140\/galerias-de-arte-contemporaneo-espana\/\" data-vars-ga-ux-element=\"Hyperlink\" data-vars-ga-call-to-action=\"galer\u00eda de arte\" data-node-id=\"6.5\" class=\"body-link css-15fjk10 emevuu60\" rel=\"nofollow noopener\">galer\u00eda de arte<\/a>. Y desde este rinc\u00f3n del mundo, la editorial teNeues, que ha mostrado sus antiguas casas en otros <strong data-node-id=\"6.7\">coffee table book, <\/strong>nos presenta su nueva vivienda en el libro <a data-tabindex-counter=\"1\" data-tabindex-value=\"none\" href=\"https:\/\/www.teneues.com\/en\/book\/creating-a-new-home-in-mallorca\" tabindex=\"-1\" target=\"_blank\" rel=\"nofollow noopener\" data-vars-ga-outbound-link=\"https:\/\/www.teneues.com\/en\/book\/creating-a-new-home-in-mallorca\" data-vars-ga-ux-element=\"Hyperlink\" data-vars-ga-call-to-action=\"Creating a Home in Mallorca\" data-node-id=\"6.9\" class=\"body-link css-15fjk10 emevuu60\">Creating a Home in Mallorca<\/a>: \u00abEn este libro, el lector se sumerge una narraci\u00f3n con ilustraciones maravillosas. Contamos todo sobre la conversi\u00f3n de un edificio ruinoso de 600 m\u00b2, deshabitado durante m\u00e1s de 40 a\u00f1os, en una vivienda moderna y funcional. La m\u00eda\u00bb.<\/p>\n<p><img draggable=\"true\" alt=\"una casa antigua en mallorca reformada y decorada con muebles vintage\" title=\"Una casa antigua en Mallorca reformada y decorada con muebles vintage\" loading=\"lazy\" width=\"1200\" height=\"1200\" decoding=\"async\" data-nimg=\"1\" style=\"color:transparent;width:100%;height:auto;\"   src=\"https:\/\/www.europesays.com\/es\/wp-content\/uploads\/2025\/10\/patio-en-casa-de-malene-birger-68d65af0628ad.jpg\" class=\"css-0 e1g79fud0\"\/><\/p>\n<p>Malene Birger, Stine Regild y Jean Marie del Moral, Creando un nuevo hogar en Mallorca, teNeues 2025<\/p>\n<p><img draggable=\"true\" alt=\"foto del libro malene birger, stine regild and jean marie del moral, creating a new home in mallorca, teneues 2025\" title=\"foto del libro Malene Birger, Stine Regild and Jean Marie del Moral, Creating a New Home in Mallorca, teNeues 2025\" loading=\"lazy\" width=\"1200\" height=\"1200\" decoding=\"async\" data-nimg=\"1\" style=\"color:transparent;width:100%;height:auto;\"   src=\"https:\/\/www.europesays.com\/es\/wp-content\/uploads\/2025\/10\/antes-de-reforma-68d655610a404.jpg\" class=\"css-0 e1g79fud0\"\/>Malene Birger, Stine Regild &amp; Jean Marie del Moral, Creating a New Home in Mallorca, teNeues 2025<\/p>\n<p>Escalera de la vivienda antes de la reforma.<\/p>\n<p data-journey-content=\"true\" data-node-id=\"10\" class=\"css-6wxqfj emevuu60\">Apasionada por los nuevos comienzos, las reformas y la b\u00fasqueda de casas con alma, Birger encontr\u00f3 en esta vivienda justo lo que buscaba: \u00abUn edificio con magia e historia. Se trataba de una construcci\u00f3n adosada de finales del siglo XVIII que se encontraba abandonada. Con casi <strong data-node-id=\"10.1\">600 metros cuadrados<\/strong> necesitaba una reforma compleja y llena de retos. Deb\u00eda conservar la huella del pasado y, al mismo tiempo, ir a\u00f1adiendo con elegancia toque modernos y personales\u00bb. As\u00ed, el libro Creating a Home in Mallorca de la editorial <strong data-node-id=\"10.5\">teNeues, <\/strong>nos invita a un viaje por la cuidada reforma de la casa, con ilustraciones del reconocido <strong data-node-id=\"10.7\">fot\u00f3grafo Jean Marie Del Moral <\/strong>y textos que merecen la pena releer: C\u00f3mo se restaur\u00f3 la escalera central de hierro, con su barandilla de madera y sus ornamentados detalles dorados; la recuperaci\u00f3n de las baldosas hexagonales originales de la primera planta, para reinstalar en la segunda planta; o la idea de Birger de optar por baldosas tradicionales mallorquinas de arcilla para replicar el suelo en damero de algunos espacios. Sus reflexiones, sus pasiones y sus conclusiones&#8230;<\/p>\n<p><img draggable=\"true\" alt=\"una casa antigua en mallorca reformada con decoracion vintage\" title=\"Una casa antigua en Mallorca reformada con decoracion vintage\" loading=\"lazy\" width=\"1200\" height=\"1200\" decoding=\"async\" data-nimg=\"1\" style=\"color:transparent;width:100%;height:auto;\"   src=\"https:\/\/www.europesays.com\/es\/wp-content\/uploads\/2025\/10\/escultura-comedor-malene-birger-68d6586a2c96a.jpg\" class=\"css-0 e1g79fud0\"\/><\/p>\n<p>Malene Birger, Stine Regild y Jean Marie del Moral, Creando un nuevo hogar en Mallorca, teNeues 2025<\/p>\n<p><img draggable=\"true\" alt=\"una casa antigua en mallorca reformada y decorada con muebles vintage\" title=\"Una casa antigua en Mallorca reformada y decorada con muebles vintage\" loading=\"lazy\" width=\"1200\" height=\"1200\" decoding=\"async\" data-nimg=\"1\" style=\"color:transparent;width:100%;height:auto;\"   src=\"https:\/\/www.europesays.com\/es\/wp-content\/uploads\/2025\/10\/libreria-malene-birger-68d65901b5879.jpg\" class=\"css-0 e1g79fud0\"\/><\/p>\n<p>Malene Birger, Stine Regild y Jean Marie del Moral, Creando un nuevo hogar en Mallorca, teNeues 2025<\/p>\n<p><img draggable=\"true\" alt=\"una casa antigua en mallorca reformada y decorada con muebles vintage\" title=\"Una casa antigua en Mallorca reformada y decorada con muebles vintage\" loading=\"lazy\" width=\"1200\" height=\"1200\" decoding=\"async\" data-nimg=\"1\" style=\"color:transparent;width:100%;height:auto;\"   src=\"https:\/\/www.europesays.com\/es\/wp-content\/uploads\/2025\/10\/estudio-malene-birger-68d6597c42cf0.jpg\" class=\"css-0 e1g79fud0\"\/><\/p>\n<p>Malene Birger, Stine Regild y Jean Marie del Moral, Creando un nuevo hogar en Mallorca, teNeues 2025<\/p>\n<p data-journey-content=\"true\" data-node-id=\"17\" class=\"css-6wxqfj emevuu60\">La decoraci\u00f3n, con maravillosos muebles vintage y obras de arte contempor\u00e1neo, nos delata una  naturalidad extraordinaria por parte de su autora, una esteta con valores art\u00edsticos que entiende el dise\u00f1o de fondo. Las l\u00edneas depuradas y el marco hist\u00f3rico conviven ahora con <strong data-node-id=\"17.3\">piezas de <a href=\"https:\/\/www.elledecor.com\/es\/decoracion\/a64142746\/muebles-mid-century-estilo-retro-salon\/\" target=\"_blank\" data-vars-ga-ux-element=\"Hyperlink\" data-node-id=\"17.3.1\" data-mrf-link=\"https:\/\/www.elledecor.com\/es\/decoracion\/g27464545\/ideas-trucos-decoracion-nivel\/\" data-vars-ga-outbound-link=\"https:\/\/www.elledecor.com\/es\/decoracion\/a64142746\/muebles-mid-century-estilo-retro-salon\/\" data-vars-ga-call-to-action=\"estilo retro\" class=\"body-link css-15fjk10 emevuu60\" rel=\"nofollow noopener\">estilo retro<\/a> italianas de los a\u00f1os 70, objetos artesanales de Oriente Medio, l\u00e1mparas emparejadas<\/strong> para crear <a href=\"https:\/\/www.elledecor.com\/es\/decoracion\/g30242149\/ideas-simetria-orden\/\" target=\"_blank\" data-vars-ga-outbound-link=\"https:\/\/www.elledecor.com\/es\/decoracion\/g30242149\/ideas-simetria-orden\/\" data-vars-ga-ux-element=\"Hyperlink\" data-vars-ga-call-to-action=\"ideas de simetr\u00eda\" data-node-id=\"17.5\" class=\"body-link css-15fjk10 emevuu60\" rel=\"nofollow noopener\">ideas de simetr\u00eda<\/a> y sus propias obras de arte para generar sorpresas. El cuidado puesto en cada detalle de la rehabilitaci\u00f3n y decoraci\u00f3n hacen de este proyecto una lecci\u00f3n para los que amamos el verdadero interiorismo; pero tambi\u00e9n el buen gusto por la acertada simbiosis entre tradici\u00f3n y modernidad nos aporta un interesante cap\u00edtulo: \u00abEste libro inspira a quienes buscan reimaginar sus propios espacios. <strong data-node-id=\"17.7\">Cada habitaci\u00f3n, mueble y obra de arte refleja una fusi\u00f3n de influencias culturales, dise\u00f1o contempor\u00e1neo y esp\u00edritu mediterr\u00e1neo<\/strong>. La cuidadosa interacci\u00f3n de colores, texturas y formas crea una atm\u00f3sfera acogedora y sofisticada\u00bb, nos explica la autora de esta reforma maravillosa que se ha materializado en un libro inspirador y lleno de magia para llevarte a casa.<\/p>\n<p><img draggable=\"true\" alt=\"una casa antigua en mallorca reformada y decorada con muebles vintage\" title=\"Una casa antigua en Mallorca reformada y decorada con muebles vintage\" loading=\"lazy\" width=\"1200\" height=\"1200\" decoding=\"async\" data-nimg=\"1\" style=\"color:transparent;width:100%;height:auto;\"   src=\"https:\/\/www.europesays.com\/es\/wp-content\/uploads\/2025\/10\/cocina-blanco-y-negro-suelos-malene-birger-68d659f02b818.jpg\" class=\"css-0 e1g79fud0\"\/><\/p>\n<p>Malene Birger, Stine Regild y Jean Marie del Moral, Creando un nuevo hogar en Mallorca, teNeues 2025<\/p>\n<p><img draggable=\"true\" alt=\"una casa antigua en mallorca reformada y decorada con muebles vintage\" title=\"Una casa antigua en Mallorca reformada y decorada con muebles vintage\" loading=\"lazy\" width=\"1200\" height=\"1200\" decoding=\"async\" data-nimg=\"1\" style=\"color:transparent;width:100%;height:auto;\"   src=\"https:\/\/www.europesays.com\/es\/wp-content\/uploads\/2025\/10\/salon-en-blanco-y-negro-malene-birger-68d65a3b5a3ed.jpg\" class=\"css-0 e1g79fud0\"\/><\/p>\n<p>Malene Birger, Stine Regild y Jean Marie del Moral, Creando un nuevo hogar en Mallorca, teNeues 2025<\/p>\n<p><img draggable=\"true\" alt=\"una casa antigua en mallorca reformada y decorada con muebles vintage\" title=\"Una casa antigua en Mallorca reformada y decorada con muebles vintage\" loading=\"lazy\" width=\"1200\" height=\"1200\" decoding=\"async\" data-nimg=\"1\" style=\"color:transparent;width:100%;height:auto;\"   src=\"https:\/\/www.europesays.com\/es\/wp-content\/uploads\/2025\/10\/aseo-lavabo-clasico-puertas-malene-birger-68d65a6feb87c.jpg\" class=\"css-0 e1g79fud0\"\/><\/p>\n<p>Malene Birger, Stine Regild y Jean Marie del Moral, Creando un nuevo hogar en Mallorca, teNeues 2025<\/p>\n<p><img draggable=\"true\" alt=\"una casa antigua en mallorca reformada y decorada con muebles vintage\" title=\"Una casa antigua en Mallorca reformada y decorada con muebles vintage\" loading=\"lazy\" width=\"1200\" height=\"1200\" decoding=\"async\" data-nimg=\"1\" style=\"color:transparent;width:100%;height:auto;\"   src=\"https:\/\/www.europesays.com\/es\/wp-content\/uploads\/2025\/10\/dormitorio-cabecero-malene-birger-68d65aa745f8d.jpg\" class=\"css-0 e1g79fud0\"\/><\/p>\n<p>Malene Birger, Stine Regild y Jean Marie del Moral, Creando un nuevo hogar en Mallorca, teNeues 2025<\/p>\n<p><img draggable=\"true\" alt=\"malene birge sentada en una butaca de piel vintage, en un salon con suelo en damero\" title=\"Malene Birge sentada en una butaca de piel vintage\" loading=\"lazy\" width=\"2048\" height=\"3072\" decoding=\"async\" data-nimg=\"1\" style=\"color:transparent;width:100%;height:auto;\"   src=\"https:\/\/www.europesays.com\/es\/wp-content\/uploads\/2025\/10\/malene-birge-portrait-68d653fa41ed8.jpg\" class=\"css-0 e1g79fud0\"\/><\/p>\n<p>Emil STEGEMEJER<\/p>\n<p data-journey-content=\"true\" data-node-id=\"24\" class=\"css-6wxqfj emevuu60\">Libro <strong data-node-id=\"24.0.1\">Creating a Home in Mallorca<\/strong><br data-node-id=\"24.1\"\/>Fotos del libro: <strong data-node-id=\"24.3\">Jean Marie Del Moral<br data-node-id=\"24.3.1\"\/><\/strong><\/p>\n<p data-journey-content=\"true\" data-node-id=\"26\" class=\"css-6wxqfj emevuu60\"><a href=\"https:\/\/www.teneues.com\/\" target=\"_blank\" rel=\"nofollow noopener\" data-vars-ga-outbound-link=\"https:\/\/www.teneues.com\/\" data-vars-ga-ux-element=\"Hyperlink\" data-vars-ga-call-to-action=\"www.teneues.com\" data-node-id=\"26.0.0\" class=\"body-link css-15fjk10 emevuu60\">www.teneues.com<br data-node-id=\"26.0.0.1\"\/><\/a><a href=\"https:\/\/go.redirectingat.com?id=86370X1581537&amp;url=https%3A%2F%2Fwww.bymalenebirger.com%2F\" target=\"_blank\" rel=\"nofollow noopener\" data-vars-ga-outbound-link=\"https:\/\/www.bymalenebirger.com\/\" data-vars-ga-ux-element=\"Hyperlink\" data-vars-ga-call-to-action=\"www.bymalenebirger.com\" data-vars-ga-product-id=\"6de17824-8aca-426e-b0e2-49a8b9c31937\" data-node-id=\"26.1.0\" data-href=\"https:\/\/www.bymalenebirger.com\/\" data-product-url=\"https:\/\/www.bymalenebirger.com\/\" data-affiliate=\"true\" data-affiliate-url=\"https:\/\/go.redirectingat.com?id=86370X1581537&amp;url=https%3A%2F%2Fwww.bymalenebirger.com%2F\" data-affiliate-network=\"{&quot;afflink_redirect&quot;:&quot;\/_p\/afflink\/yDuN\/bymalenebirger-by-malene-birger-kob&quot;,&quot;site_id&quot;:&quot;bbf2debb-f671-4adc-b2c9-25a45301bbd7&quot;,&quot;network&quot;:{&quot;name&quot;:&quot;Skimlinks&quot;}}\" data-vars-ga-product-price=\"0,00\u00a0$\" data-vars-ga-product-retailer-id=\"dcd48212-298f-48bc-abee-8312ae25d11e\" data-vars-ga-link-treatment=\"(not set) | (not set)\" class=\"body-link product-links css-15fjk10 e1aq0z090\">www.bymalenebirger.com<\/a><\/p>\n<p><img src=\"https:\/\/www.europesays.com\/es\/wp-content\/uploads\/2025\/10\/1760032336_910_882c5372-60ec-4b62-a60a-c341658650f9_1660891498.file\" alt=\"Headshot of Gema Marcos\" title=\"Headshot of Gema Marcos\" width=\"100%\" height=\"100%\" decoding=\"async\" loading=\"lazy\" class=\"css-o0wq4v ev8dhu53\"\/><\/p>\n<p>\u00a0Gema Marcos es periodista y est\u00e1 especializada en temas de decoraci\u00f3n, dise\u00f1o, arquitectura y hoteles. Licenciada en Ciencia de la Informaci\u00f3n por la Universidad Complutense de Madrid, ha trabajado muchos a\u00f1os en la redacci\u00f3n de revistas de interiorismo y estilo de vida.\u00a0<\/p>\n<p>\u00a0En la cabecera Nuevo Estilo es donde se form\u00f3 y adquiri\u00f3 sus conocimientos sobre el mundo de interiores. Entrevistar a decoradores y arquitectos del panorama nacional, viajar a las ferias europeas de dise\u00f1o y acudir cada semana a ruedas de prensa de las marcas de muebles le ayudaron a conocer m\u00e1s a fondo el mundo del interiorismo. Adem\u00e1s tuvo la suerte de coordinar la secci\u00f3n hoteles de esa revista, lo que le permiti\u00f3 entender mejor el funcionamiento y la puesta en escena de algunos de los mejores hoteles de Espa\u00f1a y Europa.\u00a0<\/p>\n<p>\u00a0Actualmente es freelance y colabora para nuestras revistas Elle Decor y Nuevo Estilo, adem\u00e1s de llevar la comunicaci\u00f3n y difusi\u00f3n en medios de algunos estudios de interiorismo nacionales. Le gusta su trabajo y disfruta escribiendo sobre proyectos de viviendas, contract, artesan\u00eda y viajes. En realidad el mundo de la decoraci\u00f3n le ha atra\u00eddo desde que era peque\u00f1a&#8230; Sabe que rodearse de cosas bonitas es algo esencial para estar contentos cada d\u00eda.\u00a0<\/p>\n<p>\u00a0Gema se divierte descubriendo nuevos alojamientos y localizando objetos curiosos en tiendas y almonedas que le inspiran, adem\u00e1s, a la hora de escribir. Le encanta cambiar y mover los muebles de casa cada dos por tres, encender la chimenea, pasar horas en la cocina y abrir un vino en compa\u00f1\u00eda. Prefiere el invierno al verano y le gustan m\u00e1s los potajes que el gazpacho. Su lugar favorito es Villarrube, su pueblecito materno.\u00a0<\/p>\n","protected":false},"excerpt":{"rendered":"Esta es la historia de una maravillosa casa con alma en Mallorca. La de la artista y dise\u00f1adora&hellip;\n","protected":false},"author":2,"featured_media":165631,"comment_status":"","ping_status":"","sticky":false,"template":"","format":"standard","meta":{"footnotes":""},"categories":[172],"tags":[224,6007,48734,4242,146,147,25,24,36437,225,4241,48733,23],"class_list":{"0":"post-165630","1":"post","2":"type-post","3":"status-publish","4":"format-standard","5":"has-post-thumbnail","7":"category-libros","8":"tag-books","9":"tag-content-type-default","10":"tag-contentid-9a57c9aa-9fd1-49db-9e6c-ead9b08927ad","11":"tag-displaytype-standard-article","12":"tag-entertainment","13":"tag-entretenimiento","14":"tag-es","15":"tag-espana","16":"tag-hasproduct-true","17":"tag-libros","18":"tag-locale-es","19":"tag-shorttitle-el-libro-sobre-la-reforma-de-una-casa-con-alma","20":"tag-spain"},"share_on_mastodon":{"url":"","error":""},"_links":{"self":[{"href":"https:\/\/www.europesays.com\/es\/wp-json\/wp\/v2\/posts\/165630","targetHints":{"allow":["GET"]}}],"collection":[{"href":"https:\/\/www.europesays.com\/es\/wp-json\/wp\/v2\/posts"}],"about":[{"href":"https:\/\/www.europesays.com\/es\/wp-json\/wp\/v2\/types\/post"}],"author":[{"embeddable":true,"href":"https:\/\/www.europesays.com\/es\/wp-json\/wp\/v2\/users\/2"}],"replies":[{"embeddable":true,"href":"https:\/\/www.europesays.com\/es\/wp-json\/wp\/v2\/comments?post=165630"}],"version-history":[{"count":0,"href":"https:\/\/www.europesays.com\/es\/wp-json\/wp\/v2\/posts\/165630\/revisions"}],"wp:featuredmedia":[{"embeddable":true,"href":"https:\/\/www.europesays.com\/es\/wp-json\/wp\/v2\/media\/165631"}],"wp:attachment":[{"href":"https:\/\/www.europesays.com\/es\/wp-json\/wp\/v2\/media?parent=165630"}],"wp:term":[{"taxonomy":"category","embeddable":true,"href":"https:\/\/www.europesays.com\/es\/wp-json\/wp\/v2\/categories?post=165630"},{"taxonomy":"post_tag","embeddable":true,"href":"https:\/\/www.europesays.com\/es\/wp-json\/wp\/v2\/tags?post=165630"}],"curies":[{"name":"wp","href":"https:\/\/api.w.org\/{rel}","templated":true}]}}