{"id":165634,"date":"2025-10-09T17:54:09","date_gmt":"2025-10-09T17:54:09","guid":{"rendered":"https:\/\/www.europesays.com\/es\/165634\/"},"modified":"2025-10-09T17:54:09","modified_gmt":"2025-10-09T17:54:09","slug":"el-disco-que-tiene-canciones-geniales-segun-bruce-springsteen","status":"publish","type":"post","link":"https:\/\/www.europesays.com\/es\/165634\/","title":{"rendered":"El disco que tiene \u00abcanciones geniales\u00bb seg\u00fan Bruce Springsteen"},"content":{"rendered":"<p><strong>Bruce Springsteen<\/strong> ha influenciado a muchos m\u00fasicos y bandas que lo tienen como \u00eddolo, entre ellos <strong>The Killers<\/strong>. Recientemente, durante la ceremonia de los premios Ivor, Bruce dijo presente para entregarle un galard\u00f3n a <a href=\"https:\/\/indiehoy.com\/historias\/el-musico-al-que-brandon-flowers-admira-profundamente\/\" target=\"_blank\" rel=\"noreferrer noopener nofollow\">Brandon Flowers<\/a>, l\u00edder del grupo de Las Vegas, y en un emotivo discurso revel\u00f3 c\u00f3mo los conoci\u00f3 y por qu\u00e9 los tiene en tan alta estima. <\/p>\n<p>\u00ab<strong>La primera vez que escuch\u00e9 a The Killers y canciones de Brandon Flowers pasaba por la habitaci\u00f3n de mi hijo Evan, que estaba en el instituto<\/strong>. Pasaba por all\u00ed y la canci\u00f3n que escuchaba a trav\u00e9s de su puerta me detuvo. Asom\u00e9 la cabeza y pregunt\u00e9: &#8216;\u00bfQui\u00e9nes son?&#8217;, y \u00e9l dijo: &#8216;Son The Killers, pap\u00e1'\u00bb, dijo The Boss.<\/p>\n<p><img loading=\"lazy\" decoding=\"async\" width=\"1200\" height=\"800\" src=\"https:\/\/www.europesays.com\/es\/wp-content\/uploads\/2025\/10\/the-killers.jpg\" alt=\"The Killers\" class=\"wp-image-740620\"  \/>The Killers.<\/p>\n<p id=\"tw-target-text\">\u00abEstaba all\u00ed de pie y escuch\u00e9 una frase de &#8216;Somebody Told Me&#8217;: &#8216;Bueno, alguien me dijo que ten\u00edas un novio \/ Que parec\u00eda una novia \/ Que tuve en febrero del a\u00f1o pasado&#8217;, y dije: &#8216;Qu\u00e9 frase ingeniosa&#8217;. Me llev\u00f3 un minuto darme cuenta y luego dije: &#8216;\u00a1Qu\u00e9 frase tan ingeniosa!&#8217;. <strong>Era como la melod\u00eda m\u00e1s pegadiza de todas, que de ah\u00ed en adelante estar\u00edas cant\u00e1ndola por el resto de tu vida<\/strong>. [&#8230;] La melod\u00eda se me qued\u00f3 grabada para siempre\u00bb, sigui\u00f3 contando.<\/p>\n<p id=\"tw-target-text\">Springsteen continu\u00f3: \u00ab<strong>Compr\u00e9 el disco Hot Fuss, lleno de letras pegadizas y ganchos enormes. &#8216;Mr. Brightside&#8217;, &#8216;Somebody Told Me&#8217;, &#8216;All These Things That I&#8217;ve Done&#8217;, canciones geniales, geniales<\/strong>\u00ab. Bruce sigui\u00f3 alabando la carrera del grupo para concluir diciendo: \u00abBrandon tiene una de las voces m\u00e1s hermosas y puras del rock and roll; son simplemente uno de los mejores grupos en vivo del momento\u00bb.<\/p>\n<p>El v\u00ednculo entre The Killers y Bruce Springsteen<\/p>\n<p id=\"tw-target-text\">Esta no es la primera vez que Springsteen habla de su admiraci\u00f3n por The Killers. En 2020, y como bien recuerda NME, dijo que eran \u00abuna banda incre\u00edble\u00bb en una charla con el propio Flowers: \u00abHace poco, cuando los vi, quiz\u00e1 fuera en Glastonbury, la banda estuvo buen\u00edsima. Han creado un espect\u00e1culo en vivo incre\u00edble. Es algo de lo que estar realmente orgulloso\u00bb.<\/p>\n<p>Luego, la banda y el m\u00fasico\u00a0<a href=\"https:\/\/indiehoy.com\/noticias\/the-killers-y-bruce-springsteen-estrenan-colaboracion-dustland\/\" target=\"_blank\" rel=\"noreferrer noopener nofollow\">colaboraron en \u00abDustland\u00bb<\/a>, una versi\u00f3n del tema de The Killers \u00abA Dustland Fairytale\u00bb que form\u00f3 parte del \u00e1lbum\u00a0Day &amp; Age\u00a0(2008). En octubre de 2022,\u00a0<a href=\"https:\/\/indiehoy.com\/noticias\/bruce-springsteen-se-unio-al-show-de-the-killers-en-el-madison-square-garden\/\" target=\"_blank\" rel=\"noreferrer noopener nofollow\">Springsteen hizo una aparici\u00f3n sorpresa en el concierto de The Killers en el Madison Square Garden<\/a>, donde interpretaron su colaboraci\u00f3n, adem\u00e1s de sus \u00e9xitos \u00abBadlands\u00bb y \u00abBorn To Run\u00bb. En 2023, durante su presentaci\u00f3n en el<strong>\u00a0<\/strong>Sea.Hear.Now Festival de Nueva Jersey, The Killers\u00a0sorprendi\u00f3 a sus fan\u00e1ticos al interpretar \u00abI&#8217;m On Fire\u00bb de\u00a0<a href=\"https:\/\/indiehoy.com\/noticias\/cancion-bruce-springsteen-escucharia-resto-de-su-vida\/\" target=\"_blank\" rel=\"noreferrer noopener nofollow\">Springsteen<\/a>.<\/p>\n","protected":false},"excerpt":{"rendered":"Bruce Springsteen ha influenciado a muchos m\u00fasicos y bandas que lo tienen como \u00eddolo, entre ellos The Killers.&hellip;\n","protected":false},"author":2,"featured_media":165635,"comment_status":"","ping_status":"","sticky":false,"template":"","format":"standard","meta":{"footnotes":""},"categories":[170],"tags":[22714,146,147,25,24,184,185,23],"class_list":{"0":"post-165634","1":"post","2":"type-post","3":"status-publish","4":"format-standard","5":"has-post-thumbnail","7":"category-musica","8":"tag-bruce-springsteen","9":"tag-entertainment","10":"tag-entretenimiento","11":"tag-es","12":"tag-espana","13":"tag-music","14":"tag-musica","15":"tag-spain"},"share_on_mastodon":{"url":"","error":""},"_links":{"self":[{"href":"https:\/\/www.europesays.com\/es\/wp-json\/wp\/v2\/posts\/165634","targetHints":{"allow":["GET"]}}],"collection":[{"href":"https:\/\/www.europesays.com\/es\/wp-json\/wp\/v2\/posts"}],"about":[{"href":"https:\/\/www.europesays.com\/es\/wp-json\/wp\/v2\/types\/post"}],"author":[{"embeddable":true,"href":"https:\/\/www.europesays.com\/es\/wp-json\/wp\/v2\/users\/2"}],"replies":[{"embeddable":true,"href":"https:\/\/www.europesays.com\/es\/wp-json\/wp\/v2\/comments?post=165634"}],"version-history":[{"count":0,"href":"https:\/\/www.europesays.com\/es\/wp-json\/wp\/v2\/posts\/165634\/revisions"}],"wp:featuredmedia":[{"embeddable":true,"href":"https:\/\/www.europesays.com\/es\/wp-json\/wp\/v2\/media\/165635"}],"wp:attachment":[{"href":"https:\/\/www.europesays.com\/es\/wp-json\/wp\/v2\/media?parent=165634"}],"wp:term":[{"taxonomy":"category","embeddable":true,"href":"https:\/\/www.europesays.com\/es\/wp-json\/wp\/v2\/categories?post=165634"},{"taxonomy":"post_tag","embeddable":true,"href":"https:\/\/www.europesays.com\/es\/wp-json\/wp\/v2\/tags?post=165634"}],"curies":[{"name":"wp","href":"https:\/\/api.w.org\/{rel}","templated":true}]}}