{"id":165636,"date":"2025-10-09T17:55:10","date_gmt":"2025-10-09T17:55:10","guid":{"rendered":"https:\/\/www.europesays.com\/es\/165636\/"},"modified":"2025-10-09T17:55:10","modified_gmt":"2025-10-09T17:55:10","slug":"se-estrena-el-documental-viven-que-exhibe-la-vida-y-obra-de-los-grupos-musicales-de-toledo-y-los-vinculos-que-los-unen","status":"publish","type":"post","link":"https:\/\/www.europesays.com\/es\/165636\/","title":{"rendered":"Se estrena el documental &#8216;Viven&#8217;, que exhibe la vida y obra de los grupos musicales de Toledo y los v\u00ednculos que los unen"},"content":{"rendered":"<p style=\"\"><a href=\"https:\/\/www.abc.es\/espana\/castilla-la-mancha\/toledo\/david-ucles-recalara-toledo-octubre-peninsula-casas-20251004140201-nt.html\" target=\"_self\" data-voc-vtm-id=\"in-text-traffic\" title=\"El Festival Internacional del Cine y la Palabra, CiBRA\" data-mrf-link=\"www.abc.es\" rel=\"nofollow noopener\">El Festival Internacional del Cine y la Palabra, CiBRA<\/a>, ser\u00e1 el marco elegido para la presentaci\u00f3n del <strong>documental toledano &#8216;Viven&#8217;.<\/strong> Una obra audiovisual de <strong>Enrique Mu\u00f1oz y LaBuitre<\/strong>, a trav\u00e9s del cual se hace un viaje coral en el que se recorren  &#8230; historias, sue\u00f1os y luchas de quienes hacen posible <strong>el pulso sonoro de la ciudad.<\/strong>\u00a0<\/p>\n<p class=\"voc-p\" style=\"\">La presentaci\u00f3n de este largometraje se realizar\u00e1 <strong>el s\u00e1bado 1 de noviembre, a partir de las 12 h<\/strong>, en las instalaciones del cine MK2 Cinesur del centro comercial<strong> Luz del Tajo<\/strong>, en Toledo. Un documental que, adem\u00e1s, forma parte de la secci\u00f3n <strong>Carlos Blanco<\/strong> de esta cita cultural. Una proyecci\u00f3n para la que ser\u00e1 precisa tener una invitaci\u00f3n previa, que estar\u00e1 disponible en pr\u00f3ximos d\u00edas en la web del CiBRA.<\/p>\n<p class=\"voc-p\" style=\"\">&#8216;Viven&#8217; se comenz\u00f3 a rodar en 2023, acumulando m\u00e1s de 100 horas de metraje, fruto de <strong>entrevistas, conciertos y encuentros con diferentes artistas musicales de Toledo<\/strong>. Entre sus protagonistas, se encuentra la joven artista, <strong>Nour, as\u00ed como Azogue,<\/strong> una banda formada por alumnos y profesores que desdibuja fronteras entre generaciones. Otro de los protagonistas de este filme es <strong>Boomback Toledo<\/strong>, considerada la voz m\u00e1s underground del rap local.<\/p>\n<p class=\"voc-p\" style=\"\">Un estreno de esta obra que se produce en el CiBRA, que cuenta con el patrocinio de la Junta de Comunidades de Castilla-La Mancha, el Ayuntamiento de Toledo, la Diputaci\u00f3n de Toledo y el <strong>Ayuntamiento de La Puebla de Montalb\u00e1n<\/strong>, y que, adem\u00e1s, eleva en esta edici\u00f3n su apuesta por unir los grandes t\u00edtulos cinematogr\u00e1ficos del a\u00f1o con la literatura, dando un mayor protagonismo a destacados nombres de nuestras letras, tanto nacionales como internacionales.<\/p>\n<p class=\"voc-p\" style=\"\">En este trabajo audiovisual no solo se reflejan los diferentes estilos musicales con los que cuenta la capital regional, sino, tambi\u00e9n, los v\u00ednculos que existen entre todos ellos. Puntos en com\u00fan como es la familia como soporte, la industrial musical como reto y las alianzas inesperadas que se tejen en los escenarios y en los estudios. Un mosaico de historias al que, tambi\u00e9n, <strong>se suman voces reconocidas como la de Andr\u00e9s Su\u00e1rez o la banda toledana Veintiuno.<\/strong>\u00a0<\/p>\n<p class=\"voc-p\" style=\"\">Tras su estreno en el Festival CiBRA, <strong>&#8216;Viven&#8217; llegar\u00e1 a la televisi\u00f3n p\u00fablica de Castilla-La Mancha, CMMedia<\/strong>, consolid\u00e1ndose como un documento imprescindible para entender c\u00f3mo la m\u00fasica habita, resiste y transforma Toledo.<\/p>\n","protected":false},"excerpt":{"rendered":"El Festival Internacional del Cine y la Palabra, CiBRA, ser\u00e1 el marco elegido para la presentaci\u00f3n del documental&hellip;\n","protected":false},"author":2,"featured_media":165637,"comment_status":"","ping_status":"","sticky":false,"template":"","format":"standard","meta":{"footnotes":""},"categories":[169],"tags":[177,6084,146,147,25,24,1719,12507,176,24334,175,18711,4125,23,1952,12047,2606,36027,8037],"class_list":{"0":"post-165636","1":"post","2":"type-post","3":"status-publish","4":"format-standard","5":"has-post-thumbnail","7":"category-cine","8":"tag-cine","9":"tag-documental","10":"tag-entertainment","11":"tag-entretenimiento","12":"tag-es","13":"tag-espana","14":"tag-estrena","15":"tag-exhibe","16":"tag-film","17":"tag-grupos","18":"tag-movies","19":"tag-musicales","20":"tag-obra","21":"tag-spain","22":"tag-toledo","23":"tag-unen","24":"tag-vida","25":"tag-vinculos","26":"tag-viven"},"share_on_mastodon":{"url":"","error":""},"_links":{"self":[{"href":"https:\/\/www.europesays.com\/es\/wp-json\/wp\/v2\/posts\/165636","targetHints":{"allow":["GET"]}}],"collection":[{"href":"https:\/\/www.europesays.com\/es\/wp-json\/wp\/v2\/posts"}],"about":[{"href":"https:\/\/www.europesays.com\/es\/wp-json\/wp\/v2\/types\/post"}],"author":[{"embeddable":true,"href":"https:\/\/www.europesays.com\/es\/wp-json\/wp\/v2\/users\/2"}],"replies":[{"embeddable":true,"href":"https:\/\/www.europesays.com\/es\/wp-json\/wp\/v2\/comments?post=165636"}],"version-history":[{"count":0,"href":"https:\/\/www.europesays.com\/es\/wp-json\/wp\/v2\/posts\/165636\/revisions"}],"wp:featuredmedia":[{"embeddable":true,"href":"https:\/\/www.europesays.com\/es\/wp-json\/wp\/v2\/media\/165637"}],"wp:attachment":[{"href":"https:\/\/www.europesays.com\/es\/wp-json\/wp\/v2\/media?parent=165636"}],"wp:term":[{"taxonomy":"category","embeddable":true,"href":"https:\/\/www.europesays.com\/es\/wp-json\/wp\/v2\/categories?post=165636"},{"taxonomy":"post_tag","embeddable":true,"href":"https:\/\/www.europesays.com\/es\/wp-json\/wp\/v2\/tags?post=165636"}],"curies":[{"name":"wp","href":"https:\/\/api.w.org\/{rel}","templated":true}]}}