{"id":165638,"date":"2025-10-09T17:56:07","date_gmt":"2025-10-09T17:56:07","guid":{"rendered":"https:\/\/www.europesays.com\/es\/165638\/"},"modified":"2025-10-09T17:56:07","modified_gmt":"2025-10-09T17:56:07","slug":"el-plantel-de-san-lorenzo-se-acerco-a-la-bombonera-para-despedir-a-miguel-angel-russo","status":"publish","type":"post","link":"https:\/\/www.europesays.com\/es\/165638\/","title":{"rendered":"El plantel de San Lorenzo se acerc\u00f3 a La Bombonera para despedir a Miguel \u00c1ngel Russo"},"content":{"rendered":"<p><strong>La plantilla y dirigentes de <a href=\"https:\/\/espndeportes.espn.com\/futbol\/equipo\/_\/id\/18\/san-lorenzo\" target=\"_blank\" rel=\"nofollow noopener\">San Lorenzo<\/a> se hicieron presente este jueves en La Bombonera para dar el \u00faltimo adi\u00f3s a Miguel \u00c1ngel Russo<\/strong>. El equipo arrib\u00f3 en el micro oficial para despedir a quien fuera su entrenador en dos etapas distintas.<\/p>\n<p><img class=\" lazyload lazyload\" data-image-container=\".inline-photo\" height=\"320\" width=\"570\"\/>El micro de San Lorenzo se hizo presente en La Bombonera para despedir a Russo.\u00a0Captura ESPN F90Selecciones Editoriales<\/p>\n<p>2 Relacionado<\/p>\n<p>Russo dirigi\u00f3 al Cicl\u00f3n por primera vez en la temporada 2008\/2009, en la que lleg\u00f3 a pelear el t\u00edtulo, y regres\u00f3 en 2024 para encarrilar nuevamente a un club que atravesaba serios problemas econ\u00f3micos.<\/p>\n<p><strong>Jugadores, cuerpo t\u00e9cnico y dirigentes del club se acercaron al hall principal del estadio Xeneize, donde las puertas fueron cerradas por unos minutos para que pudieran despedirse en privado.<\/strong> Luego, el acceso volvi\u00f3 a abrirse para el resto del p\u00fablico.<\/p>\n","protected":false},"excerpt":{"rendered":"La plantilla y dirigentes de San Lorenzo se hicieron presente este jueves en La Bombonera para dar el&hellip;\n","protected":false},"author":2,"featured_media":165639,"comment_status":"","ping_status":"","sticky":false,"template":"","format":"standard","meta":{"footnotes":""},"categories":[93],"tags":[168,25,24,23,167],"class_list":{"0":"post-165638","1":"post","2":"type-post","3":"status-publish","4":"format-standard","5":"has-post-thumbnail","7":"category-deportes","8":"tag-deportes","9":"tag-es","10":"tag-espana","11":"tag-spain","12":"tag-sports"},"share_on_mastodon":{"url":"","error":""},"_links":{"self":[{"href":"https:\/\/www.europesays.com\/es\/wp-json\/wp\/v2\/posts\/165638","targetHints":{"allow":["GET"]}}],"collection":[{"href":"https:\/\/www.europesays.com\/es\/wp-json\/wp\/v2\/posts"}],"about":[{"href":"https:\/\/www.europesays.com\/es\/wp-json\/wp\/v2\/types\/post"}],"author":[{"embeddable":true,"href":"https:\/\/www.europesays.com\/es\/wp-json\/wp\/v2\/users\/2"}],"replies":[{"embeddable":true,"href":"https:\/\/www.europesays.com\/es\/wp-json\/wp\/v2\/comments?post=165638"}],"version-history":[{"count":0,"href":"https:\/\/www.europesays.com\/es\/wp-json\/wp\/v2\/posts\/165638\/revisions"}],"wp:featuredmedia":[{"embeddable":true,"href":"https:\/\/www.europesays.com\/es\/wp-json\/wp\/v2\/media\/165639"}],"wp:attachment":[{"href":"https:\/\/www.europesays.com\/es\/wp-json\/wp\/v2\/media?parent=165638"}],"wp:term":[{"taxonomy":"category","embeddable":true,"href":"https:\/\/www.europesays.com\/es\/wp-json\/wp\/v2\/categories?post=165638"},{"taxonomy":"post_tag","embeddable":true,"href":"https:\/\/www.europesays.com\/es\/wp-json\/wp\/v2\/tags?post=165638"}],"curies":[{"name":"wp","href":"https:\/\/api.w.org\/{rel}","templated":true}]}}