{"id":165654,"date":"2025-10-09T18:04:12","date_gmt":"2025-10-09T18:04:12","guid":{"rendered":"https:\/\/www.europesays.com\/es\/165654\/"},"modified":"2025-10-09T18:04:12","modified_gmt":"2025-10-09T18:04:12","slug":"cambios-en-la-composicion-de-los-cuerpos-tecnicos-de-las-selecciones-cantabras","status":"publish","type":"post","link":"https:\/\/www.europesays.com\/es\/165654\/","title":{"rendered":"Cambios en la composici\u00f3n de los cuerpos t\u00e9cnicos de las Selecciones C\u00e1ntabras"},"content":{"rendered":"<p>Publicado el 9 octubre 2025<\/p>\n<ul>\n<li><strong>Fran Mart\u00edn y su staff dejan el equipo juvenil femenino y ser\u00e1 relevado por Rub\u00e9n Carvajal y Alberto Pla como seleccionadores.<\/strong><\/li>\n<\/ul>\n<p>La estructura de las Selecciones C\u00e1ntabras cambiar\u00e1 para el Campeonato de Espa\u00f1a de Selecciones Auton\u00f3micas 2026 (CESA). Varias salidas y nuevas incorporaciones son las novedades de cara a la preparaci\u00f3n de los pr\u00f3ximos meses.<\/p>\n<p>El principal cambio se encuentra en el bloque juvenil femenino. Fran Mart\u00edn, Andrea Carcedo y Roberto Ojugas salen del equipo por motivos personales con efecto inmediato. Su relevo ser\u00e1 Rub\u00e9n Carvajal, quien deja el grupo cadete femenino para dirigir el juvenil, acompa\u00f1ado por Alberto Pla como segundo entrenador y Roc\u00edo P\u00e9rez como delegada.<\/p>\n<p>Este movimiento de piezas ha provocado nuevas incorporaciones en los diferentes equipos afectados. Finalmente, los cuerpos t\u00e9cnicos para el CESA 2026 quedan definidos de la siguiente forma:<\/p>\n<ul>\n<li><strong>Juvenil masculino:<\/strong> Dani Hern\u00e1ndez (seleccionador), Manuel Rosa (2\u00ba entrenador), Pablo P\u00e9rez (delegado).<\/li>\n<li><strong>Juvenil femenino<\/strong>: Rub\u00e9n Carvajal (seleccionador), Alberto Pla (2\u00aa entrenadora), Roc\u00edo P\u00e9rez (delegada).<\/li>\n<li><strong>Cadete masculino:<\/strong> Mar\u00eda Lanza (seleccionadora), Sara Camacho (2\u00aa entrenadora), Daniel Gonz\u00e1lez (delegado).<\/li>\n<li><strong>Cadete femenino<\/strong>: Jes\u00fas P\u00e9rez (seleccionador), Alberto P\u00e9rez (2\u00ba entrenador), Aldara Vall\u00e9s (delegada).<\/li>\n<li><strong>Infantil masculino<\/strong>: Santiago Cavadas (seleccionador), Sergio A. Mor\u00e1n (2\u00ba entrenador), Daniel de Lucas (delegado).<\/li>\n<li><strong>Infantil femenino<\/strong>: Sergio Barqu\u00edn (seleccionador), Carlos de la Torre (2\u00aa entrenadora), Isaura de Almeida (delegada).<\/li>\n<\/ul>\n<p><strong>UN ADI\u00d3S TRAS NUMEROSOS A\u00d1OS DEFENDIENDO LOS COLORES DE CANTABRIA <\/strong><\/p>\n<p>Fran Mart\u00edn, Andrea Carcedo y Roberto Ojugas han comunicado a la Federaci\u00f3n C\u00e1ntabra de Balonmano su decisi\u00f3n de no continuar dirigiendo al equipo juvenil femenino por motivos personales. La salida del t\u00e9cnico santanderino, y con ella la de sus compa\u00f1eros de banquillo, se produce tras numerosos a\u00f1os en la estructura de la entidad federativa.<\/p>\n<p>Desde la FCBM queremos agradecer profundamente su profesionalidad, su entrega y el cari\u00f1o con el que han representado los valores de nuestro deporte y nuestra regi\u00f3n. Su trabajo ha sido clave en el desarrollo deportivo y personal de muchas jugadoras y han contribuido al crecimiento del balonmano femenino en Cantabria.<\/p>\n<p>Asimismo, les deseamos el mayor de los \u00e9xitos en vuestros futuros proyectos, tanto dentro como fuera de las pistas.<\/p>\n","protected":false},"excerpt":{"rendered":"Publicado el 9 octubre 2025 Fran Mart\u00edn y su staff dejan el equipo juvenil femenino y ser\u00e1 relevado&hellip;\n","protected":false},"author":2,"featured_media":165655,"comment_status":"","ping_status":"","sticky":false,"template":"","format":"standard","meta":{"footnotes":""},"categories":[278],"tags":[376,2771,168,25,24,375,1988,12887,23,167],"class_list":{"0":"post-165654","1":"post","2":"type-post","3":"status-publish","4":"format-standard","5":"has-post-thumbnail","7":"category-balonmano","8":"tag-balonmano","9":"tag-cantabria","10":"tag-deportes","11":"tag-es","12":"tag-espana","13":"tag-handball","14":"tag-seleccion","15":"tag-selecciones-cantabras","16":"tag-spain","17":"tag-sports"},"share_on_mastodon":{"url":"","error":""},"_links":{"self":[{"href":"https:\/\/www.europesays.com\/es\/wp-json\/wp\/v2\/posts\/165654","targetHints":{"allow":["GET"]}}],"collection":[{"href":"https:\/\/www.europesays.com\/es\/wp-json\/wp\/v2\/posts"}],"about":[{"href":"https:\/\/www.europesays.com\/es\/wp-json\/wp\/v2\/types\/post"}],"author":[{"embeddable":true,"href":"https:\/\/www.europesays.com\/es\/wp-json\/wp\/v2\/users\/2"}],"replies":[{"embeddable":true,"href":"https:\/\/www.europesays.com\/es\/wp-json\/wp\/v2\/comments?post=165654"}],"version-history":[{"count":0,"href":"https:\/\/www.europesays.com\/es\/wp-json\/wp\/v2\/posts\/165654\/revisions"}],"wp:featuredmedia":[{"embeddable":true,"href":"https:\/\/www.europesays.com\/es\/wp-json\/wp\/v2\/media\/165655"}],"wp:attachment":[{"href":"https:\/\/www.europesays.com\/es\/wp-json\/wp\/v2\/media?parent=165654"}],"wp:term":[{"taxonomy":"category","embeddable":true,"href":"https:\/\/www.europesays.com\/es\/wp-json\/wp\/v2\/categories?post=165654"},{"taxonomy":"post_tag","embeddable":true,"href":"https:\/\/www.europesays.com\/es\/wp-json\/wp\/v2\/tags?post=165654"}],"curies":[{"name":"wp","href":"https:\/\/api.w.org\/{rel}","templated":true}]}}