{"id":165658,"date":"2025-10-09T18:06:09","date_gmt":"2025-10-09T18:06:09","guid":{"rendered":"https:\/\/www.europesays.com\/es\/165658\/"},"modified":"2025-10-09T18:06:09","modified_gmt":"2025-10-09T18:06:09","slug":"ataca-al-manager-de-ankalaev-sus-excusas","status":"publish","type":"post","link":"https:\/\/www.europesays.com\/es\/165658\/","title":{"rendered":"ataca al m\u00e1nager de Ankalaev, sus excusas&#8230;"},"content":{"rendered":"<p data-mrf-recirculation=\"Links P\u00e1rrafos\" class=\"ue-c-article__paragraph paragraph ue-c-article--first-letter-highlighted\">Alex Pereira hizo historia el pasado s\u00e1bado al <strong>noquear<\/strong> a Magomed Ankalaev en <strong>80 segundos <\/strong>en el evento estelar del UFC 320. Por un lado, esto supuso la <strong>venganza<\/strong> de &#8216;Poatan&#8217; despu\u00e9s de la derrota sufrida ante el daguestan\u00ed el pasado marzo. Por otro, volver a ser el <strong>campe\u00f3n del peso semipesado<\/strong> para agrandar a\u00fan m\u00e1s su legado. Sin embargo, el brasile\u00f1o no se qued\u00f3 conforme con la finalizaci\u00f3n, ya que ha seguido<strong> atacando<\/strong> al equipo del daguestan\u00ed los d\u00edas siguientes a su victoria.<\/p>\n<p data-mrf-recirculation=\"Links P\u00e1rrafos\" class=\"ue-c-article__paragraph paragraph\">La<strong> celebraci\u00f3n<\/strong> de Pereira tras noquear a Ankalaev, similar a la que hizo ante <strong>Jamahal Hill <\/strong>-tambi\u00e9n habl\u00f3 mucho antes del combate- mostraba la rabia acumulada de &#8216;Poatan&#8217;. <strong>Se la ten\u00eda guardada<\/strong>. Magomed habl\u00f3 mucho por redes sociales, e incluso ambos tuvieron un <strong>encuentro <\/strong>en el UFC PI Institute durante la semana de pelea para resolver sus diferencias. Tambien hab\u00eda una teor\u00eda de que hab\u00eda sido <strong>Ali Abdelaziz<\/strong> -m\u00e1nager de Ankalaev- el que hab\u00eda escrito esos mensajes, y Alex dirigi\u00f3 hacia \u00e9l sus<strong> palabras<\/strong> despu\u00e9s de la victoria.<\/p>\n<blockquote class=\"ue-c-article__blockquote\">\n<p>Cuando un m\u00e1nager nunca ha sido deportista y quiere ascender para ganar fama y dinero&#8230;<\/p>\n<p>Alex Pereira, a Ali Abdelaziz<\/p><\/blockquote>\n<p data-mrf-recirculation=\"Links P\u00e1rrafos\" class=\"ue-c-article__paragraph paragraph\">\u00abCuando un m\u00e1nager nunca ha sido deportista y quiere ascender para ganar <strong>fama y dinero<\/strong>&#8230; Pero eres t\u00fa el que est\u00e1 ah\u00ed dentro arriesgando su vida, y \u00e9l est\u00e1 fuera <strong>ri\u00e9ndose<\/strong>\u00ab, dijo Pereira tras el UFC 320. &#8216;Poatan&#8217; se llev\u00f3 a lo personal los <strong>ataques<\/strong> de Ankalaev y su equipo en la previa, e incluso lo us\u00f3 como <strong>gasolina<\/strong> para la incre\u00edble actuaci\u00f3n que protagoniz\u00f3 la madrugada del s\u00e1bado al domingo. \u00abNo quiero volver a la <strong>tienda de ruedas<\/strong>\u00ab, le dijo a Ankalaev durante el careo, y una vez se cerraron las puertas del oct\u00e1gono <strong>dio validez <\/strong>a sus palabras.<\/p>\n<p><img decoding=\"async\" width=\"1980\" height=\"1320\" class=\"ue-c-article__image lazyload\" alt=\"Alex Pereira, durante su combate ante Ankalaev.\" loading=\"lazy\" src=\"https:\/\/www.europesays.com\/es\/wp-content\/uploads\/2025\/10\/68e7a4e2b7ba9.jpeg\"\/><\/p>\n<p>Alex Pereira, durante su combate ante Ankalaev.UFC.<\/p>\n<p>Una lesi\u00f3n condicionante<\/p>\n<p data-mrf-recirculation=\"Links P\u00e1rrafos\" class=\"ue-c-article__paragraph paragraph\">La<strong> respuesta<\/strong> de Ali Abdelaziz no se hizo esperar y, a pesar de que dijo que la guerra no era entre \u00e9l y Pereira, desvel\u00f3 una <strong>lesi\u00f3n <\/strong>de Ankalaev que pudo condicionar la pelea. El peleador ruso no lo us\u00f3 como <strong>excusa<\/strong> para su derrota, ya que ni siquiera hizo referencia a ello en su comunicado post combate, pero seg\u00fan su m\u00e1nager sufri\u00f3 una lesi\u00f3n en las <strong>costillas<\/strong> que le impidi\u00f3 entrenar con normalidad las \u00faltimas semanas del campamento.<\/p>\n<blockquote class=\"ue-c-article__blockquote\">\n<p>Si dependiera de m\u00ed, nunca deber\u00eda haber luchado debido a algunas cosas<\/p>\n<p>Ali Abdelaziz, m\u00e1nager de Ankalaev<\/p><\/blockquote>\n<p data-mrf-recirculation=\"Links P\u00e1rrafos\" class=\"ue-c-article__paragraph paragraph\">\u00abPasaron <strong>muchas cosas<\/strong> con Ankalaev en su campamento. Si dependiera de m\u00ed, <strong>nunca <\/strong>deber\u00eda haber luchado debido a algunas cosas\u00bb, afirm\u00f3. Seg\u00fan <strong>Daniel Cormier<\/strong>, ex doble campe\u00f3n de la compa\u00f1\u00eda, Ankalaev ni siquiera pudo<strong> finalizar<\/strong> sus sesiones de entrenamiento las \u00faltimas semanas, y su equipo le aconsej\u00f3 <strong>cancelar la pelea.<\/strong> Sin embargo, el peleador ruso decidi\u00f3 no bajarse del combate.\u00a0<\/p>\n<p data-mrf-recirculation=\"Links P\u00e1rrafos\" class=\"ue-c-article__paragraph paragraph\">Algo deb\u00eda saber Pereira, ya que cuando da\u00f1\u00f3 a Ankalaev con su derecha y logr\u00f3 llevarle al suelo conect\u00f3 <strong>varios codazos<\/strong> en la zona de las costillas de su rival. Justamente en el <strong>costado derecho<\/strong> donde Ankalaev estaba lesionado. Lo que est\u00e1 claro es que ambos no acabaron en <strong>buenos t\u00e9rminos. <\/strong>Sin embargo, una trilog\u00eda entre ambos se antoja dif\u00edcil por dos motivos. Primero, por la <strong>contundencia <\/strong>de esta victoria del brasile\u00f1o, y segundo por lo <strong>poco medi\u00e1tico<\/strong> que es el daguestan\u00ed. Por tanto, esta historia parece haber llegado a su <strong>fin.<\/strong><\/p>\n","protected":false},"excerpt":{"rendered":"Alex Pereira hizo historia el pasado s\u00e1bado al noquear a Magomed Ankalaev en 80 segundos en el evento&hellip;\n","protected":false},"author":2,"featured_media":165659,"comment_status":"","ping_status":"","sticky":false,"template":"","format":"standard","meta":{"footnotes":""},"categories":[276],"tags":[168,25,24,23,167,343],"class_list":{"0":"post-165658","1":"post","2":"type-post","3":"status-publish","4":"format-standard","5":"has-post-thumbnail","7":"category-ufc","8":"tag-deportes","9":"tag-es","10":"tag-espana","11":"tag-spain","12":"tag-sports","13":"tag-ufc"},"share_on_mastodon":{"url":"","error":""},"_links":{"self":[{"href":"https:\/\/www.europesays.com\/es\/wp-json\/wp\/v2\/posts\/165658","targetHints":{"allow":["GET"]}}],"collection":[{"href":"https:\/\/www.europesays.com\/es\/wp-json\/wp\/v2\/posts"}],"about":[{"href":"https:\/\/www.europesays.com\/es\/wp-json\/wp\/v2\/types\/post"}],"author":[{"embeddable":true,"href":"https:\/\/www.europesays.com\/es\/wp-json\/wp\/v2\/users\/2"}],"replies":[{"embeddable":true,"href":"https:\/\/www.europesays.com\/es\/wp-json\/wp\/v2\/comments?post=165658"}],"version-history":[{"count":0,"href":"https:\/\/www.europesays.com\/es\/wp-json\/wp\/v2\/posts\/165658\/revisions"}],"wp:featuredmedia":[{"embeddable":true,"href":"https:\/\/www.europesays.com\/es\/wp-json\/wp\/v2\/media\/165659"}],"wp:attachment":[{"href":"https:\/\/www.europesays.com\/es\/wp-json\/wp\/v2\/media?parent=165658"}],"wp:term":[{"taxonomy":"category","embeddable":true,"href":"https:\/\/www.europesays.com\/es\/wp-json\/wp\/v2\/categories?post=165658"},{"taxonomy":"post_tag","embeddable":true,"href":"https:\/\/www.europesays.com\/es\/wp-json\/wp\/v2\/tags?post=165658"}],"curies":[{"name":"wp","href":"https:\/\/api.w.org\/{rel}","templated":true}]}}