{"id":165670,"date":"2025-10-09T18:13:15","date_gmt":"2025-10-09T18:13:15","guid":{"rendered":"https:\/\/www.europesays.com\/es\/165670\/"},"modified":"2025-10-09T18:13:15","modified_gmt":"2025-10-09T18:13:15","slug":"su-conexion-de-estilo-con-looks-de-invitada-en-color-blanco","status":"publish","type":"post","link":"https:\/\/www.europesays.com\/es\/165670\/","title":{"rendered":"su conexi\u00f3n de estilo con looks de invitada en color blanco"},"content":{"rendered":"<p id=\"edBsZtXIGV\" data-wc=\"122\">Gran d\u00eda para la plataforma Netflix, para los fans de las Spice Grils y, en concreto, para los admiradores de <strong>Victoria Beckham<\/strong>. Todos sus secretos y an\u00e9cdotas profesionales (y personales) ser\u00e1n desvelados en la <a class=\"hm-link ho-link\" href=\"https:\/\/www.hola.com\/fashion\/20250910855028\/victoria-beckham-serie-netflix-firma-moda-record-historico\/\" data-mrf-recirculation=\"article-body-link\" rel=\"nofollow noopener\" target=\"_blank\"><strong>docuserie Victoria Beckham<\/strong><\/a>, que se estrena hoy, 9 de octubre. Sin embargo, la excantante y actual dise\u00f1adora de \u00e9xito vivi\u00f3 una gran noche en el cine Curzon Mayfair de Londres, donde tuvo lugar la premi\u00e8re de esta producci\u00f3n audiovisual. All\u00ed, estuvo acompa\u00f1ada de su familia, con la sonada <a class=\"hm-link ho-link\" href=\"https:\/\/www.hola.com\/us-es\/celebrities\/20251008860570\/victoria-beckham-estreno-serie-familia-usencia-brooklyn-y-nicola\/\" data-mrf-recirculation=\"article-body-link\" rel=\"nofollow noopener\" target=\"_blank\">ausencia de su hijo Brooklyn<\/a> y su esposa, Nicola Peltz; y de grandes amigos, como el dise\u00f1ador Tom Ford, sus excompa\u00f1eras de grupo musical Mel C, Geri Halliwell y Emma Bunton, y su compa\u00f1era de confidencias, Eva Longoria.<\/p>\n<p> <img src=\"https:\/\/www.europesays.com\/es\/wp-content\/uploads\/2025\/10\/b3ef73da544e-gettyimages-2240012801.jpg\"   width=\"694\" height=\"1024\" loading=\"lazy\" decoding=\"async\" alt=\"Eva Longoria\" fetchpriority=\"auto\" class=\"image ho-image\"\/>\u00a9 Getty Images<br \/>\nLooks inspiradores para las novias de oto\u00f1o<\/p>\n<p id=\"e2jJ7i7U9v2\" data-wc=\"48\">Precisamente, esta \u00faltima no solo demostr\u00f3 su gran amistad y apoyo a Victoria Beckham, sino que sintoniz\u00f3 su estilo con el de la ex Spice Girl. Y es que ambas se decantaron por looks de color blanco, ideales, elegantes e inspiradores para las novias m\u00e1s modernas del oto\u00f1o.<\/p>\n<p> <img src=\"https:\/\/www.europesays.com\/es\/wp-content\/uploads\/2025\/10\/423e5adea513-gettyimages-2240012747.jpg\"   width=\"776\" height=\"1024\" loading=\"lazy\" decoding=\"async\" alt=\"Eva Longoria\" fetchpriority=\"auto\" class=\"image ho-image\"\/>\u00a9 Getty Images<\/p>\n<p>  <img src=\"https:\/\/www.europesays.com\/es\/wp-content\/uploads\/2025\/10\/5bc2904fb6ac-gettyimages-2240004695.jpg\"   width=\"1080\" height=\"1800\" loading=\"lazy\" decoding=\"async\" alt=\"Eva Longoria\" fetchpriority=\"auto\" class=\"image ho-image\"\/>\u00a9 Getty Images<\/p>\n<p>  <img src=\"https:\/\/www.europesays.com\/es\/wp-content\/uploads\/2025\/10\/cc70024714f5-gettyimages-2240004737.jpg\"   width=\"1080\" height=\"1800\" loading=\"lazy\" decoding=\"async\" alt=\"Eva Longoria\" fetchpriority=\"auto\" class=\"image ho-image\"\/>\u00a9 Getty Images<\/p>\n<p> <img src=\"https:\/\/www.europesays.com\/es\/wp-content\/uploads\/2025\/10\/2912944b1e27-gettyimages-2239999432.jpg\"   width=\"692\" height=\"1024\" loading=\"lazy\" decoding=\"async\" alt=\"Eva Longoria\" fetchpriority=\"auto\" class=\"image ho-image\"\/>\u00a9 Getty Images<\/p>\n<p id=\"ex-rgodZHX3\" data-wc=\"105\">En concreto, Eva Longoria, que record\u00f3 al match de estilo que protagoniz\u00f3 este verano junto a Vicky Mart\u00edn Berrocal en Marbella, luci\u00f3 un favorecedor vestido muy luminoso de Victoria Beckham, que presentaba un favorecedor escote redondo con drapeado, no ten\u00eda mangas y con pespuntes y fruncidos desdibujaba la silueta, aunque enfatizaba la cintura. Como complementos, coordinaba su estilismo con un bolso de inspiraci\u00f3n geom\u00e9trica, un icono de la firma de la dise\u00f1adora brit\u00e1nica que, incluso, lleva su nombre: modelo Victoria (744 euros). Unas sandalias en tono dorado y discretas joyas hicieron de su look uno de los mejores que ha llevado en los \u00faltimos a\u00f1os.<\/p>\n<p> <img src=\"https:\/\/www.europesays.com\/es\/wp-content\/uploads\/2025\/10\/f73f654c6b46-gettyimages-2240037339.jpg\"   width=\"675\" height=\"1024\" loading=\"lazy\" decoding=\"async\" alt=\"Victoria Beckham\" fetchpriority=\"auto\" class=\"image ho-image\"\/>\u00a9 Getty Images<\/p>\n<p> <img src=\"https:\/\/www.europesays.com\/es\/wp-content\/uploads\/2025\/10\/5b17791326aa-gettyimages-2240038021.jpg\"   width=\"1080\" height=\"1080\" loading=\"lazy\" decoding=\"async\" alt=\"Victoria Beckham\" fetchpriority=\"auto\" class=\"image ho-image\"\/>\u00a9 Getty Images<\/p>\n<p> <img src=\"https:\/\/www.europesays.com\/es\/wp-content\/uploads\/2025\/10\/235b8a067f1d-gettyimages-2240038092.jpg\"   width=\"752\" height=\"1024\" loading=\"lazy\" decoding=\"async\" alt=\"Victoria Beckham\" fetchpriority=\"auto\" class=\"image ho-image\"\/>\u00a9 Getty Images<\/p>\n<p>  <img src=\"https:\/\/www.europesays.com\/es\/wp-content\/uploads\/2025\/10\/d752f7a6c7b7-gettyimages-2240037336.jpg\"   width=\"1080\" height=\"1800\" loading=\"lazy\" decoding=\"async\" alt=\"Victoria Beckham\" fetchpriority=\"auto\" class=\"image ho-image\"\/>\u00a9 Getty Images<\/p>\n<p>  <img src=\"https:\/\/www.europesays.com\/es\/wp-content\/uploads\/2025\/10\/63bc473c957c-victoria-beckham-resort-po-s26-016.jpg\"   width=\"1080\" height=\"1800\" loading=\"lazy\" decoding=\"async\" alt=\"Victoria Beckham\" fetchpriority=\"auto\" class=\"image ho-image\"\/>\u00a9 Launchmetrics Spotlight<\/p>\n<p>Victoria Beckham, todo \u00e9xitos<\/p>\n<p id=\"eB7W10xX4vx\" data-wc=\"84\">Como perfecta embajadora de su propia firma, cuyo lanzamiento oficial tuvo lugar en 2008 y ha llegado a convertirse en <a class=\"hm-link ho-link\" href=\"https:\/\/www.hola.com\/moda\/20250801847053\/victoria-beckham-looks-reina-letizia-rania-jordania-kate-middleton\/\" data-mrf-recirculation=\"article-body-link\" rel=\"nofollow noopener\" target=\"_blank\">favorita de la realeza<\/a> (inolvidable su <a class=\"hm-link ho-link\" href=\"https:\/\/www.hola.com\/moda\/actualidad\/20230512231818\/reina-letizia-vestido-verde-victoria-beckham-tienda-londres\/\" data-mrf-recirculation=\"article-body-link\" rel=\"nofollow noopener\" target=\"_blank\">vestido verde que luci\u00f3 la reina Letizia en Londres<\/a>), Victoria Beckham apost\u00f3 por llevar un conjunto blanco, compuesto por chaqueta de hombros marcados y falda midi de talle elevado, abertura lateral y largo hasta pies. Esas prendas de su colecci\u00f3n Resort 2026 las acompa\u00f1\u00f3 de un top con pronunciado escote en V y unas sandalias en color negro.<\/p>\n","protected":false},"excerpt":{"rendered":"Gran d\u00eda para la plataforma Netflix, para los fans de las Spice Grils y, en concreto, para los&hellip;\n","protected":false},"author":2,"featured_media":165671,"comment_status":"","ping_status":"","sticky":false,"template":"","format":"standard","meta":{"footnotes":""},"categories":[174],"tags":[1024,255,253,146,147,25,24,4566,256,1023,23,48747,3063],"class_list":{"0":"post-165670","1":"post","2":"type-post","3":"status-publish","4":"format-standard","5":"has-post-thumbnail","7":"category-famosos","8":"tag-actualidad-moda","9":"tag-celebrities","10":"tag-discover","11":"tag-entertainment","12":"tag-entretenimiento","13":"tag-es","14":"tag-espana","15":"tag-eva-longoria","16":"tag-famosos","17":"tag-moda","18":"tag-spain","19":"tag-vestidos-de-invitada","20":"tag-victoria-beckham"},"share_on_mastodon":{"url":"","error":""},"_links":{"self":[{"href":"https:\/\/www.europesays.com\/es\/wp-json\/wp\/v2\/posts\/165670","targetHints":{"allow":["GET"]}}],"collection":[{"href":"https:\/\/www.europesays.com\/es\/wp-json\/wp\/v2\/posts"}],"about":[{"href":"https:\/\/www.europesays.com\/es\/wp-json\/wp\/v2\/types\/post"}],"author":[{"embeddable":true,"href":"https:\/\/www.europesays.com\/es\/wp-json\/wp\/v2\/users\/2"}],"replies":[{"embeddable":true,"href":"https:\/\/www.europesays.com\/es\/wp-json\/wp\/v2\/comments?post=165670"}],"version-history":[{"count":0,"href":"https:\/\/www.europesays.com\/es\/wp-json\/wp\/v2\/posts\/165670\/revisions"}],"wp:featuredmedia":[{"embeddable":true,"href":"https:\/\/www.europesays.com\/es\/wp-json\/wp\/v2\/media\/165671"}],"wp:attachment":[{"href":"https:\/\/www.europesays.com\/es\/wp-json\/wp\/v2\/media?parent=165670"}],"wp:term":[{"taxonomy":"category","embeddable":true,"href":"https:\/\/www.europesays.com\/es\/wp-json\/wp\/v2\/categories?post=165670"},{"taxonomy":"post_tag","embeddable":true,"href":"https:\/\/www.europesays.com\/es\/wp-json\/wp\/v2\/tags?post=165670"}],"curies":[{"name":"wp","href":"https:\/\/api.w.org\/{rel}","templated":true}]}}