{"id":165674,"date":"2025-10-09T18:15:20","date_gmt":"2025-10-09T18:15:20","guid":{"rendered":"https:\/\/www.europesays.com\/es\/165674\/"},"modified":"2025-10-09T18:15:20","modified_gmt":"2025-10-09T18:15:20","slug":"pensar-para-militar-decima-feria-del-libro-peronista","status":"publish","type":"post","link":"https:\/\/www.europesays.com\/es\/165674\/","title":{"rendered":"Pensar para militar | D\u00e9cima Feria del Libro Peronista"},"content":{"rendered":"<p>Desde hoy y hasta el s\u00e1bado se realizar\u00e1 la D\u00e9cima Feria del Libro Peronista de Rosario en la sede del Partido Justicialista (Sarmiento 1735), consolidada como un espacio de pensamiento, cultura popular y militancia, donde libros, debates, m\u00fasica y comunidad se entrelazan en torno a una misma bandera: Amar a Per\u00f3n.<\/p>\n<p>En un contexto pol\u00edtico decisivo, la feria se propone tambi\u00e9n como un \u00e1mbito de encuentro de cara a las pr\u00f3ximas elecciones en Santa Fe, acompa\u00f1ando a los candidatos de Fuerza Patria frente al saqueo libertario que impulsa el gobierno nacional de Milei y a la gesti\u00f3n del gobernador Pullaro, c\u00f3mplice del modelo de desigualdad y deterioro en el territorio santafesino.<\/p>\n<p>En los conversatorios centrales, se abordar\u00e1 \u00abEconom\u00eda, tecnolog\u00eda y producci\u00f3n conveniente\u00bb, con Eduardo Dvorkin, Jorge Zaccanini, Virginia Scotta, Carlos Norryh y Emanuel Ciarroca; \u00abMalvinas hoy y siempre\u00bb, con Carla Morasso, Ezequiel Magnani, Pablo Garello y Ludmila Mattern y los 80 a\u00f1os del 17 de Octubre, donde se discutir\u00e1 la vigencia y los desaf\u00edos de la hist\u00f3rica plaza.<\/p>\n<p>\u00abEstos conversatorios son espacios donde circula el conocimiento, se comparten experiencias y se ponen en di\u00e1logo distintas miradas sobre la realidad nacional, el trabajo, la soberan\u00eda y el futuro del pa\u00eds. La feria consolida as\u00ed su car\u00e1cter formativo, militante y participativo, convocando a intelectuales, trabajadores, artistas y militantes a reflexionar colectivamente\u00bb, apuntaron desde la organizaci\u00f3n.<\/p>\n<p>En tanto, ma\u00f1ana se har\u00e1 un homenaje a Leonardo Favio, en el marco de los 50 a\u00f1os del estreno de Nazareno Cruz y el lobo. En la ocasi\u00f3n, se presentar\u00e1 el libro Cineasta del Pueblo (Colecci\u00f3n Estaci\u00f3n Cine, Ed. Ciudad G\u00f3tica) a cargo de Sergio Luis Fuster, junto a una intervenci\u00f3n musical y textual titulada Nazareno Cruz en la Salamanca, con Claudio D\u00eddoli, Magal\u00ed Besson, Sergio Gauna y Pablo Su\u00e1rez.<\/p>\n<p>En tanto, el s\u00e1bado se presentar\u00e1 Muerta o Presa, de Irina Hauser (Ed. Planeta), una obra que aborda las persecuciones judiciales a Cristina Fern\u00e1ndez de Kirchner y se inscribe en la defensa de la democracia y el Estado de Derecho.<\/p>\n<p>La feria culminar\u00e1 el s\u00e1bado 11 por la noche con una gran fiesta y pe\u00f1a popular, con presentaciones de La Bogare\u00f1a, JP, Arlequino, Fr\u00e9neci, Las Musas y muchos m\u00e1s.<\/p>\n<p>Desde su primera edici\u00f3n, la Feria del Libro Peronista se consolid\u00f3 como una cita obligada para la militancia, el pensamiento nacional y las editoriales que mantienen viva la palabra de Per\u00f3n, Evita, la doctrina y la historia de lucha del movimiento nacional.<\/p>\n<p>En esta d\u00e9cima edici\u00f3n se vuelve a reafirmar el compromiso con la unidad del espacio pol\u00edtico, la soberan\u00eda, la historia y nuestra cultura popular, en momentos de ajuste y entrega del patrimonio nacional.<\/p>\n<p>M\u00e1s informaci\u00f3n y programaci\u00f3n completa: <a href=\"https:\/\/institutojdp.com.ar\/10-feria-del-libro-peronista\/\" target=\"_blank\" rel=\"nofollow noopener\">https:\/\/institutojdp.com.ar\/10-feria-del-libro-peronista\/<\/a><\/p>\n","protected":false},"excerpt":{"rendered":"Desde hoy y hasta el s\u00e1bado se realizar\u00e1 la D\u00e9cima Feria del Libro Peronista de Rosario en la&hellip;\n","protected":false},"author":2,"featured_media":165675,"comment_status":"","ping_status":"","sticky":false,"template":"","format":"standard","meta":{"footnotes":""},"categories":[172],"tags":[224,777,146,147,25,24,225,23],"class_list":{"0":"post-165674","1":"post","2":"type-post","3":"status-publish","4":"format-standard","5":"has-post-thumbnail","7":"category-libros","8":"tag-books","9":"tag-ciudad","10":"tag-entertainment","11":"tag-entretenimiento","12":"tag-es","13":"tag-espana","14":"tag-libros","15":"tag-spain"},"share_on_mastodon":{"url":"","error":""},"_links":{"self":[{"href":"https:\/\/www.europesays.com\/es\/wp-json\/wp\/v2\/posts\/165674","targetHints":{"allow":["GET"]}}],"collection":[{"href":"https:\/\/www.europesays.com\/es\/wp-json\/wp\/v2\/posts"}],"about":[{"href":"https:\/\/www.europesays.com\/es\/wp-json\/wp\/v2\/types\/post"}],"author":[{"embeddable":true,"href":"https:\/\/www.europesays.com\/es\/wp-json\/wp\/v2\/users\/2"}],"replies":[{"embeddable":true,"href":"https:\/\/www.europesays.com\/es\/wp-json\/wp\/v2\/comments?post=165674"}],"version-history":[{"count":0,"href":"https:\/\/www.europesays.com\/es\/wp-json\/wp\/v2\/posts\/165674\/revisions"}],"wp:featuredmedia":[{"embeddable":true,"href":"https:\/\/www.europesays.com\/es\/wp-json\/wp\/v2\/media\/165675"}],"wp:attachment":[{"href":"https:\/\/www.europesays.com\/es\/wp-json\/wp\/v2\/media?parent=165674"}],"wp:term":[{"taxonomy":"category","embeddable":true,"href":"https:\/\/www.europesays.com\/es\/wp-json\/wp\/v2\/categories?post=165674"},{"taxonomy":"post_tag","embeddable":true,"href":"https:\/\/www.europesays.com\/es\/wp-json\/wp\/v2\/tags?post=165674"}],"curies":[{"name":"wp","href":"https:\/\/api.w.org\/{rel}","templated":true}]}}