{"id":165678,"date":"2025-10-09T18:17:09","date_gmt":"2025-10-09T18:17:09","guid":{"rendered":"https:\/\/www.europesays.com\/es\/165678\/"},"modified":"2025-10-09T18:17:09","modified_gmt":"2025-10-09T18:17:09","slug":"tu-vieja-radio-analogica-fm-ya-tiene-sustituta-no-habra-apagon-pero-asi-sera-el-despliegue-de-la-tecnologia-dab-en-espana","status":"publish","type":"post","link":"https:\/\/www.europesays.com\/es\/165678\/","title":{"rendered":"Tu vieja radio anal\u00f3gica FM ya tiene sustituta. No habr\u00e1 \u00abapag\u00f3n\u00bb, pero as\u00ed ser\u00e1 el despliegue de la tecnolog\u00eda DAB+ en Espa\u00f1a"},"content":{"rendered":"<p>Lleva con nosotros <strong>m\u00e1s de un siglo<\/strong>, pero muchos seguimos usando <a class=\"text-outboundlink\" href=\"https:\/\/www.xatakahome.com\/ocio\/historia-radio-origenes-primeros-receptores\" data-vars-post-title=\"Historia de la Radio (I): Or\u00edgenes y primeros receptores\" data-vars-post-url=\"https:\/\/www.xatakahome.com\/ocio\/historia-radio-origenes-primeros-receptores\" rel=\"nofollow noopener\" target=\"_blank\">la radio<\/a> a diario para estar <strong>informados o entretenidos,<\/strong> escuchando m\u00fasica a trav\u00e9s de un sencillo receptor y una antena que sintoniza la frecuencia modulada deseada, tanto en casa como en el trabajo o el coche.<\/p>\n<p>Y durante el pasado <strong>apag\u00f3n general<\/strong> <a class=\"text-outboundlink\" href=\"https:\/\/www.xatakahome.com\/a-fondo\/radio-fm-tiene-brillante-sucesor-asi-tecnologia-dab-que-crece-europa-espana-sigue-estancada\" data-vars-post-title=\"La radio FM nos salv\u00f3 a muchos del apag\u00f3n informativo. Ya tiene fecha de caducidad pero en Espa\u00f1a no hemos hecho los deberes\" data-vars-post-url=\"https:\/\/www.xatakahome.com\/a-fondo\/radio-fm-tiene-brillante-sucesor-asi-tecnologia-dab-que-crece-europa-espana-sigue-estancada\" rel=\"nofollow noopener\" target=\"_blank\">la radio nos salv\u00f3<\/a> de un corte informativo total cuando no pudimos utilizar la televisi\u00f3n y las redes m\u00f3viles quedaron inaccesibles, a pesar de que parece que este medio de comunicaci\u00f3n ha podido quedar obsoleto t\u00e9cnicamente hablando.<\/p>\n<p>La realidad es que lleva tiempo perfil\u00e1ndose el salto de la cl\u00e1sica <strong>radio FM anal\u00f3gica <\/strong>a su <a class=\"text-outboundlink\" href=\"https:\/\/www.xatakamovil.com\/conectividad\/que-radio-dab-asi-tecnologia-que-sustituira-a-radio-fm\" data-vars-post-title=\"Qu\u00e9 es la radio DAB+: as\u00ed es la tecnolog\u00eda que sustituir\u00e1 a la radio FM \" data-vars-post-url=\"https:\/\/www.xatakamovil.com\/conectividad\/que-radio-dab-asi-tecnologia-que-sustituira-a-radio-fm\" rel=\"nofollow noopener\" target=\"_blank\">versi\u00f3n digital DAB+<\/a>, muy superior tanto en capacidades como en calidad de sonido y funciones adicionales.<\/p>\n<p>    <a href=\"https:\/\/www.xatakahome.com\/servicios-y-aplicaciones-de-audio\/radio-digital-tiene-interesante-as-manga-caso-emergencias-gobierno-estudia-como-podemos-aprovecharlo\" class=\"pivot-outboundlink\" data-vars-post-title=\"La radio digital tiene un interesante as bajo la manga en caso de emergencias: el Gobierno estudia c\u00f3mo podemos aprovecharlo \" rel=\"nofollow noopener\" target=\"_blank\"><br \/>\n     <img loading=\"lazy\" decoding=\"async\" alt=\"La radio digital tiene un interesante as bajo la manga en caso de emergencias: el Gobierno estudia c\u00f3mo podemos aprovecharlo \" width=\"375\" height=\"142\" src=\"https:\/\/www.europesays.com\/es\/wp-content\/uploads\/2025\/10\/1760033829_924_375_142.jpeg\"\/><br \/>\n    <\/a><\/p>\n<p>La implantaci\u00f3n de la radio DAB+ en Espa\u00f1a, un paso m\u00e1s cerca<\/p>\n<p>El Ministerio para la Transformaci\u00f3n Digital y de la Funci\u00f3n P\u00fablica <a class=\"text-outboundlink\" href=\"https:\/\/www.xatakahome.com\/ocio\/historia-radio-origenes-primeros-receptores\" data-vars-post-title=\"Historia de la Radio (I): Or\u00edgenes y primeros receptores\" data-vars-post-url=\"https:\/\/www.xatakahome.com\/ocio\/historia-radio-origenes-primeros-receptores\" rel=\"nofollow noopener\" target=\"_blank\">ha abierto a audiencia p\u00fablica<\/a> el proyecto de real decreto que impulsa la transici\u00f3n de la radio digital terrestre en Espa\u00f1a hacia el est\u00e1ndar <strong>DAB+ (Digital Audio Broadcasting Plus).<\/strong><\/p>\n<p>La iniciativa busca modernizar el sector radiof\u00f3nico con una tecnolog\u00eda m\u00e1s eficiente y robusta frente a interferencias, que adem\u00e1s permite funciones avanzadas como el <strong>Sistema de Alerta Autom\u00e1tica de Seguridad (ASA)<\/strong> del que habl\u00e1bamos en <a class=\"text-outboundlink\" href=\"https:\/\/www.xatakahome.com\/servicios-y-aplicaciones-de-audio\/radio-digital-tiene-interesante-as-manga-caso-emergencias-gobierno-estudia-como-podemos-aprovecharlo\" data-vars-post-title=\"La radio digital tiene un interesante as bajo la manga en caso de emergencias: el Gobierno estudia c\u00f3mo podemos aprovecharlo \" data-vars-post-url=\"https:\/\/www.xatakahome.com\/servicios-y-aplicaciones-de-audio\/radio-digital-tiene-interesante-as-manga-caso-emergencias-gobierno-estudia-como-podemos-aprovecharlo\" rel=\"nofollow noopener\" target=\"_blank\">este art\u00edculo<\/a>, que puede emitir mensajes de emergencia localizados con informaci\u00f3n hablada, texto e im\u00e1genes.\u00a0<\/p>\n<p><strong>\u00bfCu\u00e1ndo y c\u00f3mo ser\u00e1 el despliegue de la radio DAB+?<\/strong> Para las emisiones de \u00e1mbito estatal, el texto establece que la evoluci\u00f3n a esta tecnolog\u00eda ser\u00e1 \u00abobligatoria y sincronizada\u00bb. A RTVE, emisora p\u00fablica nacional, se le atribuye un bloque de frecuencias en exclusiva que le va a permitir incrementar su capacidad de oferta de contenidos. El ente p\u00fablico deber\u00e1 <strong>alcanzar el 85% de la poblaci\u00f3n en un plazo de 24 meses.\u00a0<\/strong><\/p>\n<p>Por su parte, los licenciatarios privados se integrar\u00e1n en otro bloque, donde se mantendr\u00e1n las obligaciones de cobertura actual. No habr\u00e1 nuevos canales libres. Para los canales de \u00e1mbito auton\u00f3mico y local se plantea una <strong>evoluci\u00f3n a DAB+ en dos fases.<\/strong> En la primera fase cualquier radiodifusor podr\u00e1 migrar a DAB+ en cualquier momento y de manera independiente, siempre que no afecte al resto de operadores ni a la planificaci\u00f3n de canales.\u00a0<\/p>\n<p>En la segunda fase, a\u00fan sin fechas concretas de comienzo, cada comunidad aut\u00f3noma decidir\u00e1 el momento en el que, de manera \u00abobligatoria y sincronizada\u00bb, las emisiones de las redes de \u00e1mbito auton\u00f3mico y local de su comunidad se realizar\u00e1n <strong>exclusivamente con tecnolog\u00eda DAB+<\/strong>.<\/p>\n<p><strong>\u00bfHabr\u00e1 un apag\u00f3n de la radio anal\u00f3gica FM actual?<\/strong> Seg\u00fan ha comentado el Ministerio, el plan no afecta a las emisiones anal\u00f3gicas, por lo que se mantendr\u00e1 la situaci\u00f3n actual tanto en Onda Media (OM) como en Frecuencia Modulada (FM).<\/p>\n<p>Por el momento estas propuestas est\u00e1n enmarcadas dentro de una consulta p\u00fablica que permanecer\u00e1 abierta <strong>hasta el 4 de noviembre de 2025<\/strong>, con el objetivo de recabar aportaciones de ciudadanos, operadores y administraciones, antes de aprobar la normativa definitiva.<\/p>\n<p>Imagen portada | <a rel=\"nofollow, sponsored, noopener, noreferrer\" target=\"_blank\" class=\"js-ecommerce\" id=\"link-ecommerce-1\" href=\"https:\/\/www.xatakahome.com\/redirect?url=https%3A%2F%2Fwww.amazon.es%2FMangoKit-Despertador-presintonizadas-Auriculares-alimentaci%25C3%25B3n-Negro%2Fdp%2FB0CX8R6ZXW&amp;category=ocio&amp;ecomPostExpiration=not_classified&amp;postId=119528\" data-vars-affiliate-url=\"https:\/\/www.amazon.es\/MangoKit-Despertador-presintonizadas-Auriculares-alimentaci%C3%B3n-Negro\/dp\/B0CX8R6ZXW\">Mangokit en Amazon<\/a><\/p>\n<p>M\u00e1s informaci\u00f3n | <a rel=\"noopener, noreferrer nofollow\" href=\"https:\/\/television.digital.gob.es\/ayuda-ciudadano\/sala-prensa\/Paginas\/el-ministerio-de-transformacion-digital-somete-audiencia-publica-radio-dab.aspx\" target=\"_blank\">Ministerio para la Transformaci\u00f3n Digital y de la Funci\u00f3n P\u00fablica<\/a><\/p>\n<p>En Xataka SmartHome | <a class=\"text-outboundlink\" href=\"https:\/\/www.xatakahome.com\/tutoriales\/asi-he-convertido-cualquier-smart-tv-fire-tv-chromecast-radio-gigante-para-escuchar-emisoras-todo-mundo\" data-vars-post-title=\"As\u00ed he convertido cualquier Smart TV, un Fire TV o un Chromecast, en una radio gigante para escuchar emisoras de todo el mundo\" data-vars-post-url=\"https:\/\/www.xatakahome.com\/tutoriales\/asi-he-convertido-cualquier-smart-tv-fire-tv-chromecast-radio-gigante-para-escuchar-emisoras-todo-mundo\" rel=\"nofollow noopener\" target=\"_blank\">As\u00ed he convertido cualquier Smart TV, un Fire TV o un Chromecast, en una radio gigante para escuchar emisoras de todo el mundo<\/a><\/p>\n","protected":false},"excerpt":{"rendered":"Lleva con nosotros m\u00e1s de un siglo, pero muchos seguimos usando la radio a diario para estar informados&hellip;\n","protected":false},"author":2,"featured_media":165679,"comment_status":"","ping_status":"","sticky":false,"template":"","format":"standard","meta":{"footnotes":""},"categories":[170],"tags":[146,147,25,24,184,185,23],"class_list":{"0":"post-165678","1":"post","2":"type-post","3":"status-publish","4":"format-standard","5":"has-post-thumbnail","7":"category-musica","8":"tag-entertainment","9":"tag-entretenimiento","10":"tag-es","11":"tag-espana","12":"tag-music","13":"tag-musica","14":"tag-spain"},"share_on_mastodon":{"url":"","error":""},"_links":{"self":[{"href":"https:\/\/www.europesays.com\/es\/wp-json\/wp\/v2\/posts\/165678","targetHints":{"allow":["GET"]}}],"collection":[{"href":"https:\/\/www.europesays.com\/es\/wp-json\/wp\/v2\/posts"}],"about":[{"href":"https:\/\/www.europesays.com\/es\/wp-json\/wp\/v2\/types\/post"}],"author":[{"embeddable":true,"href":"https:\/\/www.europesays.com\/es\/wp-json\/wp\/v2\/users\/2"}],"replies":[{"embeddable":true,"href":"https:\/\/www.europesays.com\/es\/wp-json\/wp\/v2\/comments?post=165678"}],"version-history":[{"count":0,"href":"https:\/\/www.europesays.com\/es\/wp-json\/wp\/v2\/posts\/165678\/revisions"}],"wp:featuredmedia":[{"embeddable":true,"href":"https:\/\/www.europesays.com\/es\/wp-json\/wp\/v2\/media\/165679"}],"wp:attachment":[{"href":"https:\/\/www.europesays.com\/es\/wp-json\/wp\/v2\/media?parent=165678"}],"wp:term":[{"taxonomy":"category","embeddable":true,"href":"https:\/\/www.europesays.com\/es\/wp-json\/wp\/v2\/categories?post=165678"},{"taxonomy":"post_tag","embeddable":true,"href":"https:\/\/www.europesays.com\/es\/wp-json\/wp\/v2\/tags?post=165678"}],"curies":[{"name":"wp","href":"https:\/\/api.w.org\/{rel}","templated":true}]}}