{"id":165700,"date":"2025-10-09T18:30:09","date_gmt":"2025-10-09T18:30:09","guid":{"rendered":"https:\/\/www.europesays.com\/es\/165700\/"},"modified":"2025-10-09T18:30:09","modified_gmt":"2025-10-09T18:30:09","slug":"sergio-garcia-se-engancha-al-open-de-espana","status":"publish","type":"post","link":"https:\/\/www.europesays.com\/es\/165700\/","title":{"rendered":"Sergio Garc\u00eda se engancha al Open de Espa\u00f1a"},"content":{"rendered":"<p data-mrf-recirculation=\"Links P\u00e1rrafos\" class=\"ue-c-article__paragraph paragraph ue-c-article--first-letter-highlighted\">Si Jon Rahm (72 golpes) aglutin\u00f3 al gran p\u00fablico del Open de Espa\u00f1a durante la sesi\u00f3n de ma\u00f1ana en su partido con Shane Lowry y \u00c1ngel Hidalgo, <strong>Sergio Garc\u00eda (71)<\/strong> fue quien hizo lo propio por la tarde en su <strong>regreso al Abierto nacional seis a\u00f1os<\/strong> despu\u00e9s. Garc\u00eda err\u00f3 en varios putts cortos, lo que le impidi\u00f3 un mejor resultado, pero el golfista espa\u00f1ol <strong>regresaba a la competici\u00f3n por primera vez desde el final del LIV Golf en agosto.<\/strong><\/p>\n<p data-mrf-recirculation=\"Links P\u00e1rrafos\" class=\"ue-c-article__paragraph paragraph\">Era una buena oportunidad para la estrella espa\u00f1ola de recuperar las buenas sensaciones con las que hab\u00eda comenzado este a\u00f1o, pese a que luego se fueron diluyendo. El Open ser\u00e1 el \u00faltimo torneo de Sergio esta campa\u00f1a y su intenci\u00f3n es brillar en un <strong>evento que ya gan\u00f3 all\u00e1 por 2002.<\/strong><\/p>\n<p>Declaraciones de Sergio Garc\u00eda tras la jornada 1 del Open de Espa\u00f1a<\/p>\n<p data-mrf-recirculation=\"Links P\u00e1rrafos\" class=\"ue-c-article__paragraph paragraph\">El castellonense <strong>empez\u00f3 pateando para birdie en el 1 y el 2<\/strong>, con muy buenas sensaciones, y en el 3 efectu\u00f3 una salida realmente mala. El cuarto del d\u00eda (par 5) lo jug\u00f3 de tiral\u00edneas y <strong>pate\u00f3 para eagle, aunque sali\u00f3 con birdie<\/strong>. En el 6 tripate\u00f3 tras un flojo tiro a green. El ganador del Masters 2017 sali\u00f3 airoso del 7 (su segundo par 5) con un par y sigui\u00f3 rozando el biride en lo sucesivo hasta llegar <strong>al 10, donde firm\u00f3 otro inesperado tripateo.<\/strong><\/p>\n<p data-mrf-recirculation=\"Links P\u00e1rrafos\" class=\"ue-c-article__paragraph paragraph\">Esos putts cortos que ven\u00edan precedidos de otros bastantes largos fueron su tal\u00f3n de Aquiles. Del 11 al 13 incluidos fueron hoyos err\u00e1ticos y <strong>en el 14 se desquit\u00f3 con un eagle, pero es que no estuvo lejos del albatros<\/strong>. La vuelta de Garc\u00eda se enderez\u00f3 por completo y desde ese momento <strong>cualquier golpe fue al sitio correcto, aunque s\u00f3lo pudo sellar otro birdie en el 18.<\/strong><\/p>\n<p data-mrf-recirculation=\"Links P\u00e1rrafos\" class=\"ue-c-article__paragraph paragraph\"><strong>\u201cEl eagle me ha ayudado, pero mis sensaciones no han sido de que he jugado fatal los 13 primeros hoyos<\/strong>. He dado alg\u00fan golpe malo aqu\u00ed o all\u00ed, pero no he notado que le haya pegado mal. <strong>El campo estaba complicado con greenes muy duros en algunas zonas y blandos en otras y depend\u00eda de donde la botaras<\/strong>. Ha sido uno de esos d\u00edas en los que botaba en el sitio incorrecto, pero he peleado y he maquillado la vuelta al final. He pegado golpes buenos que no se han llevado premio, pero el golf es as\u00ed\u201d, explic\u00f3 el de Borriol tras finalizar.<\/p>\n<p data-mrf-recirculation=\"Links P\u00e1rrafos\" class=\"ue-c-article__paragraph paragraph\">\u201cMe hubiera gustado hacer dos o tres bajo par, pero no ha estado f\u00e1cil y el viernes intentar\u00e9 hacer una vuelta buena. <strong>\u00bfLa inactividad? No le he pegado mal hoy a la bola, pero en l\u00edneas generales mis sensaciones no han sido malas\u201d.<\/strong><\/p>\n","protected":false},"excerpt":{"rendered":"Si Jon Rahm (72 golpes) aglutin\u00f3 al gran p\u00fablico del Open de Espa\u00f1a durante la sesi\u00f3n de ma\u00f1ana&hellip;\n","protected":false},"author":2,"featured_media":165701,"comment_status":"","ping_status":"","sticky":false,"template":"","format":"standard","meta":{"footnotes":""},"categories":[275],"tags":[168,25,24,329,23,167],"class_list":{"0":"post-165700","1":"post","2":"type-post","3":"status-publish","4":"format-standard","5":"has-post-thumbnail","7":"category-golf","8":"tag-deportes","9":"tag-es","10":"tag-espana","11":"tag-golf","12":"tag-spain","13":"tag-sports"},"share_on_mastodon":{"url":"","error":""},"_links":{"self":[{"href":"https:\/\/www.europesays.com\/es\/wp-json\/wp\/v2\/posts\/165700","targetHints":{"allow":["GET"]}}],"collection":[{"href":"https:\/\/www.europesays.com\/es\/wp-json\/wp\/v2\/posts"}],"about":[{"href":"https:\/\/www.europesays.com\/es\/wp-json\/wp\/v2\/types\/post"}],"author":[{"embeddable":true,"href":"https:\/\/www.europesays.com\/es\/wp-json\/wp\/v2\/users\/2"}],"replies":[{"embeddable":true,"href":"https:\/\/www.europesays.com\/es\/wp-json\/wp\/v2\/comments?post=165700"}],"version-history":[{"count":0,"href":"https:\/\/www.europesays.com\/es\/wp-json\/wp\/v2\/posts\/165700\/revisions"}],"wp:featuredmedia":[{"embeddable":true,"href":"https:\/\/www.europesays.com\/es\/wp-json\/wp\/v2\/media\/165701"}],"wp:attachment":[{"href":"https:\/\/www.europesays.com\/es\/wp-json\/wp\/v2\/media?parent=165700"}],"wp:term":[{"taxonomy":"category","embeddable":true,"href":"https:\/\/www.europesays.com\/es\/wp-json\/wp\/v2\/categories?post=165700"},{"taxonomy":"post_tag","embeddable":true,"href":"https:\/\/www.europesays.com\/es\/wp-json\/wp\/v2\/tags?post=165700"}],"curies":[{"name":"wp","href":"https:\/\/api.w.org\/{rel}","templated":true}]}}