{"id":165711,"date":"2025-10-09T18:37:08","date_gmt":"2025-10-09T18:37:08","guid":{"rendered":"https:\/\/www.europesays.com\/es\/165711\/"},"modified":"2025-10-09T18:37:08","modified_gmt":"2025-10-09T18:37:08","slug":"solo-con-una-palabra-maria-patino-ha-dejado-claro-lo-que-siente-al-ver-a-silvia-intxaurrondo","status":"publish","type":"post","link":"https:\/\/www.europesays.com\/es\/165711\/","title":{"rendered":"Solo con una palabra Mar\u00eda Pati\u00f1o ha dejado claro lo que siente al ver a Silvia Intxaurrondo"},"content":{"rendered":"<p><a href=\"https:\/\/www.huffingtonpost.es\/virales\/silvia-intxaurrondo-hablano-ocurrio-comentada-entrevista-feijoo.html\" rel=\"nofollow noopener\" target=\"_blank\"><b>La periodista y presentadora de La hora de la 1, Silvia Intxaurrondo<\/b><\/a>, y el escritor Arturo P\u00e9rez-Reverte han sido los protagonistas en la noche de este mi\u00e9rcoles del estreno de la segunda temporada del espacio de La 2 de RTVE En Primicia.<\/p>\n<p>De todo lo que respondiendo y confesaron ambos, fue una parte de la conversaci\u00f3n con la comunicadora la que m\u00e1s viral se hizo. En este fragmento,<a href=\"https:\/\/www.huffingtonpost.es\/virales\/silvia-intxaurrondo-revela-mensaje-recibio-tres-minutos-acabar-famosa-entrevista-feijoo-2023.html\" rel=\"nofollow noopener\" target=\"_blank\"> Intxaurrondo ha contado el mensaje que recibi\u00f3\u00a0tres minutos antes<\/a> de que acabase <b>la famosa entrevista que le hizo al dirigente del PP, Alberto N\u00fa\u00f1ez Feij\u00f3o<\/b>, el\u00a017 de julio de 2023, a escasos seis d\u00edas de las elecciones generales.<\/p>\n<p><b>\u00abNo es correcto, se\u00f1or Feij\u00f3o. No lo hicieron ni en 2012, ni 2013 ni 2017<\/b>\u00ab, le dijo la periodista en aquella entrevista despu\u00e9s de que\u00a0Feij\u00f3o dijera que su partido siempre hab\u00eda revalorizado las pensiones conforme al IPC.\u00a0<\/p>\n<p>Ahora ha vuelto a recordar aquella entrevista: <b>\u00abEstaba segura de mis datos. Los hab\u00eda chequeado<\/b>. Que alguien me diga, \u00bfva a rectificar? A rectificar unos datos que tengo seguros, no. Creo que el dato es lo que me dio la entereza de seguir. Puede decirme lo que me d\u00e9 la gana pero s\u00e9 que la verdad est\u00e1 conmigo\u00bb.<\/p>\n<p>Adem\u00e1s, ha se\u00f1alado que\u00a0a tres minutos de que terminase el programa un miembro de la alta direcci\u00f3n de TVE le escribi\u00f3 <b>un mensaje en el que le dec\u00eda \u00abtranquila\u00bb<\/b>.\u00a0\u00abSiempre recordar\u00e9 ese mensaje porque yo hasta las 10:37 no tuve noticia de la que se estaba montando\u00bb, ha recordado.\u00a0<\/p>\n<p>Este momento se ha hecho viral, pero las reacciones han llegado incluso antes de que se emitiera el programa. Por ejemplo, la periodista Mar\u00eda Pati\u00f1o ha compartido un avance que hab\u00eda subido la propia Intxaurrondo a X promocionando el programa con una cita que consist\u00eda en una \u00fanica palabra: <b>\u00abAdmiraci\u00f3n\u00bb.\u00a0<\/b>Adem\u00e1s, en otro tuit, Pati\u00f1o la ha descrito como \u00abincisiva, periodismo puro\u00bb.<\/p>\n","protected":false},"excerpt":{"rendered":"La periodista y presentadora de La hora de la 1, Silvia Intxaurrondo, y el escritor Arturo P\u00e9rez-Reverte han&hellip;\n","protected":false},"author":2,"featured_media":165712,"comment_status":"","ping_status":"","sticky":false,"template":"","format":"standard","meta":{"footnotes":""},"categories":[174],"tags":[255,146,147,25,24,256,2057,14219,23,807,3156],"class_list":{"0":"post-165711","1":"post","2":"type-post","3":"status-publish","4":"format-standard","5":"has-post-thumbnail","7":"category-famosos","8":"tag-celebrities","9":"tag-entertainment","10":"tag-entretenimiento","11":"tag-es","12":"tag-espana","13":"tag-famosos","14":"tag-maria-patino","15":"tag-silvia-intxaurrondo","16":"tag-spain","17":"tag-television","18":"tag-tve"},"share_on_mastodon":{"url":"","error":""},"_links":{"self":[{"href":"https:\/\/www.europesays.com\/es\/wp-json\/wp\/v2\/posts\/165711","targetHints":{"allow":["GET"]}}],"collection":[{"href":"https:\/\/www.europesays.com\/es\/wp-json\/wp\/v2\/posts"}],"about":[{"href":"https:\/\/www.europesays.com\/es\/wp-json\/wp\/v2\/types\/post"}],"author":[{"embeddable":true,"href":"https:\/\/www.europesays.com\/es\/wp-json\/wp\/v2\/users\/2"}],"replies":[{"embeddable":true,"href":"https:\/\/www.europesays.com\/es\/wp-json\/wp\/v2\/comments?post=165711"}],"version-history":[{"count":0,"href":"https:\/\/www.europesays.com\/es\/wp-json\/wp\/v2\/posts\/165711\/revisions"}],"wp:featuredmedia":[{"embeddable":true,"href":"https:\/\/www.europesays.com\/es\/wp-json\/wp\/v2\/media\/165712"}],"wp:attachment":[{"href":"https:\/\/www.europesays.com\/es\/wp-json\/wp\/v2\/media?parent=165711"}],"wp:term":[{"taxonomy":"category","embeddable":true,"href":"https:\/\/www.europesays.com\/es\/wp-json\/wp\/v2\/categories?post=165711"},{"taxonomy":"post_tag","embeddable":true,"href":"https:\/\/www.europesays.com\/es\/wp-json\/wp\/v2\/tags?post=165711"}],"curies":[{"name":"wp","href":"https:\/\/api.w.org\/{rel}","templated":true}]}}