{"id":165713,"date":"2025-10-09T18:38:11","date_gmt":"2025-10-09T18:38:11","guid":{"rendered":"https:\/\/www.europesays.com\/es\/165713\/"},"modified":"2025-10-09T18:38:11","modified_gmt":"2025-10-09T18:38:11","slug":"arquitectura-malaga-el-historico-edificio-melilla-31-de-malaga-reconocido-como-icono-de-la-arquitectura-moderna","status":"publish","type":"post","link":"https:\/\/www.europesays.com\/es\/165713\/","title":{"rendered":"ARQUITECTURA M\u00c1LAGA | El hist\u00f3rico edificio \u00abMelilla 31\u00bb de M\u00e1laga, reconocido como icono de la arquitectura moderna"},"content":{"rendered":"<p class=\"ft-text\">El hist\u00f3rico <strong>edificio \u00abMelilla 31\u00bb<\/strong> de La Malagueta, obra del arquitecto madrile\u00f1o<strong> Antonio Lamela<\/strong> (1926-2017), es ya oficialmente un <a class=\"ft-link ft-link--decoration\" href=\"https:\/\/docomomoiberico.com\/edificios\/edificio-en-el-paseo-maritimo\/\" target=\"_blank\" rel=\"nofollow noopener\">icono de la arquitectura moderna<\/a>, despu\u00e9s de que as\u00ed lo haya reconocido la <a class=\"ft-link ft-link--decoration\" href=\"https:\/\/docomomoiberico.com\/\" target=\"_blank\" rel=\"nofollow noopener\">Fundaci\u00f3n Docomomo Ib\u00e9rico<\/a>, dedicada al reconocimiento y la promoci\u00f3n del Movimiento Moderno.<\/p>\n<p class=\"ft-text\">El <a class=\"ft-link ft-link--decoration\" href=\"https:\/\/www.laopiniondemalaga.es\/tags\/colegio-de-arquitectos-de-malaga.html\" rel=\"nofollow noopener\" target=\"_blank\">Colegio de Arquitectos de M\u00e1laga<\/a> coloc\u00f3 en la tarde de ayer, 8 de octubre, la placa de esta entidad en la fachada del edificio, que se sit\u00faa en el <strong>paseo mar\u00edtimo Ciudad de Melilla, 23<\/strong>, reconociendo as\u00ed su valor patrimonial y su <strong>car\u00e1cter paradigm\u00e1tico dentro de la arquitectura moderna<\/strong>. Se construy\u00f3 entre 1967 y 1971 y constituye uno de los ejemplos m\u00e1s notables de la modernidad en la costa malague\u00f1a.<\/p>\n<p class=\"ft-text\">En el acto participaron el arquitecto Carlos Lamela, hijo del autor del edificio, y la decana del <a class=\"ft-link ft-link--decoration\" href=\"https:\/\/www.laopiniondemalaga.es\/tags\/educacion-en-malaga\/\" target=\"_blank\" rel=\"nofollow noopener\">Colegio<\/a> de Arquitectos de <a class=\"ft-link ft-link--decoration\" href=\"https:\/\/www.laopiniondemalaga.es\/malaga\/\" target=\"_blank\" rel=\"nofollow noopener\">M\u00e1laga<\/a>, Susana G\u00f3mez de Lara, junto a otros miembros de la junta de gobierno de la instituci\u00f3n colegial y numerosos profesionales y ciudadanos que no quisieron perderse la visita posterior. Lamela comparti\u00f3 con los asistentes las claves del proyecto original y destac\u00f3 su relevancia dentro de la trayectoria de su padre, creador de obras emblem\u00e1ticas como las <strong>Torres de Col\u00f3n<\/strong> o la ampliaci\u00f3n del <strong>estadio Santiago Bernab\u00e9u<\/strong> en Madrid.<\/p>\n<p class=\"ft-text\">\u00abQue este edificio tenga este reconocimiento <strong>es un activo m\u00e1s para la capital malague\u00f1a<\/strong>\u00bb, se\u00f1al\u00f3 un emocionado Carlos Lamela. \u00abM\u00e1laga es una ciudad que en estos momentos mira con una enorme potencia hacia el futuro, y que tenga estos elementos de una determinada \u00e9poca y que pueda reconocer su pasado, es muy importante\u00bb, indic\u00f3.<\/p>\n<p><img decoding=\"async\" src=\"https:\/\/www.europesays.com\/es\/wp-content\/uploads\/2025\/10\/2af08722-7443-4368-af30-394263497994_alta-libre-aspect-ratio_default_0.jpg\" width=\"1200\" height=\"759\" alt=\"Carlos Lamela y Susana G\u00f3mez, en el edificio Melilla 31\" class=\"ft-helper-img-rd\" loading=\"lazy\" hasdataaida=\"true\"\/><\/p>\n<p class=\"ft-helper-fontColor-quaternary ft-helper-fontSize-body-S ft-helper-spacer-t-xxs\">Carlos Lamela y Susana G\u00f3mez, en el edificio Melilla 31  \/ L.O<\/p>\n<p>El edificio<\/p>\n<p class=\"ft-text\">En su dise\u00f1o, Antonio Lamela agrup\u00f3 las viviendas en tres vol\u00famenes verticales separados por sutiles chaflanes, que suavizan el desarrollo longitudinal de la fachada y otorgan ritmo y ligereza al conjunto. Las<strong> amplias terrazas con pretiles de vidrio y madera,<\/strong> el empleo de materiales nobles y el cuidado encuentro con el paseo mar\u00edtimo definen una arquitectura de gran calidad constructiva y sensibilidad pl\u00e1stica.<\/p>\n<p class=\"ft-text\">Uno de los elementos m\u00e1s singulares del edificio es su portal de acceso, resuelto mediante pilares de compleja geometr\u00eda piramidal de hormig\u00f3n armado abujardado y detalles en madera, donde Lamela<strong> logr\u00f3 una transici\u00f3n armoniosa entre el espacio urbano y el dom\u00e9stico.<\/strong> Este vest\u00edbulo, concebido como una pieza escult\u00f3rica de gran diafanidad, destaca por la integraci\u00f3n del mobiliario, el uso natural de la madera y los juegos de iluminaci\u00f3n directa e indirecta.<\/p>\n<p><img decoding=\"async\" src=\"https:\/\/www.europesays.com\/es\/wp-content\/uploads\/2025\/10\/cc8f4b2a-ce39-4e3c-9796-73f601a29738_alta-libre-aspect-ratio_default_0.jpg\" width=\"1200\" height=\"747\" alt=\"Reconocimiento en el edificio Melilla 31.\" class=\"ft-helper-img-rd\" loading=\"lazy\" hasdataaida=\"true\"\/><\/p>\n<p class=\"ft-helper-fontColor-quaternary ft-helper-fontSize-body-S ft-helper-spacer-t-xxs\">Reconocimiento en el edificio Melilla 31.  \/ L.O<\/p>\n<p>Movilizaci\u00f3n<\/p>\n<p class=\"ft-text\">El <a class=\"ft-link ft-link--decoration\" href=\"https:\/\/www.laopiniondemalaga.es\/malaga\/2021\/03\/17\/edificio-lamela-oficialmente-protegido-junta-43284405.html\" rel=\"nofollow noopener\" target=\"_blank\">edificio \u2018Melilla 31\u2019 est\u00e1 inscrito desde marzo de 2021 <\/a>en el Cat\u00e1logo General del Patrimonio Hist\u00f3rico Andaluz como Bien de Catalogaci\u00f3n General, en virtud de una orden de la Consejer\u00eda de Cultura publicada en el Bolet\u00edn Oficial de la <a class=\"ft-link ft-link--decoration\" href=\"https:\/\/www.laopiniondemalaga.es\/tags\/junta-de-andalucia\/\" target=\"_blank\" rel=\"nofollow noopener\">Junta de Andaluc\u00eda<\/a>. Su protecci\u00f3n integral fue el resultado de una importante movilizaci\u00f3n ciudadana y profesional iniciada en 2019. La iniciativa parti\u00f3 de algunos vecinos del propio edificio y cont\u00f3 con el apoyo del <strong>Colegio de Arquitectos, la Real Academia de Bellas Artes de San Telmo<\/strong>, numerosos profesionales del \u00e1mbito cultural y patrimonial, y el propio Carlos Lamela, que reclamaron su conservaci\u00f3n.<\/p>\n<p class=\"ft-text\">La resoluci\u00f3n de la Consejer\u00eda de Cultura subray\u00f3 que todo el edificio es depositario de \u201cuna arquitectura culta, a caballo entre la sencillez del racionalismo y un refinamiento pl\u00e1stico inusual en este periodo\u201d, y que su portal<strong> constituye \u201cun ejemplar \u00fanico\u201d <\/strong>por la calidad de su dise\u00f1o y su valor ambiental.<\/p>\n","protected":false},"excerpt":{"rendered":"El hist\u00f3rico edificio \u00abMelilla 31\u00bb de La Malagueta, obra del arquitecto madrile\u00f1o Antonio Lamela (1926-2017), es ya oficialmente&hellip;\n","protected":false},"author":2,"featured_media":165714,"comment_status":"","ping_status":"","sticky":false,"template":"","format":"standard","meta":{"footnotes":""},"categories":[173],"tags":[22655,801,229,233,231,230,48753,232,234,48752,1155,146,147,25,24,1903,3855,10255,14165,23],"class_list":{"0":"post-165713","1":"post","2":"type-post","3":"status-publish","4":"format-standard","5":"has-post-thumbnail","7":"category-arte-y-diseno","8":"tag-22655","9":"tag-arquitectura","10":"tag-arte","11":"tag-arte-y-diseno","12":"tag-arts","13":"tag-arts-and-design","14":"tag-carlos-lamela","15":"tag-design","16":"tag-diseno","17":"tag-docomomo","18":"tag-edificio","19":"tag-entertainment","20":"tag-entretenimiento","21":"tag-es","22":"tag-espana","23":"tag-historico","24":"tag-malaga","25":"tag-melilla","26":"tag-moderna","27":"tag-spain"},"share_on_mastodon":{"url":"","error":""},"_links":{"self":[{"href":"https:\/\/www.europesays.com\/es\/wp-json\/wp\/v2\/posts\/165713","targetHints":{"allow":["GET"]}}],"collection":[{"href":"https:\/\/www.europesays.com\/es\/wp-json\/wp\/v2\/posts"}],"about":[{"href":"https:\/\/www.europesays.com\/es\/wp-json\/wp\/v2\/types\/post"}],"author":[{"embeddable":true,"href":"https:\/\/www.europesays.com\/es\/wp-json\/wp\/v2\/users\/2"}],"replies":[{"embeddable":true,"href":"https:\/\/www.europesays.com\/es\/wp-json\/wp\/v2\/comments?post=165713"}],"version-history":[{"count":0,"href":"https:\/\/www.europesays.com\/es\/wp-json\/wp\/v2\/posts\/165713\/revisions"}],"wp:featuredmedia":[{"embeddable":true,"href":"https:\/\/www.europesays.com\/es\/wp-json\/wp\/v2\/media\/165714"}],"wp:attachment":[{"href":"https:\/\/www.europesays.com\/es\/wp-json\/wp\/v2\/media?parent=165713"}],"wp:term":[{"taxonomy":"category","embeddable":true,"href":"https:\/\/www.europesays.com\/es\/wp-json\/wp\/v2\/categories?post=165713"},{"taxonomy":"post_tag","embeddable":true,"href":"https:\/\/www.europesays.com\/es\/wp-json\/wp\/v2\/tags?post=165713"}],"curies":[{"name":"wp","href":"https:\/\/api.w.org\/{rel}","templated":true}]}}