{"id":165715,"date":"2025-10-09T18:39:21","date_gmt":"2025-10-09T18:39:21","guid":{"rendered":"https:\/\/www.europesays.com\/es\/165715\/"},"modified":"2025-10-09T18:39:21","modified_gmt":"2025-10-09T18:39:21","slug":"el-desconocimiento-del-pasado-permite-decir-que-la-dictadura-no-fue-para-tanto","status":"publish","type":"post","link":"https:\/\/www.europesays.com\/es\/165715\/","title":{"rendered":"\u00abEl desconocimiento del pasado permite decir que la dictadura no fue para tanto\u00bb"},"content":{"rendered":"<p>Julio Llamazares rinde un homenaje a su progenitor en &#8216;El viaje de mi padre&#8217;, su \u00faltimo libro en el que recupera el itinerario que realiz\u00f3  &#8230; aquel soldado entre su aldea leonesa, La Mata de la B\u00e9rbula, la ciudad de Teruel en plena Guerra Civil, y Castell\u00f3n. \u00abTrat\u00e9 de ver por d\u00f3nde fue, los lugares por los que pas\u00f3 de forma involuntaria\u00bb, explica el autor, que reconoce que el hogar familiar no sol\u00eda rememorarla. \u00abLa contienda produjo heridas morales y emocionales\u00bb, aduce. El creador protagonizar\u00e1 el encuentro que tendr\u00e1 lugar hoy, a partir de las 19.00 horas, en la Biblioteca de Bidebarrieta. El acto, organizado por la Fundaci\u00f3n Vocento y editorial Alfaguara, cuenta con el apoyo de BBK.<\/p>\n<p class=\"v-p\">Llamazares explica que el proyecto desarrollado con su libro tambi\u00e9n pretende recuperar un fen\u00f3meno hist\u00f3rico. \u00abCreo que es necesario para no repetir los mismos errores, ese desconocimiento del pasado que permite decir que la dictadura no fue para tanto\u00bb, advierte, y reconoce la existencia de una deuda \u00edntima que ha intentado solventar. \u00abYo sent\u00ed que ten\u00eda que haberle escuchado y decid\u00ed recorrer aquel camino para tratar de entenderlo\u00bb.<\/p>\n<p class=\"v-p\">As\u00ed, se embarc\u00f3 en la aventura de conocer aquellos lugares por los que Llamazares padre pas\u00f3 de forma involuntaria. \u00abNo quer\u00eda hablar mucho de ello y busqu\u00e9 respuestas en el paisaje, descubrir lo que vivieron todos los implicados\u00bb, apunta. \u00abTrat\u00e9 de entender el pa\u00eds y a m\u00ed mismo\u00bb con el proyecto m\u00e1s personal de cuantos ha llevado a cabo en el g\u00e9nero del viaje. \u00abSin duda, el m\u00edo es como el de otras familias que fueron partidas por la mitad\u00bb, alega. De hecho, dos de sus t\u00edos tomaron parte en un bando y otros tres en el otro por circunstancias aleatorias o convicciones ideol\u00f3gicas. <\/p>\n<p class=\"v-p\">No se trata de un asunto superado, en su opini\u00f3n. \u00abLa trinchera permanece, tal y como se aprecia en los debates parlamentarios\u00bb, lamenta, y se\u00f1ala que la obra rinde un tributo a tantos j\u00f3venes muertos y heridos. \u00abSe trata de un alegato contra la guerra y todos los que la hicieron. Mi padre luch\u00f3 en el bando nacional pero yo nunca lo vi como un vencedor, sino como un vencido que tuvo que arrostrar el sufrimiento que le proporcionaba haber presenciado esas escenas terribles\u00bb. <\/p>\n<p class=\"v-p\">Llamazares recorre el viaje en tren que realiz\u00f3 el recluta y atraviesa las provincias castellanas y aragonesas. \u00abEl itinerario transcurre por el espinazo del Sistema Ib\u00e9rico y eso hace m\u00e1s tr\u00e1gico el recuerdo\u00bb, arguye. Y es que apenas quedan pobladores donde perecieron miles de soldados. \u00abEso hace m\u00e1s absurda la guerra\u00bb.<\/p>\n<p>Muertos por congelaci\u00f3n<\/p>\n<p class=\"v-p\">Del escenario han desaparecido aquellas estaciones, los ferrocarriles, los ra\u00edles e, incluso, el intenso fr\u00edo que padeci\u00f3 su progenitor en el invierno de 1937 con temperaturas inferiores a los 20\u00ba. \u00abUna tercera parte de los entre 10.000 y 20.000 muertos que se cobr\u00f3 la batalla de Teruel, la m\u00e1s terrible de todo el conflicto, murieron por congelaci\u00f3n y eran j\u00f3venes de 18 a 20 a\u00f1os\u00bb. <\/p>\n<ul class=\"v-u\">\n<li class=\"v-u__l\">\n<p class=\"v-p\">\nPonente.<br \/>\nJulio Llamazares, en conversaci\u00f3n con C\u00e9sar Coca a prop\u00f3sito de su \u00faltima novela &#8216;El viaje de mi padre&#8217;.\n<\/p>\n<\/li>\n<li class=\"v-u__l\">\n<p class=\"v-p\">\nLugar y hora.<br \/>\nHoy en la Biblioteca de Bidebarrieta, a las 19.00 horas. (Invitaciones agotadas).\n<\/p>\n<\/li>\n<li class=\"v-u__l\">\n<p class=\"v-p\">\nCon la colaboraci\u00f3n:<br \/>\nFundaci\u00f3n BBK.\n<\/p>\n<\/li>\n<\/ul>\n<p class=\"v-p\">El relato de los horrores b\u00e9licos no preponderaba en las conversaciones familiares. \u00abNo contaba cosas directamente militares\u00bb, recuerda; prefer\u00eda hablar de cuestiones como la pulmon\u00eda que sufri\u00f3 y la incomodidad de dormir en el suelo. \u00abIba con un amigo que se explayaba en torno a las cuestiones agradables como la visi\u00f3n del mar en Castell\u00f3n, a pesar de que hab\u00eda cad\u00e1veres a su alrededor, o sus d\u00edas de asueto en Zaragoza, donde estuvieron muy bien y se echaron novias\u00bb, cuenta. \u00abEn la vida tendemos a recuperar lo agradable y lo positivo, que en una guerra es muy poco\u00bb, reflexiona. <\/p>\n<p class=\"v-p\">El autor defiende que la literatura de ficci\u00f3n y la documental persiguen el mismo objetivo. \u00abIntentamos algo tan ilusorio como parar el tiempo y recuperarlo\u00bb pero, en ambos casos, lo importante es la experiencia. \u00abSe trata de una especie de humus y los recuerdos producen un vapor que llamamos imaginaci\u00f3n\u00bb. <\/p>\n<p class=\"v-p\">La memoria personal y colectiva es, a su juicio, como tirar una piedra al r\u00edo. \u00abLas primeras ondas que se forman son muy pronunciadas y las segundas se desvanecen, e igual sucede con los hechos hist\u00f3ricos, por eso creo que son tan necesarios proyectos como este o &#8216;La pen\u00ednsula de las casas vac\u00edas&#8217; de David Ucl\u00e9s. La ignorancia de nuestro pasado explica que alguien diga que antes se viv\u00eda mejor o que a\u00fan se emplee el lenguaje guerracivilista. Cuando se pierde la perspectiva se repiten los mismos dramas\u00bb. <\/p>\n<p class=\"v-p\">El viaje es un placer para el autor. \u00abPero en el sentido puro de la palabra\u00bb, apostilla, y admite que le gusta dejarse llevar por el azar. \u00abMe apasiona ir de un lugar a otro recorri\u00e9ndolos sin saber lo que me voy a encontrar, pero con la cabeza y los ojos muy abiertos para dejarme empapar por el paisaje y los relatos de la gente que encuentro en el camino\u00bb. Este g\u00e9nero literario carece de tradici\u00f3n en nuestra historia, seg\u00fan explica, al contrario que en la inglesa y centroeuropea. \u00abTe permite buscar la belleza a trav\u00e9s de la emoci\u00f3n y a la inversa\u00bb, defiende. <\/p>\n","protected":false},"excerpt":{"rendered":"Julio Llamazares rinde un homenaje a su progenitor en &#8216;El viaje de mi padre&#8217;, su \u00faltimo libro en&hellip;\n","protected":false},"author":2,"featured_media":165716,"comment_status":"","ping_status":"","sticky":false,"template":"","format":"standard","meta":{"footnotes":""},"categories":[172],"tags":[224,29448,48754,1471,146,147,25,24,225,5101,3227,23],"class_list":{"0":"post-165715","1":"post","2":"type-post","3":"status-publish","4":"format-standard","5":"has-post-thumbnail","7":"category-libros","8":"tag-books","9":"tag-decir","10":"tag-desconocimiento","11":"tag-dictadura","12":"tag-entertainment","13":"tag-entretenimiento","14":"tag-es","15":"tag-espana","16":"tag-libros","17":"tag-pasado","18":"tag-permite","19":"tag-spain"},"share_on_mastodon":{"url":"","error":""},"_links":{"self":[{"href":"https:\/\/www.europesays.com\/es\/wp-json\/wp\/v2\/posts\/165715","targetHints":{"allow":["GET"]}}],"collection":[{"href":"https:\/\/www.europesays.com\/es\/wp-json\/wp\/v2\/posts"}],"about":[{"href":"https:\/\/www.europesays.com\/es\/wp-json\/wp\/v2\/types\/post"}],"author":[{"embeddable":true,"href":"https:\/\/www.europesays.com\/es\/wp-json\/wp\/v2\/users\/2"}],"replies":[{"embeddable":true,"href":"https:\/\/www.europesays.com\/es\/wp-json\/wp\/v2\/comments?post=165715"}],"version-history":[{"count":0,"href":"https:\/\/www.europesays.com\/es\/wp-json\/wp\/v2\/posts\/165715\/revisions"}],"wp:featuredmedia":[{"embeddable":true,"href":"https:\/\/www.europesays.com\/es\/wp-json\/wp\/v2\/media\/165716"}],"wp:attachment":[{"href":"https:\/\/www.europesays.com\/es\/wp-json\/wp\/v2\/media?parent=165715"}],"wp:term":[{"taxonomy":"category","embeddable":true,"href":"https:\/\/www.europesays.com\/es\/wp-json\/wp\/v2\/categories?post=165715"},{"taxonomy":"post_tag","embeddable":true,"href":"https:\/\/www.europesays.com\/es\/wp-json\/wp\/v2\/tags?post=165715"}],"curies":[{"name":"wp","href":"https:\/\/api.w.org\/{rel}","templated":true}]}}