{"id":165717,"date":"2025-10-09T18:40:08","date_gmt":"2025-10-09T18:40:08","guid":{"rendered":"https:\/\/www.europesays.com\/es\/165717\/"},"modified":"2025-10-09T18:40:08","modified_gmt":"2025-10-09T18:40:08","slug":"rtve-anuncia-un-cambio-de-programacion-en-sus-fines-de-semana-para-solventar-el-conflicto-con-el-cine","status":"publish","type":"post","link":"https:\/\/www.europesays.com\/es\/165717\/","title":{"rendered":"RTVE anuncia un cambio de programaci\u00f3n en sus fines de semana para solventar el &#8216;conflicto&#8217; con el cine"},"content":{"rendered":"<p class=\"article-text\">\n        <strong>RTVE <\/strong>ha anunciado un <strong>cambio de programaci\u00f3n<\/strong> para sus cadenas principales que afecta al <strong>fin de semana<\/strong>. Hasta la fecha, tanto<strong> La 1<\/strong> como<strong> La 2 <\/strong>apostaban por la emisi\u00f3n de distintas pel\u00edculas en la noche dominical. Ambas cadenas emit\u00edan simult\u00e1neamente los contenedores <strong>La pel\u00edcula de la semana<\/strong> y <strong>Versi\u00f3n espa\u00f1ola<\/strong>, provocando que la audiencia amante del s\u00e9ptimo arte se dividiese entre las dos cadenas. Ahora, esta reorganizaci\u00f3n de sus parrillas evitar\u00e1 la <strong>competencia<\/strong> entre &#8216;hermanas&#8217;.\n    <\/p>\n<p>    <a href=\"https:\/\/www.eldiario.es\/vertele\/noticias\/rtve-anuncia-4-invitados-henar-alvarez-abriran-nueva-temporada-cielo_1_12670500.html\" data-mrf-recirculation=\"saber-mas\" data-dl-event=\"saber-mas\" rel=\"nofollow noopener\" target=\"_blank\"><\/p>\n<p class=\"know-more__title\">RTVE anuncia los 4 invitados de Henar \u00c1lvarez que abrir\u00e1n nueva temporada de &#8216;Al cielo con ella&#8217;<\/p>\n<p>            <img decoding=\"async\" class=\"lazy\" loading=\"lazy\" data-src=\"https:\/\/static.eldiario.es\/clip\/64bae0c6-1653-4ac9-b556-a2128953ca6e_16-9-aspect-ratio_default_0.jpg\" src=\"data:image\/svg+xml,%3Csvg xmlns=\" http:=\"\" viewbox=\"0 0 880 495\" alt=\"RTVE anuncia los 4 invitados de Henar \u00c1lvarez que abrir\u00e1n nueva temporada de 'Al cielo con ella'\"\/><\/p>\n<p>                        <\/a><\/p>\n<p class=\"article-text\">\n        La corporaci\u00f3n ha confirmado a trav\u00e9s de su programaci\u00f3n que<strong> <\/strong><strong>Versi\u00f3n espa\u00f1ola<\/strong> cambia su d\u00eda de emisi\u00f3n: ya no se emitir\u00e1 los domingos por la noche y <strong>pasar\u00e1 a los s\u00e1bados<\/strong>. El pr\u00f3ximo <strong>11 de octubre<\/strong>, el espacio capitaneado por <strong>Cayetana Guill\u00e9n Cuervo<\/strong> estrenar\u00e1 su nueva jornada con la cinta <strong>Els encantants<\/strong> a partir de las 22:00 horas. Despu\u00e9s de la tertulia posterior, <strong>La 2 <\/strong>emitir\u00e1 el pase de Lejos del mar.\n    <\/p>\n<p class=\"article-text\">\n        Con esta estrategia, RTVE reserva la noche sabatina de cine para La 2. Esto significa tambi\u00e9n que el contenedor<strong> <\/strong><strong>Plan de c1ne<\/strong>, que hasta ahora ocupaba el prime time de los s\u00e1bados en<strong> La 1<\/strong>, dejar\u00e1 paso a otro tipo de contenidos. La corporaci\u00f3n ya avanz\u00f3 que ese hueco quedar\u00eda ocupado por el <a href=\"https:\/\/www.eldiario.es\/vertele\/noticias\/rtve-sigue-ataque-estrena-nuevo-game-show-eva-soriano-1_1_12662896.html\" target=\"_blank\" data-mrf-recirculation=\"links-noticia\" class=\"link\" rel=\"nofollow noopener\">estreno de <\/a><a href=\"https:\/\/www.eldiario.es\/vertele\/noticias\/rtve-sigue-ataque-estrena-nuevo-game-show-eva-soriano-1_1_12662896.html\" target=\"_blank\" data-mrf-recirculation=\"links-noticia\" class=\"link\" rel=\"nofollow noopener\"><strong>Cu\u00e1nto, cu\u00e1nto, cu\u00e1nto<\/strong><\/a>, el nuevo concurso presentado por <strong>Eva Soriano<\/strong>.\n    <\/p>\n<p class=\"article-text\">\n        <strong>Ofertas de RTVE para la noche del s\u00e1bado<\/strong>:\n    <\/p>\n<ul>\n<li>La 1: UEFA Qualifiers (20:20 horas) + Cu\u00e1nto, cu\u00e1nto, cu\u00e1nto (22:35 horas)<\/li>\n<li>La 2: Versi\u00f3n espa\u00f1ola: Els encantants (22:00 horas)<\/li>\n<\/ul>\n<p class=\"article-text\">\n        El objetivo es que la <strong>programaci\u00f3n de La 1<\/strong> sea <strong>complementaria a la de La 2<\/strong> para los espectadores, decisi\u00f3n extensible tambi\u00e9n a los domingos. Precisamente por este motivo, <strong>La pel\u00edcula de la semana<\/strong>, que viene cosechando grandes audiencias en los \u00faltimos tiempos, se mantiene inamovible en la programaci\u00f3n. Mientras tanto, la segunda cadena de RTVE contar\u00e1 con el <a href=\"https:\/\/www.eldiario.es\/vertele\/noticias\/rtve-anuncia-4-invitados-henar-alvarez-abriran-nueva-temporada-cielo_1_12670500.html\" target=\"_blank\" data-mrf-recirculation=\"links-noticia\" class=\"link\" rel=\"nofollow noopener\">estreno de la nueva temporada<\/a> de <strong>Al cielo con ella<\/strong> a partir de las 22:30 horas.\n    <\/p>\n<p class=\"article-text\">\n        <strong>Ofertas de RTVE para la noche del domingo<\/strong>:\n    <\/p>\n<p>    <a href=\"https:\/\/www.eldiario.es\/vertele\/noticias\/benidorm-fest-2026-presenta-18-artistas-funambulista-hija-bimba-bose-tres-ex-salidos-ot_1_12670565.html\" data-mrf-recirculation=\"saber-mas-abajo\" data-dl-event=\"saber-mas-abajo\" rel=\"nofollow noopener\" target=\"_blank\"><\/p>\n<p class=\"know-more__title\">El Benidorm Fest 2026 presenta a sus 18 artistas: Funambulista, la hija de Bimba Bos\u00e9, tres &#8216;ex&#8217; y dos llegados de &#8216;OT&#8217;<\/p>\n<p>            <img decoding=\"async\" class=\"lazy\" loading=\"lazy\" data-src=\"https:\/\/static.eldiario.es\/clip\/38ed6d08-6a6f-4919-9f12-393f84e08f3c_16-9-aspect-ratio_default_0.jpg\" src=\"data:image\/svg+xml,%3Csvg xmlns=\" http:=\"\" viewbox=\"0 0 880 495\" alt=\"El Benidorm Fest 2026 presenta a sus 18 artistas: Funambulista, la hija de Bimba Bos\u00e9, tres 'ex' y dos llegados de 'OT'\"\/><\/p>\n<p>                        <\/a><\/p>\n<ul>\n<li>La 1: La pel\u00edcula de la semana (22:00 horas)<\/li>\n<li>La 2: Al cielo con ella, con Henar \u00c1lvarez (22:30 horas)<\/li>\n<\/ul>\n<p class=\"article-text\">\n        En conclusi\u00f3n, RTVE contin\u00faa implementando cambios para elevar las audiencias de La 1 y de La 2. Este giro en la programaci\u00f3n de sus canales, como ya se ha destacado previamente, permitir\u00e1 que haya <strong>menos fragmentaci\u00f3n<\/strong> y los espectadores no se dividan al contar con dos ofertas de cine en los principales canales p\u00fablicos.\n    <\/p>\n","protected":false},"excerpt":{"rendered":"RTVE ha anunciado un cambio de programaci\u00f3n para sus cadenas principales que afecta al fin de semana. Hasta&hellip;\n","protected":false},"author":2,"featured_media":165718,"comment_status":"","ping_status":"","sticky":false,"template":"","format":"standard","meta":{"footnotes":""},"categories":[171],"tags":[4187,7556,177,11500,146,147,25,24,10580,8485,518,773,48755,23,214],"class_list":{"0":"post-165717","1":"post","2":"type-post","3":"status-publish","4":"format-standard","5":"has-post-thumbnail","7":"category-tv","8":"tag-anuncia","9":"tag-cambio","10":"tag-cine","11":"tag-conflicto","12":"tag-entertainment","13":"tag-entretenimiento","14":"tag-es","15":"tag-espana","16":"tag-fines","17":"tag-programacion","18":"tag-rtve","19":"tag-semana","20":"tag-solventar","21":"tag-spain","22":"tag-tv"},"share_on_mastodon":{"url":"","error":""},"_links":{"self":[{"href":"https:\/\/www.europesays.com\/es\/wp-json\/wp\/v2\/posts\/165717","targetHints":{"allow":["GET"]}}],"collection":[{"href":"https:\/\/www.europesays.com\/es\/wp-json\/wp\/v2\/posts"}],"about":[{"href":"https:\/\/www.europesays.com\/es\/wp-json\/wp\/v2\/types\/post"}],"author":[{"embeddable":true,"href":"https:\/\/www.europesays.com\/es\/wp-json\/wp\/v2\/users\/2"}],"replies":[{"embeddable":true,"href":"https:\/\/www.europesays.com\/es\/wp-json\/wp\/v2\/comments?post=165717"}],"version-history":[{"count":0,"href":"https:\/\/www.europesays.com\/es\/wp-json\/wp\/v2\/posts\/165717\/revisions"}],"wp:featuredmedia":[{"embeddable":true,"href":"https:\/\/www.europesays.com\/es\/wp-json\/wp\/v2\/media\/165718"}],"wp:attachment":[{"href":"https:\/\/www.europesays.com\/es\/wp-json\/wp\/v2\/media?parent=165717"}],"wp:term":[{"taxonomy":"category","embeddable":true,"href":"https:\/\/www.europesays.com\/es\/wp-json\/wp\/v2\/categories?post=165717"},{"taxonomy":"post_tag","embeddable":true,"href":"https:\/\/www.europesays.com\/es\/wp-json\/wp\/v2\/tags?post=165717"}],"curies":[{"name":"wp","href":"https:\/\/api.w.org\/{rel}","templated":true}]}}