{"id":165719,"date":"2025-10-09T18:41:11","date_gmt":"2025-10-09T18:41:11","guid":{"rendered":"https:\/\/www.europesays.com\/es\/165719\/"},"modified":"2025-10-09T18:41:11","modified_gmt":"2025-10-09T18:41:11","slug":"duki-el-musico-que-aprendio-a-volar-con-sus-rimas","status":"publish","type":"post","link":"https:\/\/www.europesays.com\/es\/165719\/","title":{"rendered":"Duki, el m\u00fasico que aprendi\u00f3 a volar con sus rimas"},"content":{"rendered":"<p><strong>Mauro<\/strong> es un hombre con los pies en la tierra. <strong>Duki<\/strong>, por otro lado, es un <strong>m\u00fasico cuyas rimas le permiten volar<\/strong>, literalmente, para llenar estadios. Como muchos otros artistas, \u00e9l tambi\u00e9n separa al hombre del personaje. \u201cYo soy Duki y Mauro, a veces las separo\u201d. En cualquier caso, s\u00f3lo es cuesti\u00f3n de matices. Mientras que Duki se revela como uno de los <strong>pioneros del trap en Argentina<\/strong> \u2014con todo lo estridente que deviene del g\u00e9nero\u2014, <strong>Mauro encuentra felicidad en lo mundano<\/strong>.<\/p>\n<p>Hoy es m\u00e1s evidente la diferencia entre hombre y personaje. Hubo una \u00e9poca en la que la fama y los excesos desdibujaban los l\u00edmites; no obstante, con el tiempo ha encontrado nitidez. El tema \u201cGolfista\u201d de su \u00faltimo \u00e1lbum lo sostiene. En \u00e9l se escucha el verso: \u201cHoy estoy m\u00e1s ciego que nunca, pero nunca vi tan claro\u201d, una forma de demostrarle al mundo que despu\u00e9s de tanto, ahora no \u00fanicamente <strong>sabe c\u00f3mo funciona la industria<\/strong>, sino que tambi\u00e9n privilegia lo que realmente importa.<\/p>\n<p>Materializando los sue\u00f1os<img decoding=\"async\" alt=\"Duki con look verde y posando para GQ Mxico\" loading=\"lazy\" class=\"ResponsiveImageContainer-eNxvmU cfBbTk responsive-image__image\"   src=\"https:\/\/www.europesays.com\/es\/wp-content\/uploads\/2025\/10\/Duki%20look%20verde%20olivo.jpg\"\/><\/p>\n<p>Recibir un abrazo de su madre o re\u00edrse con amigos son algunas de las tantas cosas que lo hacen realmente feliz.<br \/>\nChamarra y pantal\u00f3n, Ye Concept; Camiseta, Acne Studios, y Tenis, adidasAlex Salinas<\/p>\n<p>Tras presentarse en Estados Unidos, en cuesti\u00f3n de d\u00edas <strong>Mauro Lombardo<\/strong> ha recorrido Sudam\u00e9rica con la gira <strong>Duki World Tour<\/strong>. Arranc\u00f3 en Colombia, pas\u00f3 por Per\u00fa, Ecuador, Chile, y hace unas horas logr\u00f3 sold out en el Palacio de los Deportes de la Ciudad de M\u00e9xico. Ya no hay rastro del <strong>m\u00fasico<\/strong> que clama en el escenario, apenas un \u00e1pice de emoci\u00f3n y cansancio. Pero es s\u00f3lo un s\u00edntoma. Lleva a\u00f1os prepar\u00e1ndose y est\u00e1 decidido a llegar hasta el final. <strong>Comenz\u00f3 su carrera en batallas de freestyle en El Quinto Escal\u00f3n<\/strong>, en 2016 lanz\u00f3 su primer sencillo \u201cNo vendo trap\u201d, se convirti\u00f3 en el <a href=\"https:\/\/www.gq.com.mx\/entretenimiento\/articulo\/los-mejores-musicos-argentinos-en-la-historia\" rel=\"nofollow noopener\" target=\"_blank\"><strong>argentino m\u00e1s joven en llenar el estadio River Plate<\/strong><\/a> \u2014con capacidad de para albergar a poco m\u00e1s de 85 mil espectadores\u2014 en 2023, ha llevado su m\u00fasica al <strong>mundo de los videojuegos<\/strong> y ha logrado lo que pocos: <strong>un documental con su nombre<\/strong>.<\/p>\n<p>Luego de este shooting para GQ M\u00e9xico y Latinoam\u00e9rica, seguir\u00e1n los conciertos en Quer\u00e9taro, Guadalajara, Monterrey, Puebla y M\u00e9rida, para posteriormente continuar en Espa\u00f1a y, al final, cerrar en Argentina. Se trata de nada menos que de <strong>la gira m\u00e1s grande de su carrera<\/strong>, con 60 presentaciones y ciudades como Nueva York, Madrid, Los \u00c1ngeles y Buenos Aires en la lista. Pese a lo complejo y demandante que ha resultado, Mauro encuentra un encanto \u00fanico en el tour, \u201cpermite volver a enamorarse de lo que hacemos d\u00eda a d\u00eda, de no cansarte y siempre seguir sorprendi\u00e9ndote por los m\u00e1s m\u00ednimos pasos, y de los m\u00e1s grandes\u201d, explica.<\/p>\n<p><img decoding=\"async\" alt=\"retrato de perfil del musico Duki\" loading=\"lazy\" class=\"ResponsiveImageContainer-eNxvmU cfBbTk responsive-image__image\"   src=\"https:\/\/www.europesays.com\/es\/wp-content\/uploads\/2025\/10\/Retrato%20perfil%20Duki.jpg\"\/><\/p>\n<p>\u201cHice 5202 porque necesitaba expresarme. Necesitaba sentir que sigo disfrutando esto, que amo esto, que sigo teniendo la capacidad de romper, desarmar, crear y volver a amar\u201d.Alex Salinas<\/p>\n<p><img decoding=\"async\" alt=\"Retrato de Duki con lentes\" loading=\"lazy\" class=\"ResponsiveImageContainer-eNxvmU cfBbTk responsive-image__image\"   src=\"https:\/\/www.europesays.com\/es\/wp-content\/uploads\/2025\/10\/Retrato%20Duki.jpg\"\/><\/p>\n<p>Duki no pretende complacer a nadie, \u00e9l ya no busca incansablemente una idealizaci\u00f3n de la felicidad; ahora encuentra placer en lo inadvertido.Alex Salinas<\/p>\n<p>Entre conciertos, sus d\u00edas transcurren tranquilamente en habitaciones de hotel. \u201cEstoy en un momento que se lleva muy bien la gira, muy lindo y los shows son incre\u00edbles, no tengo que quejarme\u201d, comparte. Sin embargo, el <strong>argentino<\/strong> contin\u00faa siendo humano y es imposible pasar por alto el desgaste. \u201cEl cansancio existe, es una realidad, pero a esta altura de mi vida lo llevo a otro lado, estoy m\u00e1s preparado que nunca f\u00edsica y mentalmente\u201d, declara. Se antepone con la energ\u00eda de un hombre de 29 a\u00f1os, la experiencia de un m\u00fasico que lleva m\u00e1s de una d\u00e9cada en la industria y la pasi\u00f3n de alguien que so\u00f1\u00f3 con encontrar su camino. \u201cYo sab\u00eda que en la m\u00fasica iba a hallar eso, felicidad\u201d, explica. \u201cVe\u00eda venir en qu\u00e9 iba a desembocar, pero jam\u00e1s pens\u00e9 que iba a terminar en el <strong>trap<\/strong>\u201d.<\/p>\n<p>Volver a lo esencial<img decoding=\"async\" alt=\"Duki con look negro posando para la portada GQ HYPE Mxico octubre 2025\" loading=\"lazy\" class=\"ResponsiveImageContainer-eNxvmU cfBbTk responsive-image__image\"   src=\"https:\/\/www.europesays.com\/es\/wp-content\/uploads\/2025\/10\/Duki%20para%20GQ%20Me%CC%81xico.jpg\"\/><\/p>\n<p>Un m\u00fasico cuyas rimas le permiten volar, literalmente, para llenar estadios.<br \/>\nCamiseta, Courreges; Saco y short, Diego Zu\u00f1iga; Guantes, Alice Hollywood; Botas, Timberland, y Beanie, propiedad de Duki.Alex Salinas<\/p>\n","protected":false},"excerpt":{"rendered":"Mauro es un hombre con los pies en la tierra. Duki, por otro lado, es un m\u00fasico cuyas&hellip;\n","protected":false},"author":2,"featured_media":165720,"comment_status":"","ping_status":"","sticky":false,"template":"","format":"standard","meta":{"footnotes":""},"categories":[170],"tags":[146,147,25,24,48756,184,185,23],"class_list":{"0":"post-165719","1":"post","2":"type-post","3":"status-publish","4":"format-standard","5":"has-post-thumbnail","7":"category-musica","8":"tag-entertainment","9":"tag-entretenimiento","10":"tag-es","11":"tag-espana","12":"tag-gq-hype","13":"tag-music","14":"tag-musica","15":"tag-spain"},"share_on_mastodon":{"url":"","error":""},"_links":{"self":[{"href":"https:\/\/www.europesays.com\/es\/wp-json\/wp\/v2\/posts\/165719","targetHints":{"allow":["GET"]}}],"collection":[{"href":"https:\/\/www.europesays.com\/es\/wp-json\/wp\/v2\/posts"}],"about":[{"href":"https:\/\/www.europesays.com\/es\/wp-json\/wp\/v2\/types\/post"}],"author":[{"embeddable":true,"href":"https:\/\/www.europesays.com\/es\/wp-json\/wp\/v2\/users\/2"}],"replies":[{"embeddable":true,"href":"https:\/\/www.europesays.com\/es\/wp-json\/wp\/v2\/comments?post=165719"}],"version-history":[{"count":0,"href":"https:\/\/www.europesays.com\/es\/wp-json\/wp\/v2\/posts\/165719\/revisions"}],"wp:featuredmedia":[{"embeddable":true,"href":"https:\/\/www.europesays.com\/es\/wp-json\/wp\/v2\/media\/165720"}],"wp:attachment":[{"href":"https:\/\/www.europesays.com\/es\/wp-json\/wp\/v2\/media?parent=165719"}],"wp:term":[{"taxonomy":"category","embeddable":true,"href":"https:\/\/www.europesays.com\/es\/wp-json\/wp\/v2\/categories?post=165719"},{"taxonomy":"post_tag","embeddable":true,"href":"https:\/\/www.europesays.com\/es\/wp-json\/wp\/v2\/tags?post=165719"}],"curies":[{"name":"wp","href":"https:\/\/api.w.org\/{rel}","templated":true}]}}