{"id":165743,"date":"2025-10-09T18:54:11","date_gmt":"2025-10-09T18:54:11","guid":{"rendered":"https:\/\/www.europesays.com\/es\/165743\/"},"modified":"2025-10-09T18:54:11","modified_gmt":"2025-10-09T18:54:11","slug":"shane-lowry-y-la-promesa-que-ni-la-ryder-puede-romper","status":"publish","type":"post","link":"https:\/\/www.europesays.com\/es\/165743\/","title":{"rendered":"Shane Lowry y la promesa que ni la Ryder puede romper"},"content":{"rendered":"<p class=\"\">Alg\u00fan otro en la situaci\u00f3n de Shane Lowry se habr\u00eda borrado de este <a href=\"https:\/\/as.com\/masdeporte\/golf\/\" target=\"_self\" rel=\"nofollow noopener\" title=\"https:\/\/as.com\/masdeporte\/golf\/\">Open de Espa\u00f1a<\/a>. No es que el irland\u00e9s necesite jugar esta semana en Madrid (desde las 09:30 este jueves, 13:45 por Movistar Golf) precisamente. S\u00ed es cierto que una muy buena actuaci\u00f3n le propulsar\u00eda entre los 70 primeros de la Race to Dubai que jugar\u00e1n los playoffs del circuito europeo, pero su temporada est\u00e1 hecha. Si no ha sido la m\u00e1s brillante, rampl\u00f3n en los grandes y casi tantos top-10 como cortes fallados en el PGA, bien est\u00e1 lo que bien acaba,<b> y siempre la recordar\u00e1 como aquella en la que emboc\u00f3 un putt decisivo para que Europa ganara una <\/b><a href=\"https:\/\/as.com\/masdeporte\/gloria-con-suspense-para-europa-en-la-ryder-cup-n\/\" target=\"_self\" rel=\"nofollow noopener\" title=\"https:\/\/as.com\/masdeporte\/gloria-con-suspense-para-europa-en-la-ryder-cup-n\/\"><b>Ryder<\/b><\/a><b> a domicilio<\/b>. <\/p>\n<p class=\"\">De eso, principalmente, charl\u00f3 con los medios acreditados este mi\u00e9rcoles en el Club de Campo. Asegur\u00f3 que est\u00e1 aqu\u00ed, como Rahm un d\u00eda antes, por sentido del deber. <b>\u201cMe hab\u00eda comprometido a jugar previamente y me gusta honrar mis promesas\u201d, dec\u00eda sentado en la terraza de una de las carpas de hospitalidad del torneo el grandull\u00f3n de Clara<\/b>, sonriente al descubrir alg\u00fan aficionado de Oasis entre los presentes, tras jugar 9 hoyos del Pro Am con Carlitos Alcaraz (\u201cNo tiene un golf incre\u00edble pero su golf es mejor que mi tenis\u201d) y Feliciano L\u00f3pez. \u201cMadrid es un lugar incre\u00edble y un gran torneo. Estoy contento de estar aqu\u00ed. Es genial volver a jugar tan r\u00e1pido. Siempre digo que es incre\u00edble lograr cosas, pero cuando todo esto termina, solo miras hacia el futuro\u201d, a\u00f1adi\u00f3. <\/p>\n<p class=\"\">El putt con el que rasc\u00f3 un empate en el 18 ante Russell Henley el domingo, cuando Europa ya hab\u00eda despertado del sue\u00f1o de los dos d\u00edas anteriores y la cosa amenazaba con derivar en pesadilla, <b>no fue sino el ep\u00edlogo de una semana que termin\u00f3 de dibujar su \u2018perfil Ryder\u2019<\/b>. Hostigado por el desagradable p\u00fablico neoyorquino, se ech\u00f3 a McIlroy a la espalda cuando los constantes insultos terminaron por descentrar a su compatriota. Le dio a la parroquia de su propia medicina. Acabada la refriega, se queda con la parte buena, una historia \u201cpara contar a los hijos\u201d.<b> \u201cS\u00ed, creo que es una de las semanas m\u00e1s memorables que he tenido en el golf. Con todo lo que pas\u00f3, sobre todo el s\u00e1bado, creo que lo voy a recordar el resto de mi vida<\/b>. Fue una semana muy muy memorable, por muchas razones\u201d, apostilla. <\/p>\n<p class=\"\">Para cuando lleg\u00f3 el momento clave, Lowry ya sab\u00eda cu\u00e1l era su responsabilidad. Era consciente de lo precaria que se hab\u00eda vuelto la situaci\u00f3n de los europeos en los individuales del domingo y de que su medio punto val\u00eda la copa. En medio de uno de los momentos de mayor concentraci\u00f3n de su vida, repar\u00f3 en un detalle. <b>Chema Olaz\u00e1bal, historia viva de esta competici\u00f3n, le miraba con los ojos humedecidos desde el borde del green.<\/b> \u201cSent\u00ed mucha presi\u00f3n cuando le vi ah\u00ed, porque obviamente te lleva a pensar en Seve y todo lo que representa. Cuando met\u00ed el putt y fui a darle un abrazo fue incre\u00edble. Meter ese putt es una de las cosas m\u00e1s dif\u00edciles que he hecho en golf. Honestamente, J<b>os\u00e9 Mar\u00eda es el hombre m\u00e1s incre\u00edble que he conocido. No puedo describir con palabras lo que significa para m\u00ed<\/b>. La relaci\u00f3n que he construido con Jon (Rahm) durante los a\u00f1os es tambi\u00e9n de hermanos\u201d, apunt\u00f3. <\/p>\n<p class=\"\">La euforia fue tal que, reconoce, la celebraci\u00f3n se alarg\u00f3 d\u00edas: \u201cVolvimos a Florida y todav\u00eda all\u00ed nos vimos alg\u00fan d\u00eda Luke (Donald), Rory (McIlroy) y yo para descorchar unas botellas de buen vino y champ\u00e1n\u00bb. <b>Dentro de seis a\u00f1os, quiz\u00e1 tenga la oportunidad de volver a festejar cuando la Ryder visite Camiral, en Girona, una edici\u00f3n que ya pronostica como \u201cun gran \u00e9xito\u201d<\/b>. \u201cEs un lugar hermoso y no muy lejos de Barcelona\u201d, remarca antes de concluir con una loa que tambi\u00e9n se puede leer como su \u00faltimo recado en un tiempo a la afici\u00f3n estadounidense: \u201cAdem\u00e1s el p\u00fablico europeo es el mejor\u201d. <\/p>\n<p>Noticias relacionadas<\/p>\n<p class=\"\"><b>\u00a1Tus opiniones importan!<\/b> Comenta en los art\u00edculos y suscr\u00edbete gratis a nuestra <a href=\"https:\/\/asfan.as.com\/newsletters\/\" target=\"_blank\" rel=\"nofollow noopener\" title=\"https:\/\/asfan.as.com\/newsletters\/\">newsletter<\/a> y a las alertas informativas en la <a href=\"https:\/\/as.com\/aplicacion-de-as-n\/\" target=\"_blank\" rel=\"nofollow noopener\" title=\"https:\/\/as.com\/aplicacion-de-as-n\/\">App<\/a> o el canal de <a href=\"https:\/\/www.whatsapp.com\/channel\/0029VaAasdA7j6g745nz9M10\" target=\"_blank\" rel=\"nofollow noopener\" title=\"https:\/\/www.whatsapp.com\/channel\/0029VaAasdA7j6g745nz9M10\">WhatsApp<\/a>.<\/p>\n<p class=\"\">\u00bfBuscas licenciar contenido? Haz clic <a href=\"https:\/\/profesional.elpais.com\/soluciones-sindicacion?utm_medium=interno&amp;utm_source=crosslinking&amp;utm_campaign=sindicacion_as_pie_articulos\" target=\"_blank\" rel=\"nofollow noopener\" title=\"https:\/\/profesional.elpais.com\/soluciones-sindicacion?utm_medium=interno&amp;utm_source=crosslinking&amp;utm_campaign=sindicacion_as_pie_articulos\">aqu\u00ed<\/a><\/p>\n","protected":false},"excerpt":{"rendered":"Alg\u00fan otro en la situaci\u00f3n de Shane Lowry se habr\u00eda borrado de este Open de Espa\u00f1a. No es&hellip;\n","protected":false},"author":2,"featured_media":165744,"comment_status":"","ping_status":"","sticky":false,"template":"","format":"standard","meta":{"footnotes":""},"categories":[275],"tags":[168,25,24,329,23,167],"class_list":{"0":"post-165743","1":"post","2":"type-post","3":"status-publish","4":"format-standard","5":"has-post-thumbnail","7":"category-golf","8":"tag-deportes","9":"tag-es","10":"tag-espana","11":"tag-golf","12":"tag-spain","13":"tag-sports"},"share_on_mastodon":{"url":"","error":""},"_links":{"self":[{"href":"https:\/\/www.europesays.com\/es\/wp-json\/wp\/v2\/posts\/165743","targetHints":{"allow":["GET"]}}],"collection":[{"href":"https:\/\/www.europesays.com\/es\/wp-json\/wp\/v2\/posts"}],"about":[{"href":"https:\/\/www.europesays.com\/es\/wp-json\/wp\/v2\/types\/post"}],"author":[{"embeddable":true,"href":"https:\/\/www.europesays.com\/es\/wp-json\/wp\/v2\/users\/2"}],"replies":[{"embeddable":true,"href":"https:\/\/www.europesays.com\/es\/wp-json\/wp\/v2\/comments?post=165743"}],"version-history":[{"count":0,"href":"https:\/\/www.europesays.com\/es\/wp-json\/wp\/v2\/posts\/165743\/revisions"}],"wp:featuredmedia":[{"embeddable":true,"href":"https:\/\/www.europesays.com\/es\/wp-json\/wp\/v2\/media\/165744"}],"wp:attachment":[{"href":"https:\/\/www.europesays.com\/es\/wp-json\/wp\/v2\/media?parent=165743"}],"wp:term":[{"taxonomy":"category","embeddable":true,"href":"https:\/\/www.europesays.com\/es\/wp-json\/wp\/v2\/categories?post=165743"},{"taxonomy":"post_tag","embeddable":true,"href":"https:\/\/www.europesays.com\/es\/wp-json\/wp\/v2\/tags?post=165743"}],"curies":[{"name":"wp","href":"https:\/\/api.w.org\/{rel}","templated":true}]}}