{"id":165749,"date":"2025-10-09T18:57:07","date_gmt":"2025-10-09T18:57:07","guid":{"rendered":"https:\/\/www.europesays.com\/es\/165749\/"},"modified":"2025-10-09T18:57:07","modified_gmt":"2025-10-09T18:57:07","slug":"el-espinoso-camino-al-titulo-motorsports","status":"publish","type":"post","link":"https:\/\/www.europesays.com\/es\/165749\/","title":{"rendered":"El espinoso camino al t\u00edtulo \u2013 Motorsports"},"content":{"rendered":"<p>Nelson Vicente \u2013 Contacto: <a href=\"https:\/\/motorsports.com.uy\/cdn-cgi\/l\/email-protection\" class=\"__cf_email__\" data-cfemail=\"b3c3d6dfdcc5dad0d6ddc7d6c6caf3d4ded2dadf9dd0dcde\" rel=\"nofollow noopener\" target=\"_blank\">[email\u00a0protected]<\/a><\/p>\n<p><img loading=\"lazy\" decoding=\"async\" class=\"alignnone size-full wp-image-57286\" src=\"https:\/\/www.europesays.com\/es\/wp-content\/uploads\/2025\/10\/10-B-PIASTRI-EFE.jpg\" alt=\"\" width=\"1000\" height=\"617\"  \/>Las luchas internas entre pilotos de un mismo equipo han sido moneda corriente en el \u00e1mbito del Campeonato Mundial de F\u00f3rmula Uno, con una gran cantidad de ejemplos.<\/p>\n<p>Una de las m\u00e1s recordadas es la protagonizada por Ayrton Senna y Alain Prost en el equipo McLaren en las temporadas de los a\u00f1os 1988 y 1989.<\/p>\n<p>Y ahora, con el t\u00edtulo mundial de constructores ya obtenido en forma anticipada y por segundo a\u00f1o consecutivo por parte de McLaren, el gran inter\u00e9s de los aficionados de la F\u00f3rmula Uno se traslada a la definici\u00f3n del campeonato del mundo de pilotos, que tiene al australiano Oscar Piastri y al brit\u00e1nico Lando Norris como los m\u00e1ximos aspirantes.<\/p>\n<p>Piastri lidera el certamen con 336 puntos y Norris est\u00e1 segundo con 314.<\/p>\n<p>Todo indicar\u00eda que entre ellos va a estar la definici\u00f3n del campeonato, pero no hay que olvidar que en el tercer puesto est\u00e1 Max Verstappen (Red Bull), quien tiene 273 unidades y ha estado descontando puntos en las tres \u00faltimas fechas.<\/p>\n<p>Que los pilotos de McLaren tienen las mayores posibilidades de aspirar a la corona, nadie lo pone en duda, por m\u00e1s que sea Verstappen su perseguidor m\u00e1s inmediato.<\/p>\n<p>Las luchas internas han llevado a perder campeonatos y en McLaren todav\u00eda recuerdan los l\u00edos entre Lewis Hamilton y Fernando Alonso, que permitieron que Kimi Raikkonen (Ferrari) se coronara campe\u00f3n del mundo en 2007.<\/p>\n<p>Foto: EFE.<\/p>\n","protected":false},"excerpt":{"rendered":"Nelson Vicente \u2013 Contacto: [email\u00a0protected] Las luchas internas entre pilotos de un mismo equipo han sido moneda corriente&hellip;\n","protected":false},"author":2,"featured_media":165750,"comment_status":"","ping_status":"","sticky":false,"template":"","format":"standard","meta":{"footnotes":""},"categories":[270],"tags":[168,25,24,306,271,272,23,167],"class_list":{"0":"post-165749","1":"post","2":"type-post","3":"status-publish","4":"format-standard","5":"has-post-thumbnail","7":"category-formula-1","8":"tag-deportes","9":"tag-es","10":"tag-espana","11":"tag-f1","12":"tag-formula-1","13":"tag-formula1","14":"tag-spain","15":"tag-sports"},"share_on_mastodon":{"url":"","error":""},"_links":{"self":[{"href":"https:\/\/www.europesays.com\/es\/wp-json\/wp\/v2\/posts\/165749","targetHints":{"allow":["GET"]}}],"collection":[{"href":"https:\/\/www.europesays.com\/es\/wp-json\/wp\/v2\/posts"}],"about":[{"href":"https:\/\/www.europesays.com\/es\/wp-json\/wp\/v2\/types\/post"}],"author":[{"embeddable":true,"href":"https:\/\/www.europesays.com\/es\/wp-json\/wp\/v2\/users\/2"}],"replies":[{"embeddable":true,"href":"https:\/\/www.europesays.com\/es\/wp-json\/wp\/v2\/comments?post=165749"}],"version-history":[{"count":0,"href":"https:\/\/www.europesays.com\/es\/wp-json\/wp\/v2\/posts\/165749\/revisions"}],"wp:featuredmedia":[{"embeddable":true,"href":"https:\/\/www.europesays.com\/es\/wp-json\/wp\/v2\/media\/165750"}],"wp:attachment":[{"href":"https:\/\/www.europesays.com\/es\/wp-json\/wp\/v2\/media?parent=165749"}],"wp:term":[{"taxonomy":"category","embeddable":true,"href":"https:\/\/www.europesays.com\/es\/wp-json\/wp\/v2\/categories?post=165749"},{"taxonomy":"post_tag","embeddable":true,"href":"https:\/\/www.europesays.com\/es\/wp-json\/wp\/v2\/tags?post=165749"}],"curies":[{"name":"wp","href":"https:\/\/api.w.org\/{rel}","templated":true}]}}