{"id":165761,"date":"2025-10-09T19:04:08","date_gmt":"2025-10-09T19:04:08","guid":{"rendered":"https:\/\/www.europesays.com\/es\/165761\/"},"modified":"2025-10-09T19:04:08","modified_gmt":"2025-10-09T19:04:08","slug":"premios-billboard-anuncian-al-artista-del-siglo-21-quien-es","status":"publish","type":"post","link":"https:\/\/www.europesays.com\/es\/165761\/","title":{"rendered":"Premios Billboard anuncian al &#8216;Artista del Siglo 21&#8217;, \u00bfqui\u00e9n es?"},"content":{"rendered":"<p>Los <strong>Premios Billboard de la M\u00fasica Latina 2025<\/strong>, que se celebrar\u00e1n en Miami el pr\u00f3ximo 23 de octubre, otorgar\u00e1n un reconocimiento al \u2018<strong>Artista del siglo 21<\/strong>\u2018.<\/p>\n<p>El reconocimiento celebrar\u00e1 el dominio hist\u00f3rico del artista en las listas Top Latin Albums y Hot Latin Songs de Billboard durante los \u00faltimos 25 a\u00f1os, con m\u00faltiples discos y sencillos multiplatino que han roto r\u00e9cords y redefinido los est\u00e1ndares del \u00e9xito en la m\u00fasica latina.<\/p>\n<p>\u00a0\u00bfQui\u00e9n es el \u2018Artista del Siglo 21\u2019 seg\u00fan los Premios Billboard?<\/p>\n<p>Los <strong>Premios Billboard<\/strong> otorgar\u00e1n el reconocimiento como \u2018<strong>Artista del Siglo 21<\/strong>\u2018 al\u00a0cantante puertorrique\u00f1o <strong>Bad Bunny<\/strong>.<\/p>\n<blockquote>\n<p>El reconocimiento a Bad Bunny como Billboard Artista Latino del Siglo 21 est\u00e1 cimentado en su dominio sin precedentes de las listas de Billboard en los \u00faltimos 25 a\u00f1os\u201d, se\u00f1al\u00f3 en un comunicado.<\/p>\n<\/blockquote>\n<blockquote class=\"instagram-media\" style=\"background: #FFF; border: 0; border-radius: 3px; box-shadow: 0 0 1px 0 rgba(0,0,0,0.5),0 1px 10px 0 rgba(0,0,0,0.15); margin: 1px; max-width: 540px; min-width: 326px; padding: 0; width: calc(100% - 2px);\" data-instgrm-permalink=\"https:\/\/www.instagram.com\/reel\/DPl1A0gjS2r\/?utm_source=ig_embed&amp;utm_campaign=loading\" data-instgrm-version=\"14\"\/>\n<p>El liderazgo va desde m\u00faltiples canciones debutando simult\u00e1neamente en los primeros puestos hasta lanzamientos de \u00e1lbumes que marcaron el centro de la conversaci\u00f3n global, incluyendo su desempe\u00f1o en las listas, lo que estableci\u00f3 un nuevo est\u00e1ndar para la m\u00fasica latina.<\/p>\n<p>Billboard y Telemundo subrayan que m\u00e1s all\u00e1 de su trayectoria musical, <strong>Bad Bunny<\/strong> ha expandido su <strong>influencia<\/strong> al <strong>cine<\/strong>, la <strong>moda<\/strong> y la <strong>cultura pop<\/strong>.<\/p>\n<p>El cantante fue el primer artista de habla hispana en encabezar Coachella, y la transmisi\u00f3n global de su \u00faltimo show de residencia en Puerto Rico, \u2018No me quiero ir de aqu\u00ed\u2019, se convirti\u00f3 en la presentaci\u00f3n de un solo artista m\u00e1s vista en la historia de Amazon Music.<\/p>\n<p>Adem\u00e1s tiene la <strong>gira m\u00e1s taquillera en un solo a\u00f1o<\/strong> y ha sido el<strong> artista m\u00e1s escuchado en Spotify<\/strong> a nivel mundial durante tres a\u00f1os consecutivos.<\/p>\n<blockquote class=\"instagram-media\" style=\"background: #FFF; border: 0; border-radius: 3px; box-shadow: 0 0 1px 0 rgba(0,0,0,0.5),0 1px 10px 0 rgba(0,0,0,0.15); margin: 1px; max-width: 540px; min-width: 326px; padding: 0; width: calc(100% - 2px);\" data-instgrm-permalink=\"https:\/\/www.instagram.com\/reel\/DPKx6L6DFz2\/?utm_source=ig_embed&amp;utm_campaign=loading\" data-instgrm-version=\"14\"\/>\n<p>Bad Bunny adem\u00e1s har\u00e1 historia al presentarse en el <a href=\"https:\/\/lopezdoriga.com\/entretenimiento\/bad-bunny-asegura-que-su-participacion-en-el-super-bowl-tiene-a-todo-el-mundo-feliz-incluido-a-fox-news\/\" target=\"_blank\" rel=\"noopener nofollow\">show de medio tiempo<\/a> del Super Bowl 2026, convirti\u00e9ndose en el primer artista latino en solitario en encabezar unos de los espect\u00e1culos m\u00e1s vistos del mundo.<\/p>\n<p>\u201cYa sea en el escenario, en la pantalla o en las calles, sus proyectos innovadores y su individualidad sin concesiones han colocado a Bad Bunny en el centro de la cultura global, consolidando su lugar en la historia\u201d, subraya.<\/p>\n<p>Su impacto cultural se reflej\u00f3 tambi\u00e9n en su reciente portada de Billboard y en 13 ediciones internacionales de la revista.<\/p>\n<p>La ceremonia de los premios se transmitir\u00e1 en vivo el jueves 23 de octubre por Telemundo.<\/p>\n<p>Con informaci\u00f3n de EFE<\/p>\n<p><script async src=\"\/\/www.instagram.com\/embed.js\"><\/script><\/p>\n","protected":false},"excerpt":{"rendered":"Los Premios Billboard de la M\u00fasica Latina 2025, que se celebrar\u00e1n en Miami el pr\u00f3ximo 23 de octubre,&hellip;\n","protected":false},"author":2,"featured_media":165762,"comment_status":"","ping_status":"","sticky":false,"template":"","format":"standard","meta":{"footnotes":""},"categories":[170],"tags":[48766,1282,146,147,25,24,184,185,37334,23,46110],"class_list":{"0":"post-165761","1":"post","2":"type-post","3":"status-publish","4":"format-standard","5":"has-post-thumbnail","7":"category-musica","8":"tag-artista-del-siglo-21","9":"tag-bad-bunny","10":"tag-entertainment","11":"tag-entretenimiento","12":"tag-es","13":"tag-espana","14":"tag-music","15":"tag-musica","16":"tag-premios-billboard","17":"tag-spain","18":"tag-super-bowl"},"share_on_mastodon":{"url":"","error":""},"_links":{"self":[{"href":"https:\/\/www.europesays.com\/es\/wp-json\/wp\/v2\/posts\/165761","targetHints":{"allow":["GET"]}}],"collection":[{"href":"https:\/\/www.europesays.com\/es\/wp-json\/wp\/v2\/posts"}],"about":[{"href":"https:\/\/www.europesays.com\/es\/wp-json\/wp\/v2\/types\/post"}],"author":[{"embeddable":true,"href":"https:\/\/www.europesays.com\/es\/wp-json\/wp\/v2\/users\/2"}],"replies":[{"embeddable":true,"href":"https:\/\/www.europesays.com\/es\/wp-json\/wp\/v2\/comments?post=165761"}],"version-history":[{"count":0,"href":"https:\/\/www.europesays.com\/es\/wp-json\/wp\/v2\/posts\/165761\/revisions"}],"wp:featuredmedia":[{"embeddable":true,"href":"https:\/\/www.europesays.com\/es\/wp-json\/wp\/v2\/media\/165762"}],"wp:attachment":[{"href":"https:\/\/www.europesays.com\/es\/wp-json\/wp\/v2\/media?parent=165761"}],"wp:term":[{"taxonomy":"category","embeddable":true,"href":"https:\/\/www.europesays.com\/es\/wp-json\/wp\/v2\/categories?post=165761"},{"taxonomy":"post_tag","embeddable":true,"href":"https:\/\/www.europesays.com\/es\/wp-json\/wp\/v2\/tags?post=165761"}],"curies":[{"name":"wp","href":"https:\/\/api.w.org\/{rel}","templated":true}]}}