{"id":165768,"date":"2025-10-09T19:08:15","date_gmt":"2025-10-09T19:08:15","guid":{"rendered":"https:\/\/www.europesays.com\/es\/165768\/"},"modified":"2025-10-09T19:08:15","modified_gmt":"2025-10-09T19:08:15","slug":"3-razones-de-experta-en-sociologia-por-las-que-este-look-de-primark-es-viral","status":"publish","type":"post","link":"https:\/\/www.europesays.com\/es\/165768\/","title":{"rendered":"3 razones de experta en sociolog\u00eda por las que este look de Primark es viral"},"content":{"rendered":"<p data-journey-content=\"true\" data-node-id=\"0\" class=\"css-6wxqfj emevuu60\"><strong data-node-id=\"0.0\"><a href=\"https:\/\/www.elle.com\/es\/star-style\/el-estilo-de\/a68850067\/paula-echevarria-pantalon-ancho-tendencia-bershka-zapatillas\/\" data-vars-ga-outbound-link=\"https:\/\/www.elle.com\/es\/star-style\/el-estilo-de\/a68850067\/paula-echevarria-pantalon-ancho-tendencia-bershka-zapatillas\/\" data-vars-ga-ux-element=\"Hyperlink\" data-vars-ga-call-to-action=\"Paula Echevarr\u00eda\" data-node-id=\"0.0.0\" class=\"body-link css-103hk4r emevuu60\" rel=\"nofollow noopener\" target=\"_blank\">Paula Echevarr\u00eda<\/a><\/strong> es en si misma un fen\u00f3meno social. <strong data-node-id=\"0.2\">L<\/strong><strong data-node-id=\"0.3\">leva m\u00e1s de 20 a\u00f1os siendo un referente en moda, estilo de vida, evoluci\u00f3n personal,<\/strong> porque ha llevado su carrera de manera elegante, en pel\u00edculas y en series, una vida personal en la que nunca ha sido llamativa, y porque en su forma de vestir y de disfrutar, ha logrado ser una buena fuente de inspiraci\u00f3n para muchas personas. De hecho ah\u00ed reside su \u00e9xito, en la autenticidad y la naturalidad. Pero es que lo que sucedi\u00f3 anoche con su publicaci\u00f3n de Instagram, ha sido una locura hist\u00f3rica. Public\u00f3 un post con unas<strong data-node-id=\"0.5\"> fotos llevando un conjunto vaquero de camisa y pantal\u00f3n de botones a la vista<\/strong>. Hasta ah\u00ed todo normal, un nuevo estilismo que le quedaba incre\u00edble. Pero la novedad era que <strong data-node-id=\"0.7\">no estaba nombrada ni etiquetada la firma de su total look<\/strong>. Por supuesto, enseguida llegaron las reacciones, las preguntas. La incertidumbre hizo a muchas mujeres usar Google Lens para dar con \u00e9l, pero fue en balde. <\/p>\n<p data-journey-content=\"true\" data-node-id=\"1\" class=\"css-6wxqfj emevuu60\"><strong data-node-id=\"1.0\">Yo reconozco que lo sospech\u00e9,<\/strong> que estando tan cerca ya el anuncio de su siguiente colecci\u00f3n junto a la <strong data-node-id=\"1.2\"><a href=\"https:\/\/www.elle.com\/es\/primark-mujer\/\" data-vars-ga-outbound-link=\"https:\/\/www.elle.com\/es\/primark-mujer\/\" data-vars-ga-ux-element=\"Hyperlink\" data-vars-ga-call-to-action=\"firma irlandesa Primark\" data-node-id=\"1.2.0\" class=\"body-link css-103hk4r emevuu60\" rel=\"nofollow noopener\" target=\"_blank\">firma irlandesa Primark<\/a><\/strong>, quiz\u00e1 era un adelanto. Un misterioso adelanto que logr\u00f3 lo que pretend\u00eda. <strong data-node-id=\"1.4\">Las mujeres de m\u00e1s de 40, que son las que m\u00e1s buscan inspiraci\u00f3n en Paula, nos volvimos locas de amor<\/strong>, locas de nervios y locas de ganas de saber. \u00bfPero por qu\u00e9 tanta ansia?<\/p>\n<p data-journey-content=\"true\" data-node-id=\"2\" class=\"css-6wxqfj emevuu60\">He hablado con <strong data-node-id=\"2.1\">Pilar Pel\u00e1ez, experta psic\u00f3loga y soci\u00f3loga,<\/strong> que me cuenta que es algo muy normal, que la falta de informaci\u00f3n altera mucho m\u00e1s que el exceso de ella, y que \u00abcuando se rompe una pauta, ya que Paula etiqueta siempre, las ganas de saber son m\u00e1s. Porque entra en juego la incertidumbre de saber si ser\u00e1 asequible o inaccesible para ellas. Les gusta. Lo quieren. Necesitan saber\u00bb. <\/p>\n<p data-journey-content=\"true\" data-node-id=\"4\" class=\"css-6wxqfj emevuu60\">Seg\u00fan Pilar, hay<strong data-node-id=\"4.1\"> 3 razones por las que surge esta alteraci\u00f3n tras la publicaci\u00f3n de Paula Echevarr\u00eda <\/strong>sin decir la firma de su look:<br data-node-id=\"4.3\"\/><\/p>\n<ol data-node-id=\"5\" class=\"css-kw9lqy emevuu60\">\n<li data-node-id=\"5.0\">&#8211; <strong data-node-id=\"5.0.1\">Ansiedad anticipatoria: <\/strong>En un mundo en el que todo lo sabemos ya, de inmediato con ayuda de la tecnolog\u00eda, se nos olvida esperar, y eso se traduce en que tenemos que saber todo antes que nadie.<\/li>\n<li data-node-id=\"5.1\"><strong data-node-id=\"5.1.0\"\/>&#8211;<strong data-node-id=\"5.1.2\"> <strong data-node-id=\"5.1.2.1\">Necesidad de control<\/strong>: <\/strong>La informaci\u00f3n es poder, es m\u00e1s que evidente, y carecer de ella nos hace dar vueltas a cosas en principio no importantes, como puede ser este look, que en alg\u00fan momento se iba a saber, como as\u00ed ha sido. <\/li>\n<li data-node-id=\"5.2\">&#8211;<strong data-node-id=\"5.2.1\"> Intolerancia a la incertidumbre: <\/strong>No sabemos estar sin saber, por si era asequible para poder comprarlo, o inaccesible para solo so\u00f1ar con \u00e9l. Todo eso, nos altera emocionalmente. <\/li>\n<\/ol>\n<p data-journey-content=\"true\" data-node-id=\"6\" class=\"css-6wxqfj emevuu60\">Asi que hoy, cuando al fin se ha sabido que este <strong data-node-id=\"6.1\"><a href=\"https:\/\/www.elle.com\/es\/star-style\/el-estilo-de\/a68902414\/paula-echevarria-conjunto-vaquero-tendencia-otono-bailarinas-leopardo\/\" data-vars-ga-outbound-link=\"https:\/\/www.elle.com\/es\/star-style\/el-estilo-de\/a68902414\/paula-echevarria-conjunto-vaquero-tendencia-otono-bailarinas-leopardo\/\" data-vars-ga-ux-element=\"Hyperlink\" data-vars-ga-call-to-action=\"look vaquero de Paula Echevarr\u00eda es de su m\u00e1s que inminente colecci\u00f3n con Primark\" data-node-id=\"6.1.0\" class=\"body-link css-103hk4r emevuu60\" rel=\"nofollow noopener\" target=\"_blank\">look vaquero de Paula Echevarr\u00eda es de su m\u00e1s que inminente colecci\u00f3n con Primark<\/a><\/strong>, todas nos hemos calmado, porque adem\u00e1s, cuesta 22\u20ac cada prenda. Podemos emular este incre\u00edble estilismo.<\/p>\n<p data-journey-content=\"true\" data-node-id=\"7\" class=\"css-6wxqfj emevuu60\">**Como dec\u00eda <strong data-node-id=\"7.1\">Carl Winslow en la serie de &#8216;Cosas de casa&#8217;<\/strong>: \u00ab1, 2 y 3, yo me calmar\u00e9, todos lo ver\u00e9is\u00bb. El 14 de octubre estar\u00e1 en las tiendas. <\/p>\n<p>Camisa vaquera de &#8216;Primark presents Paula Echevarr\u00eda&#8217; (22\u20ac)<img draggable=\"true\" alt=\"\ufeffel look de primark de paula echevarr\u00eda\" title=\"\ufeffel look de primark de paula echevarr\u00eda\" loading=\"lazy\" width=\"6000\" height=\"8000\" decoding=\"async\" data-nimg=\"1\" style=\"color:transparent;width:100%;height:auto;\"   src=\"https:\/\/www.europesays.com\/es\/wp-content\/uploads\/2025\/10\/primark-presents-pau-eche-button-shirt-20-22-24-pln95-czk570-ron110-copia-68e748f7f29e0.jpg\" class=\"css-0 e1g79fud0\"\/><a target=\"_blank\" rel=\"noopener nofollow\" data-theme-key=\"base-link\" href=\"https:\/\/pinterest.com\/pin\/create\/button\/?url=https:\/\/www.elle.com\/es\/moda\/noticias\/a68987500\/look-vaquero-paula-echevarria-primark\/&amp;description=- ElleSpain&amp;media=https:\/\/hips.hearstapps.com\/hmg-prod\/images\/primark-presents-pau-eche-button-shirt-20-22-24-pln95-czk570-ron110-copia-68e748f7f29e0.jpg?resize=1600:*\" class=\"pinterest css-on9hn5 e1c1bym14\"><img decoding=\"async\" data-dynamic-svg=\"true\" src=\"https:\/\/www.elle.com\/_assets\/design-tokens\/fre\/static\/icons\/social\/pinterest.e8cf655.svg?primary=%2523ffffff\" loading=\"lazy\" data-testid=\"dynamic-svg-base\" height=\"auto\" width=\"auto\" alt=\"pinterest\" class=\"css-4lml0h e1mlxuuw1\"\/><\/a><\/p>\n<p>Cortes\u00eda de Primark<\/p>\n<p>Vaqueros de &#8216;Primark presents Paula Echevarr\u00eda&#8217; (22\u20ac)<img draggable=\"true\" alt=\"\ufeffel look de primark de paula echevarr\u00eda\" title=\"\ufeffel look de primark de paula echevarr\u00eda\" loading=\"lazy\" width=\"6000\" height=\"8000\" decoding=\"async\" data-nimg=\"1\" style=\"color:transparent;width:100%;height:auto;\"   src=\"https:\/\/www.europesays.com\/es\/wp-content\/uploads\/2025\/10\/primark-presents-pau-eche-exposed-button-wide-led-20-22-24-pln95-czk570-ron110-copia-68e748f8148f4.j.jpeg\" class=\"css-0 e1g79fud0\"\/><a target=\"_blank\" rel=\"noopener nofollow\" data-theme-key=\"base-link\" href=\"https:\/\/pinterest.com\/pin\/create\/button\/?url=https:\/\/www.elle.com\/es\/moda\/noticias\/a68987500\/look-vaquero-paula-echevarria-primark\/&amp;description=- ElleSpain&amp;media=https:\/\/hips.hearstapps.com\/hmg-prod\/images\/primark-presents-pau-eche-exposed-button-wide-led-20-22-24-pln95-czk570-ron110-copia-68e748f8148f4.jpg?resize=1600:*\" class=\"pinterest css-on9hn5 e1c1bym14\"><img decoding=\"async\" data-dynamic-svg=\"true\" src=\"https:\/\/www.elle.com\/_assets\/design-tokens\/fre\/static\/icons\/social\/pinterest.e8cf655.svg?primary=%2523ffffff\" loading=\"lazy\" data-testid=\"dynamic-svg-base\" height=\"auto\" width=\"auto\" alt=\"pinterest\" class=\"css-4lml0h e1mlxuuw1\"\/><\/a><\/p>\n<p>Cortes\u00eda de Primark<\/p>\n<p><img src=\"https:\/\/www.europesays.com\/es\/wp-content\/uploads\/2025\/10\/1760036895_743_d87bcd66-0484-4385-a508-98d9bf758058_1548085786.jpg\" alt=\"Headshot of Paula Llanos\" title=\"Headshot of Paula Llanos\" width=\"100%\" height=\"100%\" decoding=\"async\" loading=\"lazy\" class=\"css-o0wq4v ev8dhu53\"\/><\/p>\n<p>Paula Llanos es Jefa de moda en ELLE.es. Licenciada en Periodismo en la Universidad Pontificia de Salamanca, con experiencia en prensa escrita, radio y televisi\u00f3n pero con total vocaci\u00f3n digital. Desde el a\u00f1o 2000 (18 a\u00f1os) \u00a0en internet, en prensa femenina 13 a\u00f1os y 10 a\u00f1os en Elle.es Adicta a la moda, las compras e Instagram. Experta en crear necesidades e identificar prendas y accesorios con una sola foto y en hacer titulares con juegos de palabras.<\/p>\n","protected":false},"excerpt":{"rendered":"Paula Echevarr\u00eda es en si misma un fen\u00f3meno social. Lleva m\u00e1s de 20 a\u00f1os siendo un referente en&hellip;\n","protected":false},"author":2,"featured_media":165769,"comment_status":"","ping_status":"","sticky":false,"template":"","format":"standard","meta":{"footnotes":""},"categories":[91],"tags":[253,146,147,25,24,23],"class_list":{"0":"post-165768","1":"post","2":"type-post","3":"status-publish","4":"format-standard","5":"has-post-thumbnail","7":"category-entretenimiento","8":"tag-discover","9":"tag-entertainment","10":"tag-entretenimiento","11":"tag-es","12":"tag-espana","13":"tag-spain"},"share_on_mastodon":{"url":"","error":""},"_links":{"self":[{"href":"https:\/\/www.europesays.com\/es\/wp-json\/wp\/v2\/posts\/165768","targetHints":{"allow":["GET"]}}],"collection":[{"href":"https:\/\/www.europesays.com\/es\/wp-json\/wp\/v2\/posts"}],"about":[{"href":"https:\/\/www.europesays.com\/es\/wp-json\/wp\/v2\/types\/post"}],"author":[{"embeddable":true,"href":"https:\/\/www.europesays.com\/es\/wp-json\/wp\/v2\/users\/2"}],"replies":[{"embeddable":true,"href":"https:\/\/www.europesays.com\/es\/wp-json\/wp\/v2\/comments?post=165768"}],"version-history":[{"count":0,"href":"https:\/\/www.europesays.com\/es\/wp-json\/wp\/v2\/posts\/165768\/revisions"}],"wp:featuredmedia":[{"embeddable":true,"href":"https:\/\/www.europesays.com\/es\/wp-json\/wp\/v2\/media\/165769"}],"wp:attachment":[{"href":"https:\/\/www.europesays.com\/es\/wp-json\/wp\/v2\/media?parent=165768"}],"wp:term":[{"taxonomy":"category","embeddable":true,"href":"https:\/\/www.europesays.com\/es\/wp-json\/wp\/v2\/categories?post=165768"},{"taxonomy":"post_tag","embeddable":true,"href":"https:\/\/www.europesays.com\/es\/wp-json\/wp\/v2\/tags?post=165768"}],"curies":[{"name":"wp","href":"https:\/\/api.w.org\/{rel}","templated":true}]}}