{"id":165775,"date":"2025-10-09T19:12:09","date_gmt":"2025-10-09T19:12:09","guid":{"rendered":"https:\/\/www.europesays.com\/es\/165775\/"},"modified":"2025-10-09T19:12:09","modified_gmt":"2025-10-09T19:12:09","slug":"detenidos-dos-menores-de-edad-por-la-filtracion-de-datos-sensibles-de-sanchez-y-de-varios-ministros-el-mundo","status":"publish","type":"post","link":"https:\/\/www.europesays.com\/es\/165775\/","title":{"rendered":"Detenidos dos menores de edad por la filtraci\u00f3n de datos sensibles de S\u00e1nchez y de varios ministros &#8211; El Mundo"},"content":{"rendered":"<ol>\n<li><a href=\"https:\/\/news.google.com\/rss\/articles\/CBMiekFVX3lxTE1nMUR4TzU3QUdySWoxTkVjUFhLaURyQVdxYTdodDU4azFHTjRhenlSMVZtTDljVEw1UnI1cEs0cVV4REZSNnJ5QXJvcVJjd2Q2RFNNRVA2TEJaRjI4U0J3djk4Z1psSlBnQzlwWHQ4Rmh3Tms2azJkVTd3?oc=5\" target=\"_blank\" rel=\"nofollow noopener\">Detenidos dos menores de edad por la filtraci\u00f3n de datos sensibles de S\u00e1nchez y de varios ministros<\/a>&nbsp;&nbsp;El Mundo<\/li>\n<li><a href=\"https:\/\/news.google.com\/rss\/articles\/CBMitAFBVV95cUxNTHBWTDlhdGRBSm5hTjlHOHZJaENBcERzdlBhc2RmbXIwUDJQanRLbi1rajRHQW9KYWpNZmV3WjFuRDFMU0ZCdFVMSGF5S3VNVm9jM0ZWUlg3amRsVzNpcEl0OVViMTgxSTF3M0lPSDhiUlVFa0R2bktJeVpHdVdVT0JZOTFLdUloT2V6R25SRlphQVpOaHZ5UlVRRF9GM3QwZ2tITko2emEteGFoQUFRTVFGTFk?oc=5\" target=\"_blank\" rel=\"nofollow noopener\">Detenido el hacker que filtr\u00f3 datos sensibles de S\u00e1nchez y dos ministros<\/a>&nbsp;&nbsp;EL PA\u00cdS<\/li>\n<li><a href=\"https:\/\/news.google.com\/rss\/articles\/CBMiwgFBVV95cUxOdi1XSGRRY1BmVThRbjhaSU5YWlV6cDJxUHdDcUxPUFFnY0FtQWVQbWhWa05fa2RZN3J3RVBIX0NWQ0gzczZ5TFNpQlhjNXc3SG9ZYWx0YjJZamZCdzZFTVdvcHRQZDZzYVVmQTJ1Z2FqSEJldUZhbzNhalI4Qm1XenU0RlQ1eTV6TzhqeUtxR2ZpczRmdGxacGFjRWNyb0R2ZkxxZkpsd21qYXpLbVVVREVDMTVQSm9HX2s4dmxpbFA0QQ?oc=5\" target=\"_blank\" rel=\"nofollow noopener\">Detenidos dos hackers menores de edad por la filtraci\u00f3n de datos sensibles de S\u00e1nchez y varios ministros<\/a>&nbsp;&nbsp;elDiario.es<\/li>\n<li><a href=\"https:\/\/news.google.com\/rss\/articles\/CBMi1AFBVV95cUxNWVJnX3duVGREa0RHTVhZYk0xVlV3dVE2UHIzZWU3d0Y0WTNvT2s3alJib3BkdzZQQi1rZC1UUHZJVWFKTUxIcXhqTGhNaks1emVuSDYxVFB5ODJ3eWxQOG9mbUpZMEd5WVpmWXVfeFNvSnREdGc1TVRUSEJHLXNmT1R0OFVBNldNOEcyYURhVm5NbVJxVXNmWWlwLVJ6M0NaTzhrNnpUaHE2Y0dFcUNQWjh5MXE3NmlxNkZKZ25GMmtoT1hHOEpoU2dPYzdIZVByZnRqQg?oc=5\" target=\"_blank\" rel=\"nofollow noopener\">La Polic\u00eda Nacional detiene al hacker que filtr\u00f3 datos sensibles de S\u00e1nchez, Robles y Albares<\/a>&nbsp;&nbsp;La Vanguardia<\/li>\n<li><a href=\"https:\/\/news.google.com\/rss\/articles\/CBMirAFBVV95cUxQcEIwWEx0Q2NUdnlnNy1YblAwdFUxR1ZmMjB1T0hfalVCS3hpX2ZUdVhpOGlQTHg3TFV4ajQ4NFdnaVBmR2hGUGh1eFZrS2RkdHd3dktYRndTYzgyNnhjN3lqQWUzeWlqSzNEZ2FNME5xaWZJSTE2d2xvTTQ3YUZXNm1qWnpJVG5aTmFvbTE4bmI5RWEzaU1PcW5IMFBmS2k1Vm5MWDBZdGNmWUtZ?oc=5\" target=\"_blank\" rel=\"nofollow noopener\">Detenido el hacker que difundi\u00f3 datos personales de S\u00e1nchez, ministros y altos cargos del CNI<\/a>&nbsp;&nbsp;ABC<\/li>\n<\/ol>\n","protected":false},"excerpt":{"rendered":"Detenidos dos menores de edad por la filtraci\u00f3n de datos sensibles de S\u00e1nchez y de varios ministros&nbsp;&nbsp;El Mundo&hellip;\n","protected":false},"author":2,"featured_media":165776,"comment_status":"","ping_status":"","sticky":false,"template":"","format":"standard","meta":{"footnotes":""},"categories":[8],"tags":[17,18,25,24,13,14,24825,14341,48770,11,19,20,7835,764,9,10,15,16,2959,11739,23,12,21,22],"class_list":{"0":"post-165775","1":"post","2":"type-post","3":"status-publish","4":"format-standard","5":"has-post-thumbnail","7":"category-espana","8":"tag-breaking-news","9":"tag-breakingnews","10":"tag-es","11":"tag-espana","12":"tag-featured-news","13":"tag-featurednews","14":"tag-felix-bolanos","15":"tag-fernando-grande-marlaska","16":"tag-francina-armengol","17":"tag-headlines","18":"tag-latest-news","19":"tag-latestnews","20":"tag-margarita-robles","21":"tag-maria-jesus-montero","22":"tag-news","23":"tag-noticias","24":"tag-noticias-destacadas","25":"tag-noticiasdestacadas","26":"tag-pedro-sanchez","27":"tag-policia-nacional","28":"tag-spain","29":"tag-titulares","30":"tag-ultimas-noticias","31":"tag-ultimasnoticias"},"share_on_mastodon":{"url":"","error":""},"_links":{"self":[{"href":"https:\/\/www.europesays.com\/es\/wp-json\/wp\/v2\/posts\/165775","targetHints":{"allow":["GET"]}}],"collection":[{"href":"https:\/\/www.europesays.com\/es\/wp-json\/wp\/v2\/posts"}],"about":[{"href":"https:\/\/www.europesays.com\/es\/wp-json\/wp\/v2\/types\/post"}],"author":[{"embeddable":true,"href":"https:\/\/www.europesays.com\/es\/wp-json\/wp\/v2\/users\/2"}],"replies":[{"embeddable":true,"href":"https:\/\/www.europesays.com\/es\/wp-json\/wp\/v2\/comments?post=165775"}],"version-history":[{"count":0,"href":"https:\/\/www.europesays.com\/es\/wp-json\/wp\/v2\/posts\/165775\/revisions"}],"wp:featuredmedia":[{"embeddable":true,"href":"https:\/\/www.europesays.com\/es\/wp-json\/wp\/v2\/media\/165776"}],"wp:attachment":[{"href":"https:\/\/www.europesays.com\/es\/wp-json\/wp\/v2\/media?parent=165775"}],"wp:term":[{"taxonomy":"category","embeddable":true,"href":"https:\/\/www.europesays.com\/es\/wp-json\/wp\/v2\/categories?post=165775"},{"taxonomy":"post_tag","embeddable":true,"href":"https:\/\/www.europesays.com\/es\/wp-json\/wp\/v2\/tags?post=165775"}],"curies":[{"name":"wp","href":"https:\/\/api.w.org\/{rel}","templated":true}]}}