{"id":165777,"date":"2025-10-09T19:13:10","date_gmt":"2025-10-09T19:13:10","guid":{"rendered":"https:\/\/www.europesays.com\/es\/165777\/"},"modified":"2025-10-09T19:13:10","modified_gmt":"2025-10-09T19:13:10","slug":"israel-confirma-que-no-liberara-al-lider-palestino-marwan-barghouti-a-cambio-de-rehenes","status":"publish","type":"post","link":"https:\/\/www.europesays.com\/es\/165777\/","title":{"rendered":"Israel confirma que no liberar\u00e1 al l\u00edder palestino Marwan Barghouti a cambio de rehenes"},"content":{"rendered":"<p>                <img decoding=\"async\" class=\"lazy\" loading=\"lazy\" data-src=\"https:\/\/static.eldiario.es\/clip\/ae5b69a8-9f7a-4e73-8035-ab1fe332c723_16-9-aspect-ratio_default_0.jpg\" src=\"data:image\/svg+xml,%3Csvg xmlns=\" http:=\"\" viewbox=\"0 0 16 9\" alt=\"Mural de Marwan Barghouti en el campo de refugiados de Jabalia, en el norte de la Franja de Gaza,\"\/><\/p>\n<p class=\"article-text\">\n        Una portavoz de la Oficina del primer ministro, Benjam\u00edn Netanyahu, confirm\u00f3 este jueves que el preso y l\u00edder palestino Marwan Barghouti no ser\u00e1 liberado en el intercambio de detenidos palestinos a cambio de los 48 rehenes previsto durante el alto el fuego.\n    <\/p>\n<p class=\"article-text\">\n        La funcionaria, Tal Heinrich, detall\u00f3 que Marwan -destacado l\u00edder pol\u00edtico del movimiento Fatah- seguir\u00e1 en prisi\u00f3n y que la lista de los casi 2.000 palestinos que se espera sean liberados se har\u00e1 p\u00fablica esta noche, tras la reuniones del gabinete de seguridad y de Gobierno en la que Israel ratificar\u00e1 el acuerdo.\n    <\/p>\n<p class=\"article-text\">\n        Unos 250 de los liberados ser\u00e1n presos condenados a cadena perpetua, mientras que los otros 1.700 son detenidos en la Franja de Gaza, especific\u00f3 a EFE un miembro del bur\u00f3 pol\u00edtico de Ham\u00e1s.\n    <\/p>\n<p class=\"article-text\">\n        Informa <strong>EFE<\/strong>.\n    <\/p>\n","protected":false},"excerpt":{"rendered":"Una portavoz de la Oficina del primer ministro, Benjam\u00edn Netanyahu, confirm\u00f3 este jueves que el preso y l\u00edder&hellip;\n","protected":false},"author":2,"featured_media":165778,"comment_status":"","ping_status":"","sticky":false,"template":"","format":"standard","meta":{"footnotes":""},"categories":[5],"tags":[17,18,2125,10378,25,24,13,14,694,11,1458,74,19,20,9,10,15,16,23,12,1885,21,22],"class_list":{"0":"post-165777","1":"post","2":"type-post","3":"status-publish","4":"format-standard","5":"has-post-thumbnail","7":"category-titulares","8":"tag-breaking-news","9":"tag-breakingnews","10":"tag-directo","11":"tag-e","12":"tag-es","13":"tag-espana","14":"tag-featured-news","15":"tag-featurednews","16":"tag-gaza","17":"tag-headlines","18":"tag-hora","19":"tag-israel","20":"tag-latest-news","21":"tag-latestnews","22":"tag-news","23":"tag-noticias","24":"tag-noticias-destacadas","25":"tag-noticiasdestacadas","26":"tag-spain","27":"tag-titulares","28":"tag-ultima","29":"tag-ultimas-noticias","30":"tag-ultimasnoticias"},"share_on_mastodon":{"url":"","error":""},"_links":{"self":[{"href":"https:\/\/www.europesays.com\/es\/wp-json\/wp\/v2\/posts\/165777","targetHints":{"allow":["GET"]}}],"collection":[{"href":"https:\/\/www.europesays.com\/es\/wp-json\/wp\/v2\/posts"}],"about":[{"href":"https:\/\/www.europesays.com\/es\/wp-json\/wp\/v2\/types\/post"}],"author":[{"embeddable":true,"href":"https:\/\/www.europesays.com\/es\/wp-json\/wp\/v2\/users\/2"}],"replies":[{"embeddable":true,"href":"https:\/\/www.europesays.com\/es\/wp-json\/wp\/v2\/comments?post=165777"}],"version-history":[{"count":0,"href":"https:\/\/www.europesays.com\/es\/wp-json\/wp\/v2\/posts\/165777\/revisions"}],"wp:featuredmedia":[{"embeddable":true,"href":"https:\/\/www.europesays.com\/es\/wp-json\/wp\/v2\/media\/165778"}],"wp:attachment":[{"href":"https:\/\/www.europesays.com\/es\/wp-json\/wp\/v2\/media?parent=165777"}],"wp:term":[{"taxonomy":"category","embeddable":true,"href":"https:\/\/www.europesays.com\/es\/wp-json\/wp\/v2\/categories?post=165777"},{"taxonomy":"post_tag","embeddable":true,"href":"https:\/\/www.europesays.com\/es\/wp-json\/wp\/v2\/tags?post=165777"}],"curies":[{"name":"wp","href":"https:\/\/api.w.org\/{rel}","templated":true}]}}