{"id":16578,"date":"2025-07-31T15:15:10","date_gmt":"2025-07-31T15:15:10","guid":{"rendered":"https:\/\/www.europesays.com\/es\/16578\/"},"modified":"2025-07-31T15:15:10","modified_gmt":"2025-07-31T15:15:10","slug":"asensio-se-queda-sin-nada","status":"publish","type":"post","link":"https:\/\/www.europesays.com\/es\/16578\/","title":{"rendered":"Asensio se queda sin nada"},"content":{"rendered":"<p class=\"ft-text\"><a href=\"https:\/\/www.sport.es\/es\/temas\/marco-asensio-42942\" class=\"ft-link ft-link--decoration\" rel=\"nofollow noopener\" target=\"_blank\"><strong>Marco Asensio<\/strong><\/a> tiene las horas contadas en <strong>Par\u00eds<\/strong>. Es algo que el mallorqu\u00edn tiene asumido desde hace semanas, cuando volvi\u00f3 a la ciudad deportiva del PSG para ejercitarse con el filial del equipo parisino, aunque su salida de la capital est\u00e1 costando m\u00e1s de lo que se esperaba y la <strong>incertidumbre sobre su futuro<\/strong> crece por momentos.<\/p>\n<p class=\"ft-text\">El mediapunta al <strong>Aston Villa<\/strong> este pasado mes de enero para tener minutos fuera de <strong>Par\u00eds<\/strong>. En Inglaterra, el mallorqu\u00edn record\u00f3 al mundo del f\u00fatbol que sigue teniendo f\u00fatbol para rato, aunque los villanos no terminaron de decidirse por su fichaje tras una <strong>cesi\u00f3n fructuosa<\/strong> para todas las partes.<\/p>\n<p>No cuenta para Luis Enrique<\/p>\n<p class=\"ft-text\">A su vuelta a <strong>Par\u00eds<\/strong>, la situaci\u00f3n no hab\u00eda cambiado. <strong>Luis Enrique<\/strong> no cuenta con el mallorqu\u00edn para la pr\u00f3xima temporada, as\u00ed que <strong>Asensio <\/strong>tiene claro que debe buscarse una salida en los pr\u00f3ximos d\u00edas si quiere seguir teniendo minutos en la \u00e9lite. El mallorqu\u00edn espera ahora a que se resuelva su futuro mientras los <strong>clubes interesados en su fichaje se suceden uno tras otro<\/strong>.<\/p>\n<p class=\"ft-text\">Quien m\u00e1s cerca estuvo de hacerse con los servicios del jugador fue el <strong>Fenerbah\u00e7e<\/strong>. El equipo dirigido por <strong>Jos\u00e9 Mourinho<\/strong> alcanz\u00f3 un acuerdo por el traspaso del mediapunta, aunque una serie de discrepancias en t\u00e9rminos contractuales terminaron por echar por tierra una operaci\u00f3n que parec\u00eda encarrilada.<\/p>\n<p><img decoding=\"async\" src=\"https:\/\/www.europesays.com\/es\/wp-content\/uploads\/2025\/07\/a96cc624-a863-4e04-9604-2da2fb3e805c_alta-libre-aspect-ratio_default_0.jpg\" width=\"1200\" height=\"675\" alt=\"Marco Asensio, goleador euf\u00f3rico\" class=\"ft-helper-img-rd\" loading=\"lazy\" hasdataaida=\"true\"\/><\/p>\n<p class=\"ft-helper-fontColor-quaternary ft-helper-fontSize-body-S ft-helper-spacer-t-xxs\">Marco Asensio, goleador euf\u00f3rico  \/ X<\/p>\n<p class=\"ft-text\">En las \u00faltimas horas se ha sumado el inter\u00e9s del <a href=\"https:\/\/www.sport.es\/es\/noticias\/calcio\/inter-milan-le-echa-ojo-119529617\" class=\"ft-link ft-link--decoration\" rel=\"nofollow noopener\" target=\"_blank\"><strong>Benfica<\/strong><\/a><strong> <\/strong>que se habr\u00eda interesado en el futuro de Marco Asensio para hacerse con sus servicios. El club portugu\u00e9s habr\u00eda llegado a los <strong>11 millones de euros<\/strong> por el jugador a la espera de una respuesta del <strong>PSG<\/strong>, que tambi\u00e9n est\u00e1 a la expectativa de un posible movimiento desde Italia por parte del <strong>Inter de Mil\u00e1n<\/strong>, tambi\u00e9n interesado en su futuro.<\/p>\n<p class=\"ft-text\">En Par\u00eds tienen claro que de salir, <strong>Marco Asensio<\/strong> lo har\u00e1 a trav\u00e9s de una venta. <strong>Su contrato termina en junio de 2026 <\/strong>y la posibilidad de que el mallorqu\u00edn termine abandonando el PSG como agente libre sigue estando presente. D\u00edas clave para decidir el futuro del mallorqu\u00edn, que afrontar\u00e1 una nueva oportunidad para recuperar su mejor nivel la pr\u00f3xima temporada&#8230; <strong>lejos de Par\u00eds<\/strong>.<\/p>\n","protected":false},"excerpt":{"rendered":"Marco Asensio tiene las horas contadas en Par\u00eds. Es algo que el mallorqu\u00edn tiene asumido desde hace semanas,&hellip;\n","protected":false},"author":2,"featured_media":16579,"comment_status":"","ping_status":"","sticky":false,"template":"","format":"standard","meta":{"footnotes":""},"categories":[268],"tags":[10781,168,25,24,280,282,10402,10782,1239,4409,281,23,167],"class_list":{"0":"post-16578","1":"post","2":"type-post","3":"status-publish","4":"format-standard","5":"has-post-thumbnail","7":"category-futbol","8":"tag-asensio","9":"tag-deportes","10":"tag-es","11":"tag-espana","12":"tag-football","13":"tag-futbol","14":"tag-luis-enrique","15":"tag-marco-asensio","16":"tag-mercado","17":"tag-psg","18":"tag-soccer","19":"tag-spain","20":"tag-sports"},"share_on_mastodon":{"url":"","error":""},"_links":{"self":[{"href":"https:\/\/www.europesays.com\/es\/wp-json\/wp\/v2\/posts\/16578","targetHints":{"allow":["GET"]}}],"collection":[{"href":"https:\/\/www.europesays.com\/es\/wp-json\/wp\/v2\/posts"}],"about":[{"href":"https:\/\/www.europesays.com\/es\/wp-json\/wp\/v2\/types\/post"}],"author":[{"embeddable":true,"href":"https:\/\/www.europesays.com\/es\/wp-json\/wp\/v2\/users\/2"}],"replies":[{"embeddable":true,"href":"https:\/\/www.europesays.com\/es\/wp-json\/wp\/v2\/comments?post=16578"}],"version-history":[{"count":0,"href":"https:\/\/www.europesays.com\/es\/wp-json\/wp\/v2\/posts\/16578\/revisions"}],"wp:featuredmedia":[{"embeddable":true,"href":"https:\/\/www.europesays.com\/es\/wp-json\/wp\/v2\/media\/16579"}],"wp:attachment":[{"href":"https:\/\/www.europesays.com\/es\/wp-json\/wp\/v2\/media?parent=16578"}],"wp:term":[{"taxonomy":"category","embeddable":true,"href":"https:\/\/www.europesays.com\/es\/wp-json\/wp\/v2\/categories?post=16578"},{"taxonomy":"post_tag","embeddable":true,"href":"https:\/\/www.europesays.com\/es\/wp-json\/wp\/v2\/tags?post=16578"}],"curies":[{"name":"wp","href":"https:\/\/api.w.org\/{rel}","templated":true}]}}