{"id":165784,"date":"2025-10-09T19:19:07","date_gmt":"2025-10-09T19:19:07","guid":{"rendered":"https:\/\/www.europesays.com\/es\/165784\/"},"modified":"2025-10-09T19:19:07","modified_gmt":"2025-10-09T19:19:07","slug":"derek-gee-alude-a-preocupaciones-de-seguridad-y-de-creencias-personales-en-su-salida-del-israel","status":"publish","type":"post","link":"https:\/\/www.europesays.com\/es\/165784\/","title":{"rendered":"Derek Gee alude a \u00abpreocupaciones de seguridad y de creencias personales\u00bb en su salida del Israel"},"content":{"rendered":"<p data-mrf-recirculation=\"Links P\u00e1rrafos\" class=\"ue-c-article__paragraph paragraph ue-c-article--first-letter-highlighted\">Siguen <strong>los problemas entre Derek Gee y el equipo Israel &#8211; Premier Tech<\/strong>. El ciclista canadiense, ahora mismo sin equipo, ha publicado en sus redes sociales un comunicado para defenderse. Aunque informa de que no puede hablar de procedimientos legales que todav\u00eda est\u00e1n abiertos, anuncia que <strong>rompi\u00f3 su contrato con el equipo por una \u00abrelaci\u00f3n irreparable con el director\u00bb<\/strong>, as\u00ed como por \u00abserias preocupaciones relacionadas con correr para este equipo, tanto desde el punto de vista de <strong>la seguridad como de creencias personales<\/strong> que ten\u00edan un gran peso en mi conciencia\u00bb. Adem\u00e1s, explic\u00f3 que afronta una demanda del IPT por da\u00f1os que <strong>le exige unos 30 millones de euros.\u00a0<\/strong><\/p>\n<p data-mrf-recirculation=\"Links P\u00e1rrafos\" class=\"ue-c-article__paragraph paragraph\">\u00abQuiero aclarar algunos rumores sobre mi situaci\u00f3n actual, despu\u00e9s de las declaraciones publicadas recientemente por mi antiguo equipo, que ha dicho que mi caso est\u00e1 ahora en el Tribunal arbitral de la UCI\u00bb, comienza el comunicado de Gee. El canadiense, despu\u00e9s de quedarse fuera de la Vuelta a Espa\u00f1a 2025 a \u00faltima hora, <a href=\"https:\/\/www.marca.com\/ciclismo\/2025\/08\/25\/derek-gee-termina-vinculo-israel-premier-tech-situaciones-hicieron-insostenible-mi-estancia-equipo.html\" target=\"_blank\" rel=\"nofollow noopener\">solicit\u00f3 rescindir su contrato<\/a> (vigente hasta 2028) de forma anticipada. <strong>El Israel &#8211; Premier Tech inform\u00f3 entonces de que no aceptaba<\/strong> esa renuncia: \u00abEl corredor hab\u00eda mantenido reuniones con la direcci\u00f3n para renegociar las condiciones de su contrato, pero <strong>el equipo considera que este sigue siendo legalmente vinculante hasta 2028<\/strong>\u00ab.\u00a0<\/p>\n<p data-mrf-recirculation=\"Links P\u00e1rrafos\" class=\"ue-c-article__paragraph paragraph\">Ahora, Derek Gee pretende aportar m\u00e1s luz sobre el conflicto. \u00abS\u00e9 que mucha gente esperaba una actualizaci\u00f3n y, aunque no puedo comentar nada sobre los procesos en curso, me parece importante contar mi versi\u00f3n de los hechos. <strong>Rescind\u00ed mi contrato con una causa justa, como tiene derecho a hacer cualquier persona <\/strong>cuando ya no puede seguir trabajando en las condiciones existentes. No fue una decisi\u00f3n que tomase a la ligera: <strong>vino a causa de una relaci\u00f3n irreparable con el director<\/strong> del equipo, adem\u00e1s de serias preocupaciones relacionadas con correr para este equipo, tanto desde el punto de vista de la <strong>seguridad como de creencias personales que ten\u00edan un gran peso en mi conciencia\u00bb<\/strong>, explica.\u00a0\u00a0<\/p>\n<p data-mrf-recirculation=\"Links P\u00e1rrafos\" class=\"ue-c-article__paragraph paragraph\">Adem\u00e1s, el canadiense ha querido aclarar que su renuncia al Israel no tuvo nada que ver con su salario: \u00ab<strong>El dinero no fue lo que me llev\u00f3 a rescindir el contrato. Irme signific\u00f3 arriesgarme a quedarme sin equipo <\/strong>ni protecci\u00f3n si me lesiono. Es un riesgo que asum\u00ed &#8211; y sigo asumiendo &#8211; porque <strong>simplemente no pod\u00eda seguir corriendo para ese equipo<\/strong>\u00ab.\u00a0<\/p>\n<blockquote class=\"ue-c-article__blockquote\">\n<p>Ahora me enfrento a una demanda por da\u00f1os que supera los 30 millones de euros, s\u00f3lo por ejercer mis derechos fundamentales<\/p>\n<p>Derek Gee, ciclista<\/p><\/blockquote>\n<p data-mrf-recirculation=\"Links P\u00e1rrafos\" class=\"ue-c-article__paragraph paragraph\">En cambio, acusa al equipo de exigirle alrededor de 30 millones de euros: \u00abEntiendo que el equipo lo vea distinto, y que es cosa de las autoridades competentes decidir, pero ahora <strong>me enfrento a lo que entiendo es una demanda por da\u00f1os que supera los 30 millones de euros<\/strong>, s\u00f3lo por ejercer mis derechos fundamentales como profesional y como persona. No son las cifras ni las situaciones con las que sue\u00f1a un deportista cuanto decide convertirse en ciclista profesional. <strong>Creo que esto va en contra de los valores que el deporte deber\u00eda defender.<\/strong> Estas acciones tambi\u00e9n reflejan los mismos problemas que llevaron a que la relaci\u00f3n se rompiera en un principio\u00bb.\u00a0<\/p>\n<p data-mrf-recirculation=\"Links P\u00e1rrafos\" class=\"ue-c-article__paragraph paragraph\">As\u00ed, <strong>a pesar de que Gee se encontraba en el mejor momento de su carrera<\/strong>, como campe\u00f3n nacional de Canad\u00e1 en ruta, cuarto en la general del Giro de Italia y en la Tirreno-Adri\u00e1tico y campe\u00f3n de O Gran Cami\u00f1o, el ciclista <strong>no se arrepiente de nada<\/strong>: \u00abEsto s\u00f3lo refuerza mi convicci\u00f3n de que dejar el equipo fue la decisi\u00f3n correcta, <strong>sin importar los anuncios recientes sobre cambios de imagen o ajustes internos<\/strong>\u00ab. En los \u00faltimos d\u00edas, el equipo <a href=\"https:\/\/www.marca.com\/ciclismo\/2025\/10\/06\/acabo-israel-premier-tech-cambiaran-nombre-e-identidad.html\" target=\"_blank\" rel=\"nofollow noopener\">Israel &#8211; Premier Tech hab\u00eda anunciado<\/a> que dejar\u00eda de competir \u00ab<strong>con el actual nombre y la imagen del equipo<\/strong>, alej\u00e1ndose de su actual identidad israel\u00ed\u00bb, as\u00ed como que Sylvan Adams, el director, dar\u00eda un paso atr\u00e1s. Para Derek Gee, esos cambios no son cre\u00edbles.<\/p>\n","protected":false},"excerpt":{"rendered":"Siguen los problemas entre Derek Gee y el equipo Israel &#8211; Premier Tech. El ciclista canadiense, ahora mismo&hellip;\n","protected":false},"author":2,"featured_media":165785,"comment_status":"","ping_status":"","sticky":false,"template":"","format":"standard","meta":{"footnotes":""},"categories":[273],"tags":[313,312,168,25,24,23,167],"class_list":{"0":"post-165784","1":"post","2":"type-post","3":"status-publish","4":"format-standard","5":"has-post-thumbnail","7":"category-ciclismo","8":"tag-ciclismo","9":"tag-cycling","10":"tag-deportes","11":"tag-es","12":"tag-espana","13":"tag-spain","14":"tag-sports"},"share_on_mastodon":{"url":"","error":""},"_links":{"self":[{"href":"https:\/\/www.europesays.com\/es\/wp-json\/wp\/v2\/posts\/165784","targetHints":{"allow":["GET"]}}],"collection":[{"href":"https:\/\/www.europesays.com\/es\/wp-json\/wp\/v2\/posts"}],"about":[{"href":"https:\/\/www.europesays.com\/es\/wp-json\/wp\/v2\/types\/post"}],"author":[{"embeddable":true,"href":"https:\/\/www.europesays.com\/es\/wp-json\/wp\/v2\/users\/2"}],"replies":[{"embeddable":true,"href":"https:\/\/www.europesays.com\/es\/wp-json\/wp\/v2\/comments?post=165784"}],"version-history":[{"count":0,"href":"https:\/\/www.europesays.com\/es\/wp-json\/wp\/v2\/posts\/165784\/revisions"}],"wp:featuredmedia":[{"embeddable":true,"href":"https:\/\/www.europesays.com\/es\/wp-json\/wp\/v2\/media\/165785"}],"wp:attachment":[{"href":"https:\/\/www.europesays.com\/es\/wp-json\/wp\/v2\/media?parent=165784"}],"wp:term":[{"taxonomy":"category","embeddable":true,"href":"https:\/\/www.europesays.com\/es\/wp-json\/wp\/v2\/categories?post=165784"},{"taxonomy":"post_tag","embeddable":true,"href":"https:\/\/www.europesays.com\/es\/wp-json\/wp\/v2\/tags?post=165784"}],"curies":[{"name":"wp","href":"https:\/\/api.w.org\/{rel}","templated":true}]}}