{"id":165788,"date":"2025-10-09T19:21:07","date_gmt":"2025-10-09T19:21:07","guid":{"rendered":"https:\/\/www.europesays.com\/es\/165788\/"},"modified":"2025-10-09T19:21:07","modified_gmt":"2025-10-09T19:21:07","slug":"real-madrid-asvel-villeurbanne-en-directo","status":"publish","type":"post","link":"https:\/\/www.europesays.com\/es\/165788\/","title":{"rendered":"Real Madrid &#8211; Asvel Villeurbanne en directo"},"content":{"rendered":"\n<p class=\"ue-c-article__paragraph \">Buenas noches a todos y bienvenidos a esta narraci\u00f3n en directo en la que les vamos a contar todo lo que acontezca en el partido entre el Real Madrid y el ASVEL Villeurbanne correspondiente a la tercera jornada de la Euroliga, liderada hasta ahora por Valencia y Zalgiris, \u00fanicos invictos (2-0) tras caer ayer el Hapoel Tel Aviv ante el Maccabi (90-103).<\/p>\n<p class=\"ue-c-article__paragraph \">Los blancos son s\u00e9ptimos con una derrota, la que sufrieron en la primera jornada ante la Virtus Bolonia (74-68) y una victoria de prestigio en la segunda ante el potente Olympiacos (89-77). Id\u00e9ntico balance presentan los franceses tras imponerse al Baskonia (102-95) y perder ante el Valencia (77-80).<\/p>\n<p class=\"ue-c-article__paragraph \">El base Theo Maledon, uno de los fichajes estrella del Real Madrid esta temporada, no podr\u00e1 jugar ante su exequipo al estar lesionado. Y tampoco podr\u00e1n contar los blancos con otra de sus nuevas incorporaciones, el escolta Gabriele Procida, ni con el ala-p\u00edvot Usman Garuba, ambos con problemas f\u00edsicos.<\/p>\n<p class=\"ue-c-article__paragraph \">En el ASVEL Villeurbane est\u00e1n renqueantes y son duda dos de sus bases, Tomas Heurtel, que jug\u00f3 en al Real Madrid en la temporada 2021-22 y que acaba de demandar al Barcelona reclam\u00e1ndole 1,5 millones por su no fichaje en 2024, y Nando de Colo. Ambos se pedrieron el partido de la Liga gala del domingo y su concurso hoy est\u00e1 en el alero.<\/p>\n<p class=\"ue-c-article__paragraph \">El entrenador del Real Madrid, Sergio Scariolo, resta importancia a los resultados en esta fase embrionaria de la competici\u00f3n y tambi\u00e9n a las ausencias de su equipo, que \u00e9l ve en clave de oportunidades para otros jugadores: \u00abServir\u00e1 para que Andr\u00e9s Feliz siga afianz\u00e1ndose en esa mejora que en la \u00faltima parte de la temporada pasada hab\u00eda dado, para que Bruno Fernando siga progresando y para que Izan Almansa est\u00e9 preparado para coger la oportunidad cuando se le presente\u00bb.<\/p>\n<p class=\"ue-c-article__paragraph \">Tambi\u00e9n destac\u00f3 Scariolo la peligrosidad del ASVEL, poniendo en valor su calidad: \u00abEs un equipo muy atl\u00e9tico, con mucha capacidad de tiro en distintas posiciones, y tambi\u00e9n con cierta experiencia en algunos jugadores clave\u00bb. Los mejores del conjunto galo en las dos primeras jornadas han sido De Colo (14,5+2+4), Seljas (16+6,5+2), Ndiaye (8+5+1,5) y Lighty (9+3,5+2,5). Y en el Madrid destacaron Deck (12,5+5), Campazzo (8,5+3+6,5) y Hezonja (16+3+1,5).<\/p>\n<p class=\"ue-c-article__paragraph \">Antes de que arranque el partido queremos pulsar tu opini\u00f3n para saber qui\u00e9n crees que ser\u00e1 el jugador m\u00e1s deterrminante esta noche. Gracias por tu participaci\u00f3n.<\/p>\n","protected":false},"excerpt":{"rendered":"Buenas noches a todos y bienvenidos a esta narraci\u00f3n en directo en la que les vamos a contar&hellip;\n","protected":false},"author":2,"featured_media":165789,"comment_status":"","ping_status":"","sticky":false,"template":"","format":"standard","meta":{"footnotes":""},"categories":[269],"tags":[48771,299,298,168,25,24,833,10765,23,167],"class_list":{"0":"post-165788","1":"post","2":"type-post","3":"status-publish","4":"format-standard","5":"has-post-thumbnail","7":"category-baloncesto","8":"tag-asvel-lyon-villeurbanne","9":"tag-baloncesto","10":"tag-basketball","11":"tag-deportes","12":"tag-es","13":"tag-espana","14":"tag-euroliga","15":"tag-real-madrid-baloncesto","16":"tag-spain","17":"tag-sports"},"share_on_mastodon":{"url":"","error":""},"_links":{"self":[{"href":"https:\/\/www.europesays.com\/es\/wp-json\/wp\/v2\/posts\/165788","targetHints":{"allow":["GET"]}}],"collection":[{"href":"https:\/\/www.europesays.com\/es\/wp-json\/wp\/v2\/posts"}],"about":[{"href":"https:\/\/www.europesays.com\/es\/wp-json\/wp\/v2\/types\/post"}],"author":[{"embeddable":true,"href":"https:\/\/www.europesays.com\/es\/wp-json\/wp\/v2\/users\/2"}],"replies":[{"embeddable":true,"href":"https:\/\/www.europesays.com\/es\/wp-json\/wp\/v2\/comments?post=165788"}],"version-history":[{"count":0,"href":"https:\/\/www.europesays.com\/es\/wp-json\/wp\/v2\/posts\/165788\/revisions"}],"wp:featuredmedia":[{"embeddable":true,"href":"https:\/\/www.europesays.com\/es\/wp-json\/wp\/v2\/media\/165789"}],"wp:attachment":[{"href":"https:\/\/www.europesays.com\/es\/wp-json\/wp\/v2\/media?parent=165788"}],"wp:term":[{"taxonomy":"category","embeddable":true,"href":"https:\/\/www.europesays.com\/es\/wp-json\/wp\/v2\/categories?post=165788"},{"taxonomy":"post_tag","embeddable":true,"href":"https:\/\/www.europesays.com\/es\/wp-json\/wp\/v2\/tags?post=165788"}],"curies":[{"name":"wp","href":"https:\/\/api.w.org\/{rel}","templated":true}]}}