{"id":165790,"date":"2025-10-09T19:22:08","date_gmt":"2025-10-09T19:22:08","guid":{"rendered":"https:\/\/www.europesays.com\/es\/165790\/"},"modified":"2025-10-09T19:22:08","modified_gmt":"2025-10-09T19:22:08","slug":"la-dana-alice-lleva-a-aplazar-el-hercules-atletico-madrileno-y-sigue-amenazando-el-espana-georgia-la-roja-retrasa-su-viaje-al-sabado","status":"publish","type":"post","link":"https:\/\/www.europesays.com\/es\/165790\/","title":{"rendered":"La Dana &#8216;Alice&#8217; lleva a aplazar el H\u00e9rcules-Atl\u00e9tico Madrile\u00f1o y sigue amenazando el Espa\u00f1a-Georgia: La Roja retrasa su viaje al s\u00e1bado"},"content":{"rendered":"<p>ALICANTE. La<strong> Dana &#8216;Alice&#8217;<\/strong> ha llevado a la <strong>Real Federaci\u00f3n Espa\u00f1ola de F\u00fatbol <\/strong>(<strong>RFEF<\/strong>) a\u00a0suspender\u00a0la disputa del encuentro\u00a0de la jornada s\u00e9ptima en<strong>\u00a0Primera Federaci\u00f3n<\/strong>\u00a0entre el <strong>H\u00e9rcules <\/strong>y el<strong> Atl\u00e9tico Madrile\u00f1o<\/strong>\u00a0que estaba previsto para la tarde-noche de este viernes en el <strong>estadio Rico P\u00e9rez<\/strong>.<\/p>\n<p><strong>Rafael Alonso<\/strong>, <strong>Juez \u00danico de Competiciones No Profesionales<\/strong>, resolv\u00eda este jueves lo anterior y emplazaba a ambos clubes a proponer una fecha y horas alternativas ante de las 15 horas del viernes o en caso contrario las establecer\u00e1 de manera unilateral.<\/p>\n<p>La resoluci\u00f3n emanada desde la REFF ha tenido presente la\u00a0<strong>comunicaci\u00f3n de la concejal\u00eda de Deportes<\/strong> del <strong>Ayuntamiento de Alicante<\/strong> en la que se establece \u00abla clausura de todas las instalaciones deportivas de la ciudad con motivo de la declaraci\u00f3n de alerta roja por lluvias torrenciales\u00bb para la jornada del viernes.<\/p>\n<p><strong>Espa\u00f1a-Georgia<\/strong><\/p>\n<blockquote class=\"twitter-tweet\"><p>&#13;<\/p>\n<p dir=\"ltr\" lang=\"es\">\ud83d\udea8 \ud835\udde2\ud835\uddd9\ud835\udddc\ud835\uddd6\ud835\udddc\ud835\uddd4\ud835\udddf | La RFEF aplaza el viaje de la <a href=\"https:\/\/twitter.com\/SEFutbol?ref_src=twsrc%5Etfw\" rel=\"nofollow noopener\" target=\"_blank\">@SEFutbol<\/a> a Elche debido a las condiciones meteorol\u00f3gicas.<\/p>\n<p>\u2139\ufe0f <a href=\"https:\/\/t.co\/OvjVIYp9F7\" rel=\"nofollow\">https:\/\/t.co\/OvjVIYp9F7<\/a> <a href=\"https:\/\/t.co\/4gVPpL7WJj\" rel=\"nofollow\">pic.twitter.com\/4gVPpL7WJj<\/a><\/p>\n<p>&#13;<br \/>\n\u2014 RFEF (@rfef) <a href=\"https:\/\/twitter.com\/rfef\/status\/1976352033700782389?ref_src=twsrc%5Etfw\" rel=\"nofollow noopener\" target=\"_blank\">October 9, 2025<\/a><\/p><\/blockquote>\n<p>La <strong>Agencia Estatal de Meteorolog\u00eda<\/strong> (<strong>AEMET<\/strong>) ha decretado para este viernes, desde las 10 de la ma\u00f1ana a la medianoche, el aviso rojo en el litoral sur de Alicante\u00a0por lluvias que pueden acumular 60 litros por metro cuadrado en una hora y 180 litros por metro cuadrado en doce horas. Precisamente a lo largo del\u00a0d\u00eda ten\u00eda previsto llegar al <strong>aeropuerto Alicante-Elche Miguel Hern\u00e1ndez <\/strong>la <strong>Selecci\u00f3n espa\u00f1ola<\/strong>, que ha de medirse en el <strong>Mart\u00ednez Valero<\/strong> de Elche desde las 20:45 horas del s\u00e1bado a <strong>Georgia\u00a0<\/strong>en partido de clasificaci\u00f3n para el <strong>Mundial 2026<\/strong>. Sin embargo, previa autorizaci\u00f3n de la <strong>UEFA<\/strong>, el combinado de <strong>Luis de la Fuente<\/strong> retrasa su viaje al propio s\u00e1bado.<\/p>\n<p>Lo anterior implica tambi\u00e9n que\u00a0comparecencia de prensa del seleccionador y de <strong>Mikel Merino<\/strong>, que estaba prevista para las 20 horas del s\u00e1bado en el Mart\u00ednez Valero se llevar\u00e1 a cabo desde las 13 horas del viernes en la <strong>Ciudad del F\u00fabol de Las Rozas<\/strong>, que a su vez ser\u00e1 escenario del \u00faltimo entrenamiento de <strong>La Roja<\/strong>.<\/p>\n<p>Ahora mismo AEMET tiene vigente para el litoral sur de Alicante una alerta naranja\u00a0por precipitaciones de 40 litros por metro cuadrado en una hora y 100 litros en doce horas hasta primera hora de la tarde del s\u00e1bado, momento en el que la misma pasa a amarilla.<\/p>\n<p>\u00abLa RFEF est\u00e1 en comunicaci\u00f3n permanente con las autoridades de la zona e informar\u00e1 puntualmente de las novedades que surjan en relaci\u00f3n con el operativo organizado con motivo del encuentro internacional\u00bb, se\u00f1alaba este jueves la RFEF que tambi\u00e9n ha cancelado\u00a0las XIV Jornadas Jur\u00eddicas que iba a acoger la pla\u00e7a de Baix de Elche e incluso\u00a0una reuni\u00f3n de su\u00a0junta directiva.<\/p>\n<p>\t\t\t\t\t\t\t\t<script async src=\"https:\/\/platform.twitter.com\/widgets.js\" charset=\"utf-8\"><\/script><\/p>\n","protected":false},"excerpt":{"rendered":"ALICANTE. La Dana &#8216;Alice&#8217; ha llevado a la Real Federaci\u00f3n Espa\u00f1ola de F\u00fatbol (RFEF) a\u00a0suspender\u00a0la disputa del encuentro\u00a0de&hellip;\n","protected":false},"author":2,"featured_media":165791,"comment_status":"","ping_status":"","sticky":false,"template":"","format":"standard","meta":{"footnotes":""},"categories":[268],"tags":[168,25,24,280,282,281,23,167],"class_list":{"0":"post-165790","1":"post","2":"type-post","3":"status-publish","4":"format-standard","5":"has-post-thumbnail","7":"category-futbol","8":"tag-deportes","9":"tag-es","10":"tag-espana","11":"tag-football","12":"tag-futbol","13":"tag-soccer","14":"tag-spain","15":"tag-sports"},"share_on_mastodon":{"url":"","error":""},"_links":{"self":[{"href":"https:\/\/www.europesays.com\/es\/wp-json\/wp\/v2\/posts\/165790","targetHints":{"allow":["GET"]}}],"collection":[{"href":"https:\/\/www.europesays.com\/es\/wp-json\/wp\/v2\/posts"}],"about":[{"href":"https:\/\/www.europesays.com\/es\/wp-json\/wp\/v2\/types\/post"}],"author":[{"embeddable":true,"href":"https:\/\/www.europesays.com\/es\/wp-json\/wp\/v2\/users\/2"}],"replies":[{"embeddable":true,"href":"https:\/\/www.europesays.com\/es\/wp-json\/wp\/v2\/comments?post=165790"}],"version-history":[{"count":0,"href":"https:\/\/www.europesays.com\/es\/wp-json\/wp\/v2\/posts\/165790\/revisions"}],"wp:featuredmedia":[{"embeddable":true,"href":"https:\/\/www.europesays.com\/es\/wp-json\/wp\/v2\/media\/165791"}],"wp:attachment":[{"href":"https:\/\/www.europesays.com\/es\/wp-json\/wp\/v2\/media?parent=165790"}],"wp:term":[{"taxonomy":"category","embeddable":true,"href":"https:\/\/www.europesays.com\/es\/wp-json\/wp\/v2\/categories?post=165790"},{"taxonomy":"post_tag","embeddable":true,"href":"https:\/\/www.europesays.com\/es\/wp-json\/wp\/v2\/tags?post=165790"}],"curies":[{"name":"wp","href":"https:\/\/api.w.org\/{rel}","templated":true}]}}