{"id":165806,"date":"2025-10-09T19:31:13","date_gmt":"2025-10-09T19:31:13","guid":{"rendered":"https:\/\/www.europesays.com\/es\/165806\/"},"modified":"2025-10-09T19:31:13","modified_gmt":"2025-10-09T19:31:13","slug":"asi-son-los-concursantes-de-benidorm-fest-2026","status":"publish","type":"post","link":"https:\/\/www.europesays.com\/es\/165806\/","title":{"rendered":"as\u00ed son los concursantes de Benidorm Fest 2026"},"content":{"rendered":"<p style=\"\">Lo m\u00e1s parecido a la presentaci\u00f3n de los artistas del<a href=\"https:\/\/www.abc.es\/play\/television\/eurovision\/concursantes-benidorm-fest-2026-lista-cantantes-confirmados-20251009173410-nt.html\" data-voc-vtm-id=\"in-text-traffic\" title=\" Benidorm Fest\" rel=\"nofollow noopener\" target=\"_blank\"> Benidorm Fest<\/a> es la apertura de las puertas de una tienda en las rebajas. Los eurofans se agolpan y corren por las callejuelas de Prado de Rey para llegar al plat\u00f3 donde se van  &#8230; a conocer los nombres de los candidatos a representar a Espa\u00f1a en Eurovisi\u00f3n. Aunque la participaci\u00f3n de Espa\u00f1a est\u00e1 en el aire, ya que si sigue Israel en el Eurovisi\u00f3n,<a href=\"https:\/\/www.abc.es\/play\/television\/eurovision\/espana-ira-eurovision-israel-participa-festival-20250916115436-nt.html\" data-voc-vtm-id=\"in-text-traffic\" title=\" RTVE ha amenazado con marcharse\" rel=\"nofollow noopener\" target=\"_blank\"> RTVE ha amenazado con marcharse<\/a>. \u00abLa posici\u00f3n de esta casa es muy clara y es p\u00fablica y por ahora estamos esperando a esa reuni\u00f3n en noviembre. Lo vamos contando todo seg\u00fan van ocurriendo las cosas. En estos momentos estamos en la misma decisi\u00f3n\u00bb, asegur\u00f3 este jueves Mar\u00eda Eizaguirre, directora de comunicaci\u00f3n de RTVE. No ha sido un impedimento para que se hayan presentado <strong>900 solicitudes para participar en el Benidorm Fest<\/strong>. \u00abEsto es un reality, as\u00ed es la vida misma\u00bb, indic\u00f3 Eizaguirre. \u00abHemos podido hablar con todas las discogr\u00e1ficas y hemos hecho mucha labor de motor de m\u00fasica\u00bb, reconoci\u00f3 C\u00e9sar Vallejo, jefe de la delegaci\u00f3n espa\u00f1ola en Eurovisi\u00f3n. <\/p>\n<p class=\"voc-p\" style=\"\">A continuaci\u00f3n, ha sido el turno de dar a conocer los nombres de los concursantes. La primera candidata fue Asha, que ha colaborado con C. Tangana y Lola \u00cdndigo, entre otros artistas. \u00abEs incre\u00edble y no me esperaba participar aqu\u00ed. Creo que va a ser un aprendizaje porque me gusta mucho hacer cosas nuevas\u00bb. A continuaci\u00f3n ha entrado Ayat. \u00abLo que cuesta guardar un secreto, estoy ilusionada y agradecida. Est\u00e1 siendo incre\u00edble. La m\u00fasica lo es todo desde que tengo uso de raz\u00f3n. Mi nombre viene porque mi padre es egipcio. Mi nombre art\u00edstico es mi nombre real\u00bb, explicaba la joven. Dani J ha sido el siguiente nombrado, seg\u00fan RTVE uno de los bachateros m\u00e1s conocidos de Europa. \u00abLa mayor\u00eda de mis conciertos son fuera de Espa\u00f1a as\u00ed que estoy contento de volver a casa\u00bb, comentaba. <\/p>\n<p class=\"voc-p\" style=\"\">Los siguientes en presentarse han sido <strong>Dora y Marlon Collins.<\/strong> \u00abEstamos muy contentos de estar aqu\u00ed. Esta uni\u00f3n surge de que somos colegas y ha salido aqu\u00ed, queremos darlo todo. Todos por y para crear la m\u00fasica\u00bb, comentaban. Una de las voces m\u00e1s reconocibles del pop espa\u00f1ol en entrar en el plat\u00f3 ha sido Funambulista. \u00abTengo muchas ganas de reivindicar esto que hacemos de tener m\u00fasica en la televisi\u00f3n. Tenemos que aprovechar para hacer canciones. He venido a esta casa muchas veces y se respira una ilusi\u00f3n distinta que nos va a llevar de la mano a todos\u00bb, comentaba el cantante. <\/p>\n<p class=\"voc-p\" style=\"\">Criado entre Tokio, Berl\u00edn y Madrid y con experiencia componiendo la canci\u00f3n de Eurovisi\u00f3n hace un par de a\u00f1os para Alemania, se presenta Greg Taro. \u00abEcho de menos Espa\u00f1a, se come genial, en Alemania nadie se r\u00ede y el tiempo est\u00e1 gris. Feliz de conocer a toda la gente\u00bb, reconoc\u00eda entre risas. El rostro que dio vida a Luis Miguel en la serie de Netflix, Izan Llunas, es otro concursante del certamen. Es hijo de artistas. \u00abHe nacido para esto\u00bb, indicaba. Kenneth, con ra\u00edces venezolanas y finalista de &#8216;La voz kids&#8217;, es otro candidato. \u00abNo me lo esperaba para nada, es un lujo estar aqu\u00ed. Para m\u00ed significa un reto que puedo afrontar y que me gusta. Quiero mostrar a Espa\u00f1a entera que hay mucho talento en Galicia\u00bb, explic\u00f3. <\/p>\n<p class=\"voc-p\" style=\"\">Tambi\u00e9n hay hueco para el rock, por eso el grupo Kitai participa. \u00abEstamos muy ilusionados, venimos de un circuito diferente y tenemos muchas ganas de conocer y disfrutar. Nos define el rock y el pop, los directos, el saltar. Creemos que es una oportunidad para demostrar que el rock est\u00e1 de moda. Siempre\u00bb, dijo el grupo. Ku Minerva es otro de los rostros m\u00e1s conocidos que formar\u00e1n parte de los concursantes del certamen. \u00abEs incre\u00edble, qui\u00e9n me iba a decir despu\u00e9s de tanto tiempo. Estoy muy agradecida. Me lo planteo todo con mucho trabajo, dando lo mejor de m\u00ed y disfrutando\u00bb, asegur\u00f3 la cantante. <\/p>\n<p class=\"voc-p\" style=\"\">Aunque el asombro entre el p\u00fablico se ha dado cuando Luna Ki, concursante ya de la primera edici\u00f3n del Benidorm Fest, ha aparecido por el plat\u00f3 de nuevo como participante. \u00abNo soy una reina y no soy nada, siempre me equivoco pero siempre aprendo\u00bb, comentaba mientras desataba alguna risa. Las artistas Julia Medina, participante de OT, y Mar\u00eda Le\u00f3n son otro d\u00fao que se presenta al concurso. \u00abLlevo unos a\u00f1os intent\u00e1ndolo y no sabes la ilusi\u00f3n que me hace\u00bb, dijo Medina. \u00abBenidorm es una fantas\u00eda para cualquier artista, queremos compartir la parte art\u00edstica y la expresi\u00f3n. Queremos compartir con el p\u00fablico de Espa\u00f1a\u00bb, reconoci\u00f3 Le\u00f3n. <\/p>\n<p class=\"voc-p\" style=\"\">Otro participante de Operaci\u00f3n Triunfo que estar\u00e1 en el Benidorm Fest es Mayo. \u00abEstoy muy ilusionado. No se me ocurre mejor sitio que este para presentarme. Juguet\u00f3n siempre\u00bb, indicaba. Mikel Herzog, que tambi\u00e9n ha participado en varios cert\u00e1menes televisivos, estar\u00e1 en el festival. \u00abQue mejor sitio que esto, tengo ganas de compartirlo con vosotros. Quiero que lo escuch\u00e9is y sint\u00e1is como lo he sentido yo. Es mi primer paso en solitario con un tema propio\u00bb, asegur\u00f3 entre risas, mientras record\u00f3 que su padre estuvo en Eurovisi\u00f3n. <\/p>\n<p class=\"voc-p\" style=\"\">El d\u00fao argentino de Miranda! y Baila Mama est\u00e1 feliz de estar en el Benidorm Fest. \u00abEstamos con mucha ilusi\u00f3n de todo los que nos est\u00e1 pasando. Es como un sue\u00f1o hecho realidad porque es un festival superimportante\u00bb, asegura el grupo. Y el folclore espa\u00f1ol lo trae Rosalinda Gal\u00e1n. \u00abLo hab\u00eda intentado y este a\u00f1o me he empe\u00f1ado con m\u00e1s constancia y estoy feliz de estar aqu\u00ed. Llevo cantando desde los cinco a\u00f1os y so\u00f1ando con que llegara este momento\u00bb, contaba mientras trataba de manejar su gran traje. <\/p>\n<p class=\"voc-p\" style=\"\">The Quinquis tambi\u00e9n traen de vuelta a Camar\u00f3n, entre otras cosas, a su estilo. El electroflamenco llega de la mano de dos artistas con Tony Grox y Lucycalys. \u00abHemos hecho &#8216;match&#8217; los dos\u00bb, asegur\u00f3. \u00abNos vamos a Benidorm m\u00e1s que nunca. Se va a ver en el escenario, queremos abrir la ciudad un poco m\u00e1s\u00bb, dec\u00eda Sergio Ja\u00e9n, director art\u00edstico del Benidorm Fest mientras se desped\u00edan de los artistas. \u00abCrear ese ambiente de confianza es brutal. Espero estar a la altura\u00bb, reconoc\u00eda Vallejo mientras aseguraba que estaba pr\u00e1cticamente emocionado al p\u00fablico. Tambi\u00e9n explic\u00f3 que se dar\u00e1n im\u00e1genes \u00abbuenas\u00bb del ensayo y tratar\u00e1n de que no hayan filtraciones aunque reconocieron que es m\u00e1s complicado. Ser\u00e1 el 18 de diciembre cuando los eurofans podr\u00e1n conocer <\/p>\n","protected":false},"excerpt":{"rendered":"Lo m\u00e1s parecido a la presentaci\u00f3n de los artistas del Benidorm Fest es la apertura de las puertas&hellip;\n","protected":false},"author":2,"featured_media":165807,"comment_status":"","ping_status":"","sticky":false,"template":"","format":"standard","meta":{"footnotes":""},"categories":[91],"tags":[3076,48772,7092,567,146,147,25,24,4139,11190,23],"class_list":{"0":"post-165806","1":"post","2":"type-post","3":"status-publish","4":"format-standard","5":"has-post-thumbnail","7":"category-entretenimiento","8":"tag-3076","9":"tag-bachatero","10":"tag-benidorm","11":"tag-concursantes","12":"tag-entertainment","13":"tag-entretenimiento","14":"tag-es","15":"tag-espana","16":"tag-fest","17":"tag-sevillano","18":"tag-spain"},"share_on_mastodon":{"url":"","error":""},"_links":{"self":[{"href":"https:\/\/www.europesays.com\/es\/wp-json\/wp\/v2\/posts\/165806","targetHints":{"allow":["GET"]}}],"collection":[{"href":"https:\/\/www.europesays.com\/es\/wp-json\/wp\/v2\/posts"}],"about":[{"href":"https:\/\/www.europesays.com\/es\/wp-json\/wp\/v2\/types\/post"}],"author":[{"embeddable":true,"href":"https:\/\/www.europesays.com\/es\/wp-json\/wp\/v2\/users\/2"}],"replies":[{"embeddable":true,"href":"https:\/\/www.europesays.com\/es\/wp-json\/wp\/v2\/comments?post=165806"}],"version-history":[{"count":0,"href":"https:\/\/www.europesays.com\/es\/wp-json\/wp\/v2\/posts\/165806\/revisions"}],"wp:featuredmedia":[{"embeddable":true,"href":"https:\/\/www.europesays.com\/es\/wp-json\/wp\/v2\/media\/165807"}],"wp:attachment":[{"href":"https:\/\/www.europesays.com\/es\/wp-json\/wp\/v2\/media?parent=165806"}],"wp:term":[{"taxonomy":"category","embeddable":true,"href":"https:\/\/www.europesays.com\/es\/wp-json\/wp\/v2\/categories?post=165806"},{"taxonomy":"post_tag","embeddable":true,"href":"https:\/\/www.europesays.com\/es\/wp-json\/wp\/v2\/tags?post=165806"}],"curies":[{"name":"wp","href":"https:\/\/api.w.org\/{rel}","templated":true}]}}