{"id":165816,"date":"2025-10-09T19:37:11","date_gmt":"2025-10-09T19:37:11","guid":{"rendered":"https:\/\/www.europesays.com\/es\/165816\/"},"modified":"2025-10-09T19:37:11","modified_gmt":"2025-10-09T19:37:11","slug":"rodrigo-pelaez-del-bm-ciudad-de-granada-convocado-para-el-global-beach-tour-en-brasil","status":"publish","type":"post","link":"https:\/\/www.europesays.com\/es\/165816\/","title":{"rendered":"Rodrigo Pel\u00e1ez, del BM Ciudad de Granada, convocado para el Global Beach Tour en Brasil"},"content":{"rendered":"<p>        El jugador granadino, habitual en la selecci\u00f3n espa\u00f1ola de balonmano playa, competir\u00e1 del 7 al 9 de noviembre tras participar en los World Games de China<\/p>\n<p>\n                     Redacci\u00f3n                     \u00a0|\u00a0  9 de octubre de 2025<\/p>\n<p>                <a href=\"https:\/\/www.europesays.com\/es\/wp-content\/uploads\/2025\/10\/imagen62316_0_original.jpg\" id=\"single_image\" title=\"Rodrigo Pel\u00e1ez cona selecci\u00f3n espa\u00f1ola (BM CIUDAD DE GRANADA)\"><br \/>\n                    <img decoding=\"async\" src=\"https:\/\/www.europesays.com\/es\/wp-content\/uploads\/2025\/10\/imagen62316_0_original.jpg\" title=\"Rodrigo Pel\u00e1ez cona selecci\u00f3n espa\u00f1ola (BM CIUDAD DE GRANADA)\" alt=\"Rodrigo Pel\u00e1ez cona selecci\u00f3n espa\u00f1ola (BM CIUDAD DE GRANADA)\"\/><br \/>\n                <\/a><\/p>\n<p>Rodrigo Pel\u00e1ez cona selecci\u00f3n espa\u00f1ola (BM CIUDAD DE GRANADA)<\/p>\n<p>Rodrigo\u00a0<strong>Pel\u00e1ez<\/strong>, jugador del\u00a0<strong>Balonmano Ciudad de Granada<\/strong>, ha sido nuevamente convocado por la\u00a0<strong>Selecci\u00f3n Espa\u00f1ola de Balonmano Playa<\/strong>\u00a0para disputar el\u00a0<strong>Global Beach Tour<\/strong>, que se celebrar\u00e1 en\u00a0<strong>Brasil<\/strong>\u00a0del 7 al 9 de noviembre.&#13;<br \/>\n&#13;\n<\/p>\n<p>El internacional granadino es un habitual en las convocatorias del seleccionador\u00a0<strong>Juan Antonio V\u00e1zquez<\/strong>, quien ha destacado la juventud y calidad del equipo para afrontar esta competici\u00f3n que cierra la temporada de balonmano playa 2025.&#13;<br \/>\n&#13;\n<\/p>\n<p>Pel\u00e1ez ya particip\u00f3 en los\u00a0<strong>World Games<\/strong>\u00a0disputados en China del 7 al 13 de agosto, donde los\u00a0<strong>Hispanos de la Arena<\/strong>\u00a0lograron la clasificaci\u00f3n para el Global Beach Tour.<\/p>\n<p>\u00a0<\/p>\n<p>Su presencia en el combinado nacional refleja su alto nivel de rendimiento y experiencia en esta modalidad deportiva.<\/p>\n<p>\u00a0<\/p>\n<p>\u00a0<\/p>\n<p>                <a href=\"https:\/\/www.granadaenjuego.com\/Polideportivo\/primera-victoria-a-domicilio-para-el-balonmano-ciudad-de-granada--20-31\" rel=\"nofollow noopener\" target=\"_blank\"><img decoding=\"async\" src=\"https:\/\/www.europesays.com\/es\/wp-content\/uploads\/2025\/10\/imagen62259_0_ppal.jpg\" title=\"BM Ciudad de Granada \" alt=\"BM Ciudad de Granada \"\/><\/a>                <\/p>\n<p>06\/10\/2025 | Redacci\u00f3n <\/p>\n<p>CRONICA | El equipo, dirigido por Pablo Perea, domina gran parte del partido pese a bajas importantes y muestra la fuerza de sus jugadoras veteranas<\/p>\n<p>                <a href=\"https:\/\/www.granadaenjuego.com\/Polideportivo\/el-bm-ciudad-de-granada-buscara-estrenarse-a-domicilio-\" rel=\"nofollow noopener\" target=\"_blank\"><img decoding=\"async\" src=\"https:\/\/www.europesays.com\/es\/wp-content\/uploads\/2025\/10\/imagen62226_0_ppal.jpg\" title=\"El BM Ciudad de Granada quieren seguir invictas (BM CIUDAD DE GRANADA)\" alt=\"El BM Ciudad de Granada quieren seguir invictas (BM CIUDAD DE GRANADA)\"\/><\/a>                <\/p>\n<p>04\/10\/2025 | Redacci\u00f3n <\/p>\n<p>PREVIA | las nazar\u00edes viajar\u00e1n a Mijas en su primer desplazamiento de la temporada <\/p>\n","protected":false},"excerpt":{"rendered":"El jugador granadino, habitual en la selecci\u00f3n espa\u00f1ola de balonmano playa, competir\u00e1 del 7 al 9 de noviembre&hellip;\n","protected":false},"author":2,"featured_media":165817,"comment_status":"","ping_status":"","sticky":false,"template":"","format":"standard","meta":{"footnotes":""},"categories":[278],"tags":[376,44385,168,25,24,375,23,167],"class_list":{"0":"post-165816","1":"post","2":"type-post","3":"status-publish","4":"format-standard","5":"has-post-thumbnail","7":"category-balonmano","8":"tag-balonmano","9":"tag-bm-ciudad-de-granada","10":"tag-deportes","11":"tag-es","12":"tag-espana","13":"tag-handball","14":"tag-spain","15":"tag-sports"},"share_on_mastodon":{"url":"","error":""},"_links":{"self":[{"href":"https:\/\/www.europesays.com\/es\/wp-json\/wp\/v2\/posts\/165816","targetHints":{"allow":["GET"]}}],"collection":[{"href":"https:\/\/www.europesays.com\/es\/wp-json\/wp\/v2\/posts"}],"about":[{"href":"https:\/\/www.europesays.com\/es\/wp-json\/wp\/v2\/types\/post"}],"author":[{"embeddable":true,"href":"https:\/\/www.europesays.com\/es\/wp-json\/wp\/v2\/users\/2"}],"replies":[{"embeddable":true,"href":"https:\/\/www.europesays.com\/es\/wp-json\/wp\/v2\/comments?post=165816"}],"version-history":[{"count":0,"href":"https:\/\/www.europesays.com\/es\/wp-json\/wp\/v2\/posts\/165816\/revisions"}],"wp:featuredmedia":[{"embeddable":true,"href":"https:\/\/www.europesays.com\/es\/wp-json\/wp\/v2\/media\/165817"}],"wp:attachment":[{"href":"https:\/\/www.europesays.com\/es\/wp-json\/wp\/v2\/media?parent=165816"}],"wp:term":[{"taxonomy":"category","embeddable":true,"href":"https:\/\/www.europesays.com\/es\/wp-json\/wp\/v2\/categories?post=165816"},{"taxonomy":"post_tag","embeddable":true,"href":"https:\/\/www.europesays.com\/es\/wp-json\/wp\/v2\/tags?post=165816"}],"curies":[{"name":"wp","href":"https:\/\/api.w.org\/{rel}","templated":true}]}}