{"id":165818,"date":"2025-10-09T19:38:10","date_gmt":"2025-10-09T19:38:10","guid":{"rendered":"https:\/\/www.europesays.com\/es\/165818\/"},"modified":"2025-10-09T19:38:10","modified_gmt":"2025-10-09T19:38:10","slug":"un-festival-en-bocairent-por-el-9-doctubre-reivindica-4-decadas-de-toreo-valenciano","status":"publish","type":"post","link":"https:\/\/www.europesays.com\/es\/165818\/","title":{"rendered":"Un festival en Bocairent por el 9 d&#8217;Octubre reivindica 4 d\u00e9cadas de toreo valenciano"},"content":{"rendered":"<p data-gtm-element-container=\"modulo-texto-link\" class=\"paragraph\">Andr\u00e9s Verdeguer<\/p>\n<p data-gtm-element-container=\"modulo-texto-link\" class=\"paragraph\">Bocairent (Valencia), 9 oct (EFE).- La plaza de toros de Bocairent ha acogido este jueves un festival taurino especial e hist\u00f3rico con motivo del 9 d&#8217;Octubre que ha reunido a representantes de cuatro d\u00e9cadas de toreo valenciano, desde Ponce y Bl\u00e1zquez a Barrera, El Califa, Rom\u00e1n y Bruno Gimeno con novillos de Juan Pedro Domecq.<\/p>\n<p data-gtm-element-container=\"modulo-texto-link\" class=\"paragraph\">La cita, mientras la plaza de toros de Val\u00e8ncia sigue cerrada, se hab\u00eda organizado para celebrar el trig\u00e9simo quinto aniversario de alternativa de V\u00edctor Manuel Bl\u00e1zquez y el p\u00fablico ha respondido, con unos tendidos que rozaban el lleno.<\/p>\n<p data-gtm-element-container=\"modulo-texto-link\" class=\"paragraph\">Los hermanos Rafa y Paco Marti impulsaron ese homenaje por la alternativa de Bl\u00e1zquez y con el temple de los mejores toreros lidiaron con todas las alarmas de la dana Alice, hasta lograr celebrar de modo ejemplar un festival hist\u00f3rico e intergeneracional por reunir cuatro d\u00e9cadas de toreo valenciano en el coso de Bocairent, excavado en la roca y con 182 a\u00f1os de historia.<\/p>\n<p data-gtm-element-container=\"modulo-texto-link\" class=\"paragraph\">Enrique Ponce fue cadencia y ritmo en una faena de puro alm\u00edbar. Poncinas y plena confianza, como si estuviese en activo. Su Juan Pedro tuvo clase excelente. Por eso, junto a las dos orejas para Enrique Ponce, el premio de la vuelta al ruedo para el novillo.<\/p>\n<p data-gtm-element-container=\"modulo-texto-link\" class=\"paragraph\">V\u00edctor Manuel Bl\u00e1zquez, en tarde de protagonismo, efem\u00e9ride y homenaje, fue pura entrega. Brind\u00f3 la faena a sus hermanos Luis y Ra\u00fal Bl\u00e1zquez, ech\u00f3 las rodillas al suelo varias veces durante la faena y le vol\u00f3 la zurda con sutil temple. La actitud de siempre 35 a\u00f1os despu\u00e9s y dos orejas.<\/p>\n<p data-gtm-element-container=\"modulo-texto-link\" class=\"paragraph\">Vicente Barrera se midi\u00f3 con un novillo \u00e1spero al que hab\u00eda que consentir. Barrera le pis\u00f3 terrenos comprometidos y pulse\u00f3 con acierto, sobre todo en redondo, hasta hacerse amo y se\u00f1or. Adem\u00e1s, dej\u00f3 una gran estocada. Otras dos orejas m\u00e1s que merecidas.<\/p>\n<p data-gtm-element-container=\"modulo-texto-link\" class=\"paragraph\">Volver a ver a torear a Jos\u00e9 Pacheco &#8216;El Califa&#8217; era uno de los acontecimientos del festival. El novillo sali\u00f3 rajado y del Califa nos quedamos con los destellos de sus mano izquierda y de su enfibrado temple en redondo. Logr\u00f3 una buena estocada, cort\u00f3 una oreja y dio la vuelta al ruedo acompa\u00f1ado por su hija, lo que fue otra de las estampas emotivas del festival.<\/p>\n<p data-gtm-element-container=\"modulo-texto-link\" class=\"paragraph\">El novillo de Rom\u00e1n ya ten\u00eda expresi\u00f3n de toro. Hac\u00eda un mes que Rom\u00e1n no toreaba y reaparec\u00eda en Bocairent. Buena toma de contacto de cara a sus compromisos en Madrid y Zaragoza. El valenciano de Benimaclet cuajaba una faena de enorme mando y ligaz\u00f3n, sobre todo en redondo, y meritorio al natural. Siempre ofreciendo distancia para sacar lo mejor del novillo con tandas bien llenas de muletazos de mucho trazo y profundidad La estocada, casi entera, fue m\u00e1s que suficiente. Dos orejas y vuelta al novillo-toro.<\/p>\n<p data-gtm-element-container=\"modulo-texto-link\" class=\"paragraph\">Bruno Gimeno super\u00f3 con creces el examen que le puso el negro salpicado de Juan Pedro. Un novillo con cuajo y sobre todo casta y motor. Porta gayola, apuesta banderillera y una faena que tuvo verdad y emoci\u00f3n. Cada serie result\u00f3 vibrante, aut\u00e9ntico toma y daca, en el que Gimeno se dej\u00f3 rozar por lo pitones hasta pegarse un serio arrim\u00f3n. Cort\u00f3 dos merecidas orejas.<\/p>\n<p data-gtm-element-container=\"modulo-texto-link\" class=\"paragraph\">Final feliz. Todos, toreros y cuadrillas, levantaron a hombros a V\u00edctor Manuel Bl\u00e1zquez y lo sacaron por la puerta grande.<\/p>\n<p data-gtm-element-container=\"modulo-texto-link\" class=\"paragraph\">FICHA DEL FESTEJO:<\/p>\n<p data-gtm-element-container=\"modulo-texto-link\" class=\"paragraph\">Novillos de Juan Pedro Domecq. Primero y quinto premiados con la vuelta al ruedo.<\/p>\n<p data-gtm-element-container=\"modulo-texto-link\" class=\"paragraph\">Para los matadores Enrique Ponce (estocada y dos orejas), V\u00edctor Manuel Bl\u00e1zquez (estocada ligeramente atravesada y descabello, dos orejas), Vicente Barrera (estocada y dos orejas), El Califa (estocada y una oreja), Rom\u00e1n (estocada casi entera y dos orejas) y el novillero Bruno Gimeno (pinchazo, estocada y dos orejas).<\/p>\n<p data-gtm-element-container=\"modulo-texto-link\" class=\"paragraph\">Festival con motivo del D\u00eda de la Comunitat Valenciana en homenaje al 35 aniversario de alternativa de V\u00edctor Manuel Bl\u00e1zquez. Aforo: casi lleno (unos 3.000 espectadores). EFE<\/p>\n<p data-gtm-element-container=\"modulo-texto-link\" class=\"paragraph\">1012223<\/p>\n<p data-gtm-element-container=\"modulo-texto-link\" class=\"paragraph\">avt\/cbr<\/p>\n","protected":false},"excerpt":{"rendered":"Andr\u00e9s Verdeguer Bocairent (Valencia), 9 oct (EFE).- La plaza de toros de Bocairent ha acogido este jueves un&hellip;\n","protected":false},"author":2,"featured_media":148726,"comment_status":"","ping_status":"","sticky":false,"template":"","format":"standard","meta":{"footnotes":""},"categories":[277],"tags":[373,168,25,24,23,167,374],"class_list":{"0":"post-165818","1":"post","2":"type-post","3":"status-publish","4":"format-standard","5":"has-post-thumbnail","7":"category-toreo","8":"tag-bullfighting","9":"tag-deportes","10":"tag-es","11":"tag-espana","12":"tag-spain","13":"tag-sports","14":"tag-toreo"},"share_on_mastodon":{"url":"","error":""},"_links":{"self":[{"href":"https:\/\/www.europesays.com\/es\/wp-json\/wp\/v2\/posts\/165818","targetHints":{"allow":["GET"]}}],"collection":[{"href":"https:\/\/www.europesays.com\/es\/wp-json\/wp\/v2\/posts"}],"about":[{"href":"https:\/\/www.europesays.com\/es\/wp-json\/wp\/v2\/types\/post"}],"author":[{"embeddable":true,"href":"https:\/\/www.europesays.com\/es\/wp-json\/wp\/v2\/users\/2"}],"replies":[{"embeddable":true,"href":"https:\/\/www.europesays.com\/es\/wp-json\/wp\/v2\/comments?post=165818"}],"version-history":[{"count":0,"href":"https:\/\/www.europesays.com\/es\/wp-json\/wp\/v2\/posts\/165818\/revisions"}],"wp:featuredmedia":[{"embeddable":true,"href":"https:\/\/www.europesays.com\/es\/wp-json\/wp\/v2\/media\/148726"}],"wp:attachment":[{"href":"https:\/\/www.europesays.com\/es\/wp-json\/wp\/v2\/media?parent=165818"}],"wp:term":[{"taxonomy":"category","embeddable":true,"href":"https:\/\/www.europesays.com\/es\/wp-json\/wp\/v2\/categories?post=165818"},{"taxonomy":"post_tag","embeddable":true,"href":"https:\/\/www.europesays.com\/es\/wp-json\/wp\/v2\/tags?post=165818"}],"curies":[{"name":"wp","href":"https:\/\/api.w.org\/{rel}","templated":true}]}}