{"id":165832,"date":"2025-10-09T19:48:10","date_gmt":"2025-10-09T19:48:10","guid":{"rendered":"https:\/\/www.europesays.com\/es\/165832\/"},"modified":"2025-10-09T19:48:10","modified_gmt":"2025-10-09T19:48:10","slug":"belen-junco-reune-a-sus-grandes-amigas-en-la-presentacion-de-su-nuevo-libro","status":"publish","type":"post","link":"https:\/\/www.europesays.com\/es\/165832\/","title":{"rendered":"Bel\u00e9n Junco re\u00fane a sus grandes amigas en la presentaci\u00f3n de su nuevo libro"},"content":{"rendered":"\n<p> \u201cLes dije que el texto era de una amiga porque me daba verg\u00fcenza, pero me animaron a que mi amiga siguiera escribiendo. Y as\u00ed lo hice, sin cont\u00e1rselo a nadie\u201d, <strong>relat\u00f3 Bel\u00e9n Junco a Vanitatis<\/strong> durante el lanzamiento de su segunda novela, &#8216;Las tres vidas de la duquesa de Grosvencer&#8217;. Como suele decirse, \u2018no hay dos sin tres\u2019, y la que fuera directora adjunta de la revista \u00a1Hola! parece haberlo comprobado. <a href=\"https:\/\/www.vanitatis.elconfidencial.com\/famosos\/2024-04-15\/belen-junco-directora-hola-entrevista_3860638\/\" target=\"_self\" rel=\"nofollow noopener\">Ahora acaba de publicar su tercera obra<\/a>, en la que se adentra en la vida de Gabriela, una joven heredera de una hist\u00f3rica bodega jerezana. <\/p>\n<p> Fue, junto a ellas, su gran grupo de amistades, con quienes Bel\u00e9n Junco <strong>celebr\u00f3 la publicaci\u00f3n de su \u00faltima novela en Madrid.<\/strong> El lugar elegido para la reuni\u00f3n fue Moret9, un espacio dise\u00f1ado por la arquitecta Mausha Mars\u00e1, amiga de la familia, pensado para eventos, aunque tambi\u00e9n funciona como galer\u00eda de arte o escenario para rodajes. Junto a la escritora estaba su hija, Bel\u00e9n Mart\u00ed Junco, quien no pudo contener la emoci\u00f3n y el orgullo por su madre. \u201cEres una crack\u201d, dijo en un video en el que la autora reconoc\u00eda sus nervios antes del evento. <\/p>\n<p>&#13;<br \/>\n<img decoding=\"async\" alt=\"Bel\u00e9n sali\u00f3 a recibir a Ana Botella. (Gtres)\" class=\"articlephoto news-width-text\" data-bottom-x=\"1269\" data-bottom-y=\"1753\" data-height=\"747\" data-top-x=\"0\" data-top-y=\"60\" data-width=\"560\" forcesize=\"true\" imglink=\"\" longdesc=\"Bel\u00e9n sali\u00f3 a recibir a Ana Botella. (Gtres)\" sourcepicture=\"f22e68b2d5919a66e801917850303749.jpg\" src=\"https:\/\/www.europesays.com\/es\/wp-content\/uploads\/2025\/10\/f.elconfidencial.com\/original\/f22\/e68\/b2d\/f22e68b2d5919a66e801917850303749.jpg\"\/><br \/>&#13;<br \/>\n<img decoding=\"async\" alt=\"Gemma Ruiz en la presentaci\u00f3n. (Gtres)\" class=\"articlephoto news-width-text\" data-bottom-x=\"1229\" data-bottom-y=\"1558\" data-height=\"747\" data-top-x=\"61\" data-top-y=\"0\" data-width=\"560\" forcesize=\"true\" imglink=\"\" longdesc=\"Gemma Ruiz en la presentaci\u00f3n. (Gtres)\" sourcepicture=\"d8b350b8b6d2323f50d4606d62532378.jpg\" src=\"https:\/\/www.europesays.com\/es\/wp-content\/uploads\/2025\/10\/f.elconfidencial.com\/original\/d8b\/350\/b8b\/d8b350b8b6d2323f50d4606d62532378.jpg\"\/> <\/p>\n<p> Hasta all\u00ed se desplazaron personalidades como Gemma Ruiz, expareja de \u00c1lvarez Cascos, Nuria March y la presentadora Nieves Herrero, <a href=\"https:\/\/www.vanitatis.elconfidencial.com\/famosos\/2024-11-14\/nieves-herrero-entrevista-primera-novela-luna-roja_4003313\/\" target=\"_self\" rel=\"nofollow noopener\">con quien comparte su pasi\u00f3n por la escritura<\/a>. Tambi\u00e9n destac\u00f3 la asistencia de Cari Lapique, <strong>con quien mantiene una relaci\u00f3n muy cercana<\/strong>; prueba de ello es que, apenas un d\u00eda antes, fue la propia escritora quien acompa\u00f1\u00f3 a la esposa de Goyanes en su showroom de Madrid. <\/p>\n<p>               Bel\u00e9n Junco y Nuria March. (Gtres)             <\/p>\n<p>&#13;<br \/>\n<img decoding=\"async\" alt=\"Cari Lapique y Bel\u00e9n Junco. (Gtres)\" class=\"articlephoto news-width-text\" data-bottom-x=\"1394\" data-bottom-y=\"1262\" data-height=\"747\" data-top-x=\"448\" data-top-y=\"0\" data-width=\"560\" forcesize=\"true\" imglink=\"\" longdesc=\"Cari Lapique y Bel\u00e9n Junco. (Gtres)\" sourcepicture=\"fbf0b357c09c969d07094dbb8f759df1.jpg\" src=\"https:\/\/www.europesays.com\/es\/wp-content\/uploads\/2025\/10\/f.elconfidencial.com\/original\/fbf\/0b3\/57c\/fbf0b357c09c969d07094dbb8f759df1.jpg\"\/> <\/p>\n<p> Otro de los nombres que llam\u00f3 la atenci\u00f3n <a href=\"https:\/\/www.vanitatis.elconfidencial.com\/estilo\/moda\/2020-04-07\/hija-radomir-antic-ana-antic-estilista_2537588\/\" target=\"_self\" rel=\"nofollow noopener\">fue Ana Antic, hija de Radomir Antic<\/a>. \u201c\u00a1Vaya role model tienes!\u201d, escribi\u00f3 la empresaria en sus redes sociales, dirigi\u00e9ndose a Bel\u00e9n hija y dedicando tambi\u00e9n un elogio a la madre, <strong>a quien calific\u00f3 como \u201cmujer top\u201d.<\/strong> Adem\u00e1s, Ana Botella estuvo presente y recibi\u00f3 un efusivo abrazo de la escritora en la entrada, mostrando la cercan\u00eda entre ambas. <\/p>\n<p>               Ana Antic. (Gtres)               Nuria Gonz\u00e1lez y Bel\u00e9n Junco. (Gtres)               Mar\u00eda Palacios y Bel\u00e9n Junco. (Gtres)             <\/p>\n<p> Tampoco falt\u00f3 Nuria Gonz\u00e1lez, quien d\u00edas atr\u00e1s <strong>hab\u00eda sido vista en Madrid tras una comida con Junco<\/strong>, sosteniendo en sus manos la nueva novela. Mar\u00eda Palacios, esposa de Alessandro Lecquio, tambi\u00e9n asisti\u00f3 a la presentaci\u00f3n, donde adem\u00e1s de conocer los entresijos de la obra, pudieron disfrutar del vino, un elemento central en la historia reci\u00e9n publicada. <\/p>\n<p> \u201cLes dije que el texto era de una amiga porque me daba verg\u00fcenza, pero me animaron a que mi amiga siguiera escribiendo. Y as\u00ed lo hice, sin cont\u00e1rselo a nadie\u201d, <strong>relat\u00f3 Bel\u00e9n Junco a Vanitatis<\/strong> durante el lanzamiento de su segunda novela, &#8216;Las tres vidas de la duquesa de Grosvencer&#8217;. Como suele decirse, \u2018no hay dos sin tres\u2019, y la que fuera directora adjunta de la revista \u00a1Hola! parece haberlo comprobado. <a href=\"https:\/\/www.vanitatis.elconfidencial.com\/famosos\/2024-04-15\/belen-junco-directora-hola-entrevista_3860638\/\" target=\"_self\" rel=\"nofollow noopener\">Ahora acaba de publicar su tercera obra<\/a>, en la que se adentra en la vida de Gabriela, una joven heredera de una hist\u00f3rica bodega jerezana. <\/p>\n","protected":false},"excerpt":{"rendered":"\u201cLes dije que el texto era de una amiga porque me daba verg\u00fcenza, pero me animaron a que&hellip;\n","protected":false},"author":2,"featured_media":165833,"comment_status":"","ping_status":"","sticky":false,"template":"","format":"standard","meta":{"footnotes":""},"categories":[172],"tags":[224,146,147,25,24,225,23],"class_list":{"0":"post-165832","1":"post","2":"type-post","3":"status-publish","4":"format-standard","5":"has-post-thumbnail","7":"category-libros","8":"tag-books","9":"tag-entertainment","10":"tag-entretenimiento","11":"tag-es","12":"tag-espana","13":"tag-libros","14":"tag-spain"},"share_on_mastodon":{"url":"","error":""},"_links":{"self":[{"href":"https:\/\/www.europesays.com\/es\/wp-json\/wp\/v2\/posts\/165832","targetHints":{"allow":["GET"]}}],"collection":[{"href":"https:\/\/www.europesays.com\/es\/wp-json\/wp\/v2\/posts"}],"about":[{"href":"https:\/\/www.europesays.com\/es\/wp-json\/wp\/v2\/types\/post"}],"author":[{"embeddable":true,"href":"https:\/\/www.europesays.com\/es\/wp-json\/wp\/v2\/users\/2"}],"replies":[{"embeddable":true,"href":"https:\/\/www.europesays.com\/es\/wp-json\/wp\/v2\/comments?post=165832"}],"version-history":[{"count":0,"href":"https:\/\/www.europesays.com\/es\/wp-json\/wp\/v2\/posts\/165832\/revisions"}],"wp:featuredmedia":[{"embeddable":true,"href":"https:\/\/www.europesays.com\/es\/wp-json\/wp\/v2\/media\/165833"}],"wp:attachment":[{"href":"https:\/\/www.europesays.com\/es\/wp-json\/wp\/v2\/media?parent=165832"}],"wp:term":[{"taxonomy":"category","embeddable":true,"href":"https:\/\/www.europesays.com\/es\/wp-json\/wp\/v2\/categories?post=165832"},{"taxonomy":"post_tag","embeddable":true,"href":"https:\/\/www.europesays.com\/es\/wp-json\/wp\/v2\/tags?post=165832"}],"curies":[{"name":"wp","href":"https:\/\/api.w.org\/{rel}","templated":true}]}}