{"id":165858,"date":"2025-10-09T20:03:09","date_gmt":"2025-10-09T20:03:09","guid":{"rendered":"https:\/\/www.europesays.com\/es\/165858\/"},"modified":"2025-10-09T20:03:09","modified_gmt":"2025-10-09T20:03:09","slug":"los-canteranos-se-lucen-se-lucen-en-el-arranque-del-open-de-espana","status":"publish","type":"post","link":"https:\/\/www.europesays.com\/es\/165858\/","title":{"rendered":"Los &#8216;canteranos&#8217; se lucen se lucen en el arranque del Open de Espa\u00f1a"},"content":{"rendered":"<p data-mrf-recirculation=\"Links P\u00e1rrafos\" class=\"ue-c-article__paragraph paragraph ue-c-article--first-letter-highlighted\">El <strong>Open de Espa\u00f1a presented by Madrid<\/strong> ha arrancado con gran protagonismo de los nuestros, aunque con el inesperado coliderato del <strong>franc\u00e9s Ugo Coussaud y el ingl\u00e9s\u00a0Sam Bairstow (65 golpes, -6)<\/strong>. Les persigue un terceto tambi\u00e9n for\u00e1neo que incluye al galo Frederic Lacroix, el ingl\u00e9s Marco Penge y\u00a0 y el austriaco Bernd Wiesberger, todos ellos con 66 en el acumulado. La presencia de Penge ah\u00ed arriba s\u00ed era esperada, pues se ha convertido en <strong>una de las sensaciones del DP World Tour <\/strong>este a\u00f1o, hasta el punto de que su nombre son\u00f3 seriamente para disputar la Ryder Cup.<\/p>\n<p data-mrf-recirculation=\"Links P\u00e1rrafos\" class=\"ue-c-article__paragraph paragraph\"><strong>\u00c1ngel Ayora<\/strong> fue el mejor de los nuestros, merced a sus <strong>67 golpes<\/strong>. Queda mucha historia por contar a\u00fan, pero s\u00ed que se puede hablar ya del <strong>gran arranque con tarjetas bajo par protagonizado por varios de los \u2018canteranos\u2019 espa\u00f1oles<\/strong>. Ayora tiene s\u00f3lo 21 a\u00f1os, mientras que <strong>David Puig<\/strong> (69 golpes) cuenta 23 primaveras. <strong>Josele Ballester y Luis Masaveu<\/strong>, que firmaron 70 golpes, se quedan en s\u00f3lo 22 a\u00f1os. <strong>Alejandro del Rey<\/strong> (70) y <strong>\u00c1ngel Hidalgo<\/strong> (70), no es que tengan muchos m\u00e1s: 27. Por supuesto, todos ellos acompa\u00f1ados por dos veteranos como <strong>Nacho Elvira y Alfredo Garc\u00eda-Heredia<\/strong>, que cerraron el d\u00eda con 68 impactos; Rafa Cabrera materializ\u00f3 69.<\/p>\n<p><img decoding=\"async\" width=\"1410\" height=\"737\" class=\"ue-c-article__image lazyload\" alt=\"Clasificaci\u00f3n\" loading=\"lazy\" src=\"https:\/\/www.europesays.com\/es\/wp-content\/uploads\/2025\/10\/68e7f80edaf78.png\"\/><\/p>\n<p>Clasificaci\u00f3n<\/p>\n<p data-mrf-recirculation=\"Links P\u00e1rrafos\" class=\"ue-c-article__paragraph paragraph\">El malague\u00f1o Ayora pelea en este final de curso por <strong>una de las 10 tarjetas del PGA Tour (no completas) que se ofrecen a los mejores del DP World Tour.<\/strong> Es el mejor de los espa\u00f1oles en este ranking y tambi\u00e9n lo fue en el Dunhill Links hace unos d\u00edas, donde fue quinto. Espectacular de tee a green y esto quiere decir que est\u00e1 para codearse con los mejores de cualquier circuito o le falta muy poco. David Puig fue otro que curiosamente tambi\u00e9n brillo en Escocia la semana pasada con un decimotercer puesto. El catal\u00e1n est\u00e1 llamado a hacer grandes cosas y para ello se exprime. <strong>Disputa en Madrid su s\u00e9ptimo torneo que no es del LIV Golf, el circuito al que se debe<\/strong>. Puig estuvo s\u00f3lido y fue uno de los cuatro jugadores que logr\u00f3 un birdie en el hoyo 11. Ballester acab\u00f3 el curso en el LIV en gran momento y Masaveu ya sabe lo que es competir tambi\u00e9n en el circuito de los 54 hoyos contra grandes golfistas.<\/p>\n<p data-mrf-recirculation=\"Links P\u00e1rrafos\" class=\"ue-c-article__paragraph paragraph\"><strong>Jon Rahm <\/strong>se qued\u00f3 con un sabor amargo tras su primera ronda, no s\u00f3lo porque firmara <strong>72 golpes<\/strong>, sino porque err\u00f3 m\u00e1s de lo que acostumbra, incluidos un par de tripateos (hoyos 1 y 2). Y eso que se luci\u00f3 con un eagle en el 14 (empez\u00f3 por el 10) y en el 15 materializ\u00f3 un birdie. <strong>\u201cNo he sabido entender este viento. He hecho buenos swings, pero luego el resultado de esos golpes no era el que yo esperaba\u201d<\/strong>, explicaba el \u2018Le\u00f3n de Barrika\u2019. Sergio Garc\u00eda no firm\u00f3 el arranque so\u00f1ado, aunque su \u2018regreso\u2019 al Open de Espa\u00f1a y a la competici\u00f3n despu\u00e9s m\u00e1s de un mes le permiti\u00f3 recuperar sensaciones.<\/p>\n<p>Jon Rahm acaba \u201cfrustrado\u201d por el viento en la primera jornada del Open de Espa\u00f1a<\/p>\n<p data-mrf-recirculation=\"Links P\u00e1rrafos\" class=\"ue-c-article__paragraph paragraph\"><strong>Atenci\u00f3n a Patrick Reed, <\/strong>uno de los cuatro chaquetas verdes del torneo, que est\u00e1 en 68.<strong> Joaqu\u00edn Nieamann<\/strong> (73), una de las grandes estrellas del golf mundial, sufri\u00f3 los rigores de un recorrido de calles estrechas como el del Club de Campo y sufri\u00f3 cada vez que su bola se desvi\u00f3. <strong>Eugenio L\u00f3pez-Chacarra<\/strong>, que empez\u00f3 como un tiro tambi\u00e9n sacando r\u00e9dito de su buen hacer de tee a green y leyendo bien los putts, se enred\u00f3 para terminar en 74.<\/p>\n","protected":false},"excerpt":{"rendered":"El Open de Espa\u00f1a presented by Madrid ha arrancado con gran protagonismo de los nuestros, aunque con el&hellip;\n","protected":false},"author":2,"featured_media":165859,"comment_status":"","ping_status":"","sticky":false,"template":"","format":"standard","meta":{"footnotes":""},"categories":[275],"tags":[168,25,24,329,23,167],"class_list":{"0":"post-165858","1":"post","2":"type-post","3":"status-publish","4":"format-standard","5":"has-post-thumbnail","7":"category-golf","8":"tag-deportes","9":"tag-es","10":"tag-espana","11":"tag-golf","12":"tag-spain","13":"tag-sports"},"share_on_mastodon":{"url":"","error":""},"_links":{"self":[{"href":"https:\/\/www.europesays.com\/es\/wp-json\/wp\/v2\/posts\/165858","targetHints":{"allow":["GET"]}}],"collection":[{"href":"https:\/\/www.europesays.com\/es\/wp-json\/wp\/v2\/posts"}],"about":[{"href":"https:\/\/www.europesays.com\/es\/wp-json\/wp\/v2\/types\/post"}],"author":[{"embeddable":true,"href":"https:\/\/www.europesays.com\/es\/wp-json\/wp\/v2\/users\/2"}],"replies":[{"embeddable":true,"href":"https:\/\/www.europesays.com\/es\/wp-json\/wp\/v2\/comments?post=165858"}],"version-history":[{"count":0,"href":"https:\/\/www.europesays.com\/es\/wp-json\/wp\/v2\/posts\/165858\/revisions"}],"wp:featuredmedia":[{"embeddable":true,"href":"https:\/\/www.europesays.com\/es\/wp-json\/wp\/v2\/media\/165859"}],"wp:attachment":[{"href":"https:\/\/www.europesays.com\/es\/wp-json\/wp\/v2\/media?parent=165858"}],"wp:term":[{"taxonomy":"category","embeddable":true,"href":"https:\/\/www.europesays.com\/es\/wp-json\/wp\/v2\/categories?post=165858"},{"taxonomy":"post_tag","embeddable":true,"href":"https:\/\/www.europesays.com\/es\/wp-json\/wp\/v2\/tags?post=165858"}],"curies":[{"name":"wp","href":"https:\/\/api.w.org\/{rel}","templated":true}]}}