{"id":165862,"date":"2025-10-09T20:05:14","date_gmt":"2025-10-09T20:05:14","guid":{"rendered":"https:\/\/www.europesays.com\/es\/165862\/"},"modified":"2025-10-09T20:05:14","modified_gmt":"2025-10-09T20:05:14","slug":"pelayo-sanchez-mayo-ciclismo-asturias-movistar","status":"publish","type":"post","link":"https:\/\/www.europesays.com\/es\/165862\/","title":{"rendered":"PELAYO S\u00c1NCHEZ MAYO CICLISMO ASTURIAS MOVISTAR"},"content":{"rendered":"<p class=\"ft-text ft-helper-closenews\"><a class=\"ft-link ft-link--decoration\" href=\"https:\/\/www.lne.es\/deportes\/deporte-astur\/2025\/06\/13\/ciclista-asturiano-movistar-pelayo-sanchez-118563780.html\" rel=\"nofollow noopener\" target=\"_blank\"><strong>Pelayo S\u00e1nchez Mayo (Tellego, Ribera de Arriba, 2000) <\/strong><\/a><strong>ha dado por cerrado un 2025 que no quiere olvidar pese a todo lo malo que le ha pasado<\/strong>. El ciclista de <strong>Movistar <\/strong>es de los que piensan que todo suma y que los palos que se llev\u00f3 este a\u00f1o le har\u00e1n m\u00e1s fuerte el pr\u00f3ximo.<\/p>\n<p class=\"ft-text\">\u00abNo dir\u00eda que ha sido un a\u00f1o malo, s\u00ed decepcionante, pero todas las cosas tienen un porqu\u00e9, unas razones. <strong>Lo que sucede conviene, dicen.<\/strong> Fue un a\u00f1o malo, pero de aprendizaje, de mucho aprendizaje, y espero revertir la situaci\u00f3n y que todas estas lecciones me sirvan para en un futuro ser mejor corredor\u00bb, explica <a class=\"ft-link ft-link--decoration\" href=\"https:\/\/www.lne.es\/deportes\/deporte-astur\/2024\/05\/10\/nueva-espana-cuela-casa-campeon-102166906.html\" rel=\"nofollow noopener\" target=\"_blank\">el ciclista asturiano desde su lugar en el mundo, Tellego, al que vuelve tanto si gana una etapa en el Giro<\/a>, <strong>como hizo aquel hist\u00f3rico 9 de mayo de 2024, como si, exhausto, se tiene que retirar de una carrera. <\/strong><\/p>\n<p class=\"ft-text\"><strong>El ciclismo es un deporte ingrato, en el que corren muchos y solo gana uno.<\/strong> Son multitud los aficionados que este a\u00f1o, al no o\u00edr hablar de \u00e9l, se preguntaron: \u00ab\u00bfQu\u00e9 fue de Pelayo?\u00bb. El propio Pelayo les responde:<a class=\"ft-link ft-link--decoration\" href=\"https:\/\/www.lne.es\/deportes\/deporte-astur\/2024\/05\/14\/heroe-asturiano-giro-italia-quiere-102336176.html\" rel=\"nofollow noopener\" target=\"_blank\"> \u00abUno tiene ese cari\u00f1o de la gente y quieren verte en competici\u00f3n, en liza, pero este a\u00f1o no fue posible por problemas de salud<\/a>.<strong> Sin salud no hay rendimiento, no hay nada m\u00e1s, es lo primero.<\/strong> Ahora toca poner todo en orden y que esa gente que preguntaba por Pelayo pueda tener en <strong>2026 <\/strong>respuesta y verme por lo menos con un dorsal disfrutando de la bicicleta\u00bb.<\/p>\n<p><img decoding=\"async\" src=\"https:\/\/www.europesays.com\/es\/wp-content\/uploads\/2025\/10\/b0c986ae-16c7-41ef-bb37-f54aa92e93b8_alta-libre-aspect-ratio_default_0.jpg\" width=\"1200\" height=\"801\" alt=\"Pelayo S\u00e1nchez tras ganasr una etapa del Giro de Italia\" class=\"ft-helper-img-rd\" loading=\"lazy\" hasdataaida=\"true\"\/><\/p>\n<p class=\"ft-helper-fontColor-quaternary ft-helper-fontSize-body-S ft-helper-spacer-t-xxs\">Pelayo S\u00e1nchez tras ganasr una etapa del Giro de Italia  \/ LUCA ZENNARO<\/p>\n<p class=\"ft-text\">Para contar todo lo que le ha pasado, tiene que extenderse bastante:<strong> \u00abTuve una serie de problemas de salud que fueron concaten\u00e1ndose. Empec\u00e9 con unos problemas f\u00edsicos, problemas de rodilla, que no dejaban de ser una molestia<\/strong>, algo anecd\u00f3tico, pero posteriormente comenc\u00e9 a encontrarme mal, no acababa de sentirme bien\u00bb. El malestar ten\u00eda una explicaci\u00f3n: \u00abUn <strong>herpes z\u00f3ster<\/strong> que se hab\u00eda complicado porque pas\u00e9 la bacteria Borrelia, que es de<strong> la enfermedad de Lyme<\/strong>, y eso fue lo que lastr\u00f3 la campa\u00f1a y lo que me hizo estar todo el a\u00f1o pr\u00e1cticamente desaparecido, luchando por recuperar la salud, ya no solo para andar en bicicleta sino para el d\u00eda a d\u00eda. <strong>Estaba hecho polvo y me marqu\u00e9 el \u00fanico objetivo que pod\u00eda, que era recuperar la salud.<\/strong> Lo he conseguido, pero se acab\u00f3 el a\u00f1o\u00bb.<\/p>\n<p>Todo por una garrapata<\/p>\n<p class=\"ft-text\">Una enfermedad que vino de la naturaleza: <strong>\u00abLa enfermedad de Lyme se contrae por la picadura de una garrapata y al parecer me pic\u00f3 una<\/strong>. Eso fue lo que me hizo tener la bacteria. Estuve el mes de marzo con antibi\u00f3ticos e intentando recuperar, luego tambi\u00e9n tuve el problema del herpes z\u00f3ster, que es un virus, el virus de la varicela que se reactiv\u00f3. Lo uno lleva a lo otro porque tienes una bajada de defensas muy fuerte y eso hace que est\u00e9s muy d\u00e9bil\u00bb.<\/p>\n<p class=\"ft-text\">Todo ello tuvo unas consecuencias bastante duras:<strong> \u00abEstaba sin energ\u00eda, muy cansado incluso para el d\u00eda a d\u00eda, me afectaba a mi vida personal para hacer cosas cotidianas porque no ten\u00eda energ\u00eda, estaba bastante enfermo, en cama. <\/strong>Poco a poco fui recuper\u00e1ndome y consegu\u00ed volver a ponerme el dorsal, pero con mal rendimiento. El cuerpo no estaba bien, toc\u00f3 volver a replantear todo, a parar, a intentar poner el contador a cero\u00bb, explica el asturiano sobre el calvario de intentar volver sin estar en condiciones para ello. Y es que, explica, <strong>\u00aben el mundo de \u00e9lite muchas veces no respetamos los plazos, quiz\u00e1s quisimos acortarlos demasiado y el cuerpo dijo que no era el momento, que hab\u00eda que seguir recuper\u00e1ndose\u00bb.<\/strong><\/p>\n<p><img decoding=\"async\" src=\"https:\/\/www.europesays.com\/es\/wp-content\/uploads\/2025\/10\/c745379b-313d-4b06-ad90-d60caf228f51_alta-libre-aspect-ratio_default_0.jpg\" width=\"1200\" height=\"799\" alt=\"Pelayo S\u00e1nchez Mayo, ciclista asturiano, Tellego (Ribera de Arriba)\" class=\"ft-helper-img-rd\" loading=\"lazy\" hasdataaida=\"true\"\/><\/p>\n<p class=\"ft-helper-fontColor-quaternary ft-helper-fontSize-body-S ft-helper-spacer-t-xxs\">Pelayo S\u00e1nchez Mayo, ciclista asturiano, en Tellego (Ribera de Arriba)  \/ Roberto Men\u00e9ndez <\/p>\n<p>El ciclismo exige el m\u00e1ximo<\/p>\n<p class=\"ft-text\">El pelot\u00f3n, <a class=\"ft-link ft-link--decoration\" href=\"https:\/\/www.lne.es\/deportes\/deporte-astur\/2024\/01\/28\/asturiano-pelayo-sanchez-gana-sprint-97439433.html\" rel=\"nofollow noopener\" target=\"_blank\">al nivel de un equipo como el Movistar, de la m\u00e1xima categor\u00eda del ciclismo, no espera por nadie<\/a>:<strong> \u00abLa bicicleta es un deporte en el que para lo bueno y para lo malo eres t\u00fa contra el resto. La carretera pone a cada uno en su sitio, quiz\u00e1s en otro deporte como el f\u00fatbol puedes salir diez minutos, pedir el cambio<\/strong>, ir cogiendo ritmo, aqu\u00ed es todo o nada, o haces los 200 kil\u00f3metros o te vas a la furgoneta. <strong>No da tregua y eso hace que sea un poco m\u00e1s duro volver porque parece que nunca llegas\u00bb. <\/strong><\/p>\n<p>Algo del pasado<\/p>\n<p class=\"ft-text\">Lo que llena de energ\u00eda a <a class=\"ft-link ft-link--decoration\" href=\"https:\/\/www.lne.es\/real-oviedo\/2024\/09\/05\/ganador-etapa-giro-italia-visita-107788549.html\" rel=\"nofollow noopener\" target=\"_blank\">Pelayo <\/a>ahora es encontrarse bien, sano y con ganas de montar en bici: \u00abParece que est\u00e1 todo solucionado, a uno tambi\u00e9n le ayuda a valorar todo el doble; a valorar lo bien que se est\u00e1 cuando se est\u00e1 bien. <strong>Eso te motiva y te da ganas de seguir luchando y de volver a ser competitivo; sobre todo de disfrutar de la bici, que al final es lo que m\u00e1s nos gusta\u00bb<\/strong>. Y, de paso, limpiar la cabeza:<strong> \u00abEl m\u00fasculo m\u00e1s importante es la cabeza<\/strong> y a veces tambi\u00e9n es el m\u00e1s fr\u00e1gil y sufre mucho; sufre todo el cuerpo, sufre la cabeza, as\u00ed que voy a intentar poner todos los contadores a cero para partir la siguiente temporada con las m\u00e1ximas garant\u00edas y esperando que sea una buena campa\u00f1a\u00bb.<\/p>\n<p>Un oficio de contrastes<\/p>\n<p class=\"ft-text\">\u00abEn la trayectoria deportiva de uno hay momentos buenos y malos, y hay que aprovechar los buenos y los malos capearlos como uno buenamente pueda, aceptar lo que venga con humildad y seguir trabajando para que<strong> cuando vengan bien dadas poder estar ah\u00ed y aprovecharlo<\/strong>\u00ab, reflexiona Pelayo sobre estos dos a\u00f1os pasados. De cara a 2026, calma:<strong> \u00abLa idea es descansar cuerpo y cabeza y empezar a trabajar cuanto antes para afrontar el a\u00f1o con garant\u00edas\u00bb<\/strong>. \u00bfEl objetivo?<a class=\"ft-link ft-link--decoration\" href=\"https:\/\/www.lne.es\/deportes\/deporte-astur\/2024\/05\/09\/sufridor-oviedista-estudiante-fisioterapia-pueblo-102158611.html\" rel=\"nofollow noopener\" target=\"_blank\"> \u00abVolver a sentirme competitivo y, lo m\u00e1s importante, volver a disfrutar de la bicicleta\u00bb.<\/a><\/p>\n<p><img decoding=\"async\" src=\"https:\/\/www.europesays.com\/es\/wp-content\/uploads\/2025\/10\/9893b9b0-7d6b-45ca-aa91-0c63f9ff19de_alta-libre-aspect-ratio_default_0.jpg\" width=\"1200\" height=\"799\" alt=\"Por la izquierda, Iv\u00e1n Garc\u00eda Cortina, Sinuh\u00e9 Fern\u00e1ndez, Samuel Fern\u00e1ndez, Eduardo P\u00e9rez-Landaluce, Pelayo S\u00e1nchez y Hugo de la Calle. CICLISMO. CICLISTAS PROFESIONALES ASTURIANOS. BUE\u00d1O\" class=\"ft-helper-img-rd\" loading=\"lazy\" hasdataaida=\"true\"\/><\/p>\n<p class=\"ft-helper-fontColor-quaternary ft-helper-fontSize-body-S ft-helper-spacer-t-xxs\">Por la izquierda, Iv\u00e1n Garc\u00eda Cortina, Sinuh\u00e9 Fern\u00e1ndez, Samuel Fern\u00e1ndez, Eduardo P\u00e9rez-Landaluce, Pelayo S\u00e1nchez y Hugo de la Calle. CICLISMO. CICLISTAS PROFESIONALES ASTURIANOS. BUE\u00d1O  \/ Roberto Men\u00e9ndez<\/p>\n<p>Viendo al pelot\u00f3n asturiano<\/p>\n<p class=\"ft-text\">Cuando vuelva, <a class=\"ft-link ft-link--decoration\" href=\"https:\/\/www.lne.es\/deportes\/deporte-astur\/2025\/04\/24\/asturias-protagonista-quinteto-nivel-vueltina-116671005.html\" rel=\"nofollow noopener\" target=\"_blank\">Pelayo sabe que tendr\u00e1 un grupo de asturianos a su lado<\/a>: <strong>\u00abEl ciclismo asturiano est\u00e1 en un buen momento, cada vez somos m\u00e1s, vienen corredores por abajo empujando muy fuerte que ya est\u00e1n en profesionales pero que tienen mucho recorrido como Samu Fern\u00e1ndez o Hugo de la Calle<\/strong> y otros que vienen desde abajo, como <a class=\"ft-link ft-link--decoration\" href=\"https:\/\/www.lne.es\/deportes\/deporte-astur\/2025\/10\/04\/benjamin-noval-gran-promesa-ciclocross-122275195.html\" rel=\"nofollow noopener\" target=\"_blank\">Benjam\u00edn Noval<\/a>, que no es ning\u00fan secreto, es un talento, una joya que creo que nos va a dar muchas alegr\u00edas\u00bb.<\/p>\n<p data-close=\"closedContent\" class=\"subscribeHideForDisplay\">Suscr\u00edbete para seguir leyendo<\/p>\n","protected":false},"excerpt":{"rendered":"Pelayo S\u00e1nchez Mayo (Tellego, Ribera de Arriba, 2000) ha dado por cerrado un 2025 que no quiere olvidar&hellip;\n","protected":false},"author":2,"featured_media":165863,"comment_status":"","ping_status":"","sticky":false,"template":"","format":"standard","meta":{"footnotes":""},"categories":[273],"tags":[1611,12232,313,312,168,861,5220,25,24,2000,14834,166,199,23,167],"class_list":{"0":"post-165862","1":"post","2":"type-post","3":"status-publish","4":"format-standard","5":"has-post-thumbnail","7":"category-ciclismo","8":"tag-ano","9":"tag-asturiano","10":"tag-ciclismo","11":"tag-cycling","12":"tag-deportes","13":"tag-dificil","14":"tag-energia","15":"tag-es","16":"tag-espana","17":"tag-ganar","18":"tag-pelayo","19":"tag-salud","20":"tag-sanchez","21":"tag-spain","22":"tag-sports"},"share_on_mastodon":{"url":"","error":""},"_links":{"self":[{"href":"https:\/\/www.europesays.com\/es\/wp-json\/wp\/v2\/posts\/165862","targetHints":{"allow":["GET"]}}],"collection":[{"href":"https:\/\/www.europesays.com\/es\/wp-json\/wp\/v2\/posts"}],"about":[{"href":"https:\/\/www.europesays.com\/es\/wp-json\/wp\/v2\/types\/post"}],"author":[{"embeddable":true,"href":"https:\/\/www.europesays.com\/es\/wp-json\/wp\/v2\/users\/2"}],"replies":[{"embeddable":true,"href":"https:\/\/www.europesays.com\/es\/wp-json\/wp\/v2\/comments?post=165862"}],"version-history":[{"count":0,"href":"https:\/\/www.europesays.com\/es\/wp-json\/wp\/v2\/posts\/165862\/revisions"}],"wp:featuredmedia":[{"embeddable":true,"href":"https:\/\/www.europesays.com\/es\/wp-json\/wp\/v2\/media\/165863"}],"wp:attachment":[{"href":"https:\/\/www.europesays.com\/es\/wp-json\/wp\/v2\/media?parent=165862"}],"wp:term":[{"taxonomy":"category","embeddable":true,"href":"https:\/\/www.europesays.com\/es\/wp-json\/wp\/v2\/categories?post=165862"},{"taxonomy":"post_tag","embeddable":true,"href":"https:\/\/www.europesays.com\/es\/wp-json\/wp\/v2\/tags?post=165862"}],"curies":[{"name":"wp","href":"https:\/\/api.w.org\/{rel}","templated":true}]}}