{"id":165870,"date":"2025-10-09T20:09:11","date_gmt":"2025-10-09T20:09:11","guid":{"rendered":"https:\/\/www.europesays.com\/es\/165870\/"},"modified":"2025-10-09T20:09:11","modified_gmt":"2025-10-09T20:09:11","slug":"susanna-griso-se-casa-con-luis-enriquez-7-meses-despues-de-hacer-oficial-su-relacion","status":"publish","type":"post","link":"https:\/\/www.europesays.com\/es\/165870\/","title":{"rendered":"Susanna Griso se casa con Luis Enr\u00edquez 7 meses despu\u00e9s de hacer oficial su relaci\u00f3n"},"content":{"rendered":"<p id=\"e7r8ETQRt_\" data-wc=\"89\"><strong>Susanna Griso\u00a0<\/strong>se casa. La popular presentadora de Espejo p\u00fablico contraer\u00e1 matrimonio con su pareja, <strong>el empresario Luis Enr\u00edquez<\/strong>, el pr\u00f3ximo a\u00f1o, seg\u00fan ha adelantado\u00a0Semana y \u00a1HOLA! ha podido confirmar. La periodista <a class=\"hm-link ho-link\" href=\"https:\/\/www.hola.com\/actualidad\/20251008860480\/susanna-griso-celebra-56-cumpleanos-novio-deseo-especial-etapa-dulce-no-cambiaria-nada\/\" data-mrf-recirculation=\"article-body-link\" rel=\"nofollow noopener\" target=\"_blank\">celebr\u00f3 ayer su 56\u00ba cumplea\u00f1os<\/a> y a juzgar por su sonrisa vivi\u00f3 un d\u00eda verdaderamente especial. Tras concluir su programa, a las puertas de Antena 3 la esperaba su novio para ir juntos de celebraci\u00f3n, lo que entonces nadie sab\u00eda es que a primera hora de la ma\u00f1ana Luis le hab\u00eda regalado un anillo de compromiso.\u00a0<\/p>\n<p>La complicidad de Susanna Griso y Luis Enr\u00edquez poco antes de conocerse su compromiso<\/p>\n<p> <img src=\"https:\/\/www.europesays.com\/es\/wp-content\/uploads\/2025\/10\/d6beb244ded7-dlu592714009.jpg\"   width=\"1024\" height=\"768\" loading=\"lazy\" decoding=\"async\" alt=\"Media Image\" fetchpriority=\"auto\" class=\"image ho-image\"\/>\u00a9 GTRES<\/p>\n<p id=\"e6k6cW08Jv\" data-wc=\"118\">La periodista sali\u00f3 del edificio con <strong>un ramo de flores en la mano, obsequio de sus compa\u00f1eros de programa,<\/strong> y se dirigi\u00f3 directamente al coche donde Luis la esperaba, sentado al volante. Nada m\u00e1s verse, se fundieron en un beso apasionado antes de recibir la m\u00e1s cari\u00f1osa felicitaci\u00f3n. Susanna ya desvel\u00f3 ayer durante Espejo p\u00fablico\u00a0que <strong>su pareja hab\u00eda sido el primero en felicitarla<\/strong><strong>.\u00a0<\/strong>\u00abHe tenido una sorpresa muy muy temprana, a las 5 de la ma\u00f1ana\u00bb, se\u00f1al\u00f3 la comunicadora, despu\u00e9s de d\u00edas sin verle, ya que se dio cita en Sevilla este fin de semana en <a class=\"hm-link ho-link\" href=\"https:\/\/www.hola.com\/actualidad\/20251004859678\/los-invitados-a-la-boda-de-cayetano-martinez-de-irujo-y-barbara-mirjan\/\" data-mrf-recirculation=\"article-body-link\" rel=\"nofollow noopener\" target=\"_blank\">la boda de Cayetano Mart\u00ednez de Irujo y B\u00e1rbara Mirjan<\/a> y fue una de las invitadas m\u00e1s elegantes de la celebraci\u00f3n.\u00a0<\/p>\n<p> <img src=\"https:\/\/www.europesays.com\/es\/wp-content\/uploads\/2025\/10\/7367c5b2b335-dlu592714039.jpg\"   width=\"1024\" height=\"768\" loading=\"lazy\" decoding=\"async\" alt=\"Media Image\" fetchpriority=\"auto\" class=\"image ho-image\"\/>\u00a9 GTRES<\/p>\n<p id=\"eVTlHzcJ89c\" data-wc=\"101\">Desde el trabajo se trasladaron juntos al <strong>restaurante Omeraki, del chef Alberto Chicote<\/strong>, situado en el barrio Retiro de Madrid. A la salida del restaurante, fueron captados por los fot\u00f3grafos y posaron sonrientes. Susanna se mostr\u00f3 radiante ante los medios que la esperaban y comparti\u00f3 unas palabras que reflejan su estado de \u00e1nimo: \u00abHe disfrutado con la mejor de las compa\u00f1\u00edas\u00bb,\u00a0confes\u00f3 con una sonrisa, pero sin desvelar lo que hab\u00eda sucedido de puertas para dentro. Y a\u00f1adi\u00f3 que sus deseos para este nuevo a\u00f1o: \u00abSolo quiero que todo siga como est\u00e1. <strong>Es una etapa muy dulce y no cambiar\u00eda nada<\/strong>\u00ab.\u00a0<\/p>\n<p> <img src=\"https:\/\/www.europesays.com\/es\/wp-content\/uploads\/2025\/10\/30def951f04b-europapress7012932susannagrisoluisenriquezsalidatrabajo08octubre2025m.jpg\"   width=\"1024\" height=\"682\" loading=\"lazy\" decoding=\"async\" alt=\"Media Image\" fetchpriority=\"auto\" class=\"image ho-image\"\/>\u00a9 Europa Press<\/p>\n<p><\/p>\n<p id=\"eByDqgUBDz\" data-wc=\"129\">Seg\u00fan ha podido saber HOLA,<strong>\u00a0Luis Enr\u00edquez le pidi\u00f3 matrimonio a Susanna Griso este verano<\/strong> durante un viaje a Argentina. Sin embargo,<strong>\u00a0el anillo de compromiso se lo regal\u00f3 ayer\u00a0<\/strong>coincidiendo con su aniversario<strong>.\u00a0<\/strong>La propia Susanna Griso lo ha contado hoy en su programa de un modo anecd\u00f3tico.<strong>\u00a0\u00abMe despierto a las 5 de la ma\u00f1ana, dormida,<\/strong> y me pongo a leer los peri\u00f3dicos.<strong>\u00a0Luis se acerca y me dice &#8216;\u00bfvamos a tomar caf\u00e9?&#8217;. Y yo &#8216;no, no, que me he tomado una pastilla\u00a0<\/strong>y tengo que esperar media hora&#8217;. Entonces le pregunt\u00f3 &#8216;<strong>\u00bfqu\u00e9 haces tan pronto desayunando?&#8217;.<\/strong> Y le digo, si te haces un caf\u00e9, me haces otro para m\u00ed. \u00a0<strong>Levanto la taza y ah\u00ed estaba el anillo\u00bb,\u00a0<\/strong>ha revelado, desatando la ovaci\u00f3n de todos sus compa\u00f1eros.<\/p>\n<p id=\"eFQgqYdMI1D\" data-wc=\"130\">La presentadora ha confesado que, desde que Luis le pidi\u00f3 matrimonio en Argentina, ha podido guardar el secreto durante cuatro meses. La pareja <strong>se casar\u00e1 por lo civil en la Costa Brava el 25 de julio<\/strong> rodeados de familiares y amigos. Su idea es celebrar una boda \u00edntima, aunque los propios protagonistas saben que no podr\u00e1 ser as\u00ed, dado los muchos amigos que conocen de la profesi\u00f3n, y su deseo es celebrarlo con los que m\u00e1s quieren.<strong>\u00a0 Ser\u00e1 una boda informal, tipo coctel,\u00a0<\/strong>y al celebrarse en la playa, la etiqueta ser\u00e1 relajada acorde con el entorno. En cuanto a su <strong>vestido de novia<\/strong>, destaca que ser\u00e1 <strong>\u00abmuy informal\u00bb,<\/strong> \u00aben esa fecha en la Costa Brava, con el calorazo&#8230; A la gente hay que ponerle las cosas f\u00e1ciles\u00bb, ha se\u00f1alado.<\/p>\n<p> <img src=\"https:\/\/www.europesays.com\/es\/wp-content\/uploads\/2025\/10\/44c96b372c91-europapress7012923susannagrisosalidatrabajo08octubre2025madridespana.jpg\"   width=\"682\" height=\"1024\" loading=\"lazy\" decoding=\"async\" alt=\"Media Image\" fetchpriority=\"auto\" class=\"image ho-image\"\/>\u00a9 Europa Press<\/p>\n<p id=\"eW0LAxkfdD\" data-wc=\"121\">La buena nueva llega ocho meses despu\u00e9s de que comenzaran su relaci\u00f3n. En enero el amor volvi\u00f3 a llamar a la puerta de la presentadora, y a principios <a class=\"hm-link ho-link\" href=\"https:\/\/www.hola.com\/actualidad\/20250305817813\/susanna-griso-imagenes-descubren-nuevo-amor\/\" data-mrf-recirculation=\"article-body-link\" rel=\"nofollow noopener\" target=\"_blank\">de marzo, concretamente el d\u00eda 5, la revista \u00a1HOLA! desvel\u00f3 en exclusiva su noviazgo<\/a>. Horas m\u00e1s tarde, la periodista confirmaba su relaci\u00f3n en Espejo p\u00fablico, normalizando as\u00ed la situaci\u00f3n: \u00ab<a class=\"hm-link ho-link\" href=\"https:\/\/www.hola.com\/actualidad\/20250305818072\/susanna-griso-declaraciones-nuevo-novio\/\" data-mrf-recirculation=\"article-body-link\" rel=\"nofollow noopener\" target=\"_blank\">Lo que veis es lo que hay<\/a>\u00ab. Desde entonces, la pareja esconde su amor y su noviazgo est\u00e1 de lo m\u00e1s consolidado. De hecho, desde este verano es habitual verlos juntos en eventos p\u00fablicos, mostrando una gran complicidad. Relajados y muy cercanos, se han dejado ver \u00faltimamente en plazas de toros, dado que \u00e9l es un gran aficionado taurino, o en la exposici\u00f3n ARCO.\u00a0<\/p>\n<p> <img src=\"https:\/\/www.europesays.com\/es\/wp-content\/uploads\/2025\/10\/7f8fde071dab-dlu592714039.jpg\"   width=\"1024\" height=\"768\" loading=\"lazy\" decoding=\"async\" alt=\"Media Image\" fetchpriority=\"auto\" class=\"image ho-image\"\/>\u00a9 GTRES<\/p>\n<p id=\"ejI65M3tmv\" data-wc=\"139\"><strong>Luis Enr\u00edquez Nistal<\/strong> es licenciado en Econ\u00f3micas y Empresariales por la Universidad Pontificia de Comillas. Es un reconocido ejecutivo en los medios de comunicaci\u00f3n. Antes de su paso por Vocento, fue director gerente de ediciones regionales de Unidad Editorial, grupo que en 2007 le nombr\u00f3 director general. Tambi\u00e9n ejerci\u00f3 como director gerente de Aurum Producciones y ahora es Senior Advisor de El Confidencial. Al margen de su trayectoria profesional, lleva una vida discreta. Est\u00e1 <strong>separado y es padre de cuatro hijos<\/strong>. \u00a0Por su parte,<strong>\u00a0la presentadora<\/strong>, que ha trabajado en Cat Radio, TV3, TVE y desde hace 25 a\u00f1os en Atresmedia, <strong>es madre de\u00a0<\/strong><strong>tres hijos<\/strong> \u2014Jan, Mireia y Dorcette\u2014, a quienes tuvo durante su matrimonio con el periodista Carles Torra. Tras 27 a\u00f1os de relaci\u00f3n, 23 de ellos como marido y mujer, se separaron a finales de 2020.\u00a0<\/p>\n","protected":false},"excerpt":{"rendered":"Susanna Griso\u00a0se casa. La popular presentadora de Espejo p\u00fablico contraer\u00e1 matrimonio con su pareja, el empresario Luis Enr\u00edquez,&hellip;\n","protected":false},"author":2,"featured_media":165871,"comment_status":"","ping_status":"","sticky":false,"template":"","format":"standard","meta":{"footnotes":""},"categories":[174],"tags":[517,255,146,147,25,24,256,23,30447],"class_list":{"0":"post-165870","1":"post","2":"type-post","3":"status-publish","4":"format-standard","5":"has-post-thumbnail","7":"category-famosos","8":"tag-actualidad","9":"tag-celebrities","10":"tag-entertainment","11":"tag-entretenimiento","12":"tag-es","13":"tag-espana","14":"tag-famosos","15":"tag-spain","16":"tag-susanna-griso"},"share_on_mastodon":{"url":"","error":""},"_links":{"self":[{"href":"https:\/\/www.europesays.com\/es\/wp-json\/wp\/v2\/posts\/165870","targetHints":{"allow":["GET"]}}],"collection":[{"href":"https:\/\/www.europesays.com\/es\/wp-json\/wp\/v2\/posts"}],"about":[{"href":"https:\/\/www.europesays.com\/es\/wp-json\/wp\/v2\/types\/post"}],"author":[{"embeddable":true,"href":"https:\/\/www.europesays.com\/es\/wp-json\/wp\/v2\/users\/2"}],"replies":[{"embeddable":true,"href":"https:\/\/www.europesays.com\/es\/wp-json\/wp\/v2\/comments?post=165870"}],"version-history":[{"count":0,"href":"https:\/\/www.europesays.com\/es\/wp-json\/wp\/v2\/posts\/165870\/revisions"}],"wp:featuredmedia":[{"embeddable":true,"href":"https:\/\/www.europesays.com\/es\/wp-json\/wp\/v2\/media\/165871"}],"wp:attachment":[{"href":"https:\/\/www.europesays.com\/es\/wp-json\/wp\/v2\/media?parent=165870"}],"wp:term":[{"taxonomy":"category","embeddable":true,"href":"https:\/\/www.europesays.com\/es\/wp-json\/wp\/v2\/categories?post=165870"},{"taxonomy":"post_tag","embeddable":true,"href":"https:\/\/www.europesays.com\/es\/wp-json\/wp\/v2\/tags?post=165870"}],"curies":[{"name":"wp","href":"https:\/\/api.w.org\/{rel}","templated":true}]}}