{"id":165905,"date":"2025-10-09T20:28:51","date_gmt":"2025-10-09T20:28:51","guid":{"rendered":"https:\/\/www.europesays.com\/es\/165905\/"},"modified":"2025-10-09T20:28:51","modified_gmt":"2025-10-09T20:28:51","slug":"il-lombardia-pogacar-lidera-un-cartel-estelar-en-busca-de-su-quinto-triunfo-consecutivo-esciclismo","status":"publish","type":"post","link":"https:\/\/www.europesays.com\/es\/165905\/","title":{"rendered":"Il Lombard\u00eda: Pogacar lidera un cartel estelar en busca de su quinto triunfo consecutivo &#8211; Esciclismo"},"content":{"rendered":"<ol>\n<li><a href=\"https:\/\/news.google.com\/rss\/articles\/CBMiakFVX3lxTE1KdVkzeHRMZExHZ1dSeC1XaFgxbWtyUlhUUndhOTVaeDZtcDRSRFlLWTJCc2h2dUFJYTlnUWJXbkp3SDZIZERyeHM3T2R3WUxLMC15T0ZfRHo3MEc2ZUVlSHJmOUdiSmtXb1E?oc=5\" target=\"_blank\" rel=\"nofollow noopener\">Il Lombard\u00eda: Pogacar lidera un cartel estelar en busca de su quinto triunfo consecutivo<\/a>&nbsp;&nbsp;Esciclismo<\/li>\n<li><a href=\"https:\/\/news.google.com\/rss\/articles\/CBMixgFBVV95cUxNcG9aU25QUXh0R0NGUjVyQVZfYy1vcVZudlh4MDFVNXdIMmVjSEtkY1g4bkNFd3JTdEhWRVIzYkJ2STJBQkNsbGRTZ3VWR0NmZzIwd2puTmd2RnBDM2dpR3gzd01ISEUwWlFpZXdLbU41bURZVVZfZnhuM1V2V2ZRa3dqSzlsb2FDdW1CT0p4Vmp0LXJhM0RUQkVJX2FFQ3RkdlhyNUFFeTA5cjU3MWV5ZEh5MGtnX2FmcEVLQ0xhMVZVSVk1SVE?oc=5\" target=\"_blank\" rel=\"nofollow noopener\">El UAE mete miedo: El equipazo con el que Pogacar buscar\u00e1 ganar su quinto Lombard\u00eda consecutivo<\/a>&nbsp;&nbsp;Eurosport<\/li>\n<li><a href=\"https:\/\/news.google.com\/rss\/articles\/CBMimgFBVV95cUxObEtFdTdDYnhlcVVmR2tmNDhqd1ZSWFhRTWZpaWJObFdaclNxc1RkeWNyd3pFOFpmVmt3aHFlLU11U2hxYVVINVRhRHVjR1pIUGkwd0psQXFRSmctUzZJTC15NndCaGNNOUJqa1VKSk1DQVY5T3h2VmtLQTRxa3M0U2tDZ3paTVI3c2NWQ24tdmxXMmFYLXNNNHpR?oc=5\" target=\"_blank\" rel=\"nofollow noopener\">Il Lombardia 2025: fecha, recorrido y favoritos del \u00faltimo Monumento del a\u00f1o<\/a>&nbsp;&nbsp;Brujulabike.com<\/li>\n<li><a href=\"https:\/\/news.google.com\/rss\/articles\/CBMi4gFBVV95cUxPODdCWlRqQVZtNUxSTHI2VTJzaXNtWkFRUUZRVnlRVkh0eVVtRTZxeGRYV2VVNHV2d29nYWpKT1MwVG1ya09lbGZMM1BHUGg4N2JDZGRfSW9BMkpYVlRGY0JWQ0RNeVhZbjF4cF9pNl9uTUJJLUU5VVhKcmp6OE5oaXRHcDZXNlNOX2xFY0pJSWVtMjJQdW0wUHlfd0ZSUlBsbkxQdG1oX0JWVlFCcV9Cc3k5dk1xVzlaTng4Zl84S05wRXppaGN6WVU0RFNMR2p5LU5ZNHUwWTl2dTRuR3B0bVN30gH2AUFVX3lxTE9qSUFQR1NmWkJ0YW40Q2xhd1ZGYWFJaXNCRWg2RktSXzlEUzg3X3BfRUNDX0pOYWswVTNaQXBjN2RUQ093REtxY0ktWHlnVWNxdy1NQjBxS2RqcmZPeWV0dDkwYkJidDBlU1g0OUJGVkVoRG5vcWxuaUJ2aFVFbFBYQWpucnhFQlA2QTZkN3dVam85UEJXR0FVQThCR0R3WnNwaW40MGllaG14SktmcGQ2V1VFME5qSDlfUGxkem1QeWozdzgwdlV0RmRvQ3N6bVk4bF9EbUIwZ2dUWmVBWmtCb1BnUWQ1TWdWcUYzc0lHS1hXRk43dw?oc=5\" target=\"_blank\" rel=\"nofollow noopener\">Colombianos en el Giro de Lombard\u00eda 2025: fecha, horario, canal, tv y c\u00f3mo ver la cl\u00e1sica del ciclismo en Colo<\/a>&nbsp;&nbsp;AS Colombia<\/li>\n<li><a href=\"https:\/\/news.google.com\/rss\/articles\/CBMiiwFBVV95cUxOcVFuYkdGakk4UjlhRFZIdmFqaTIzeFd3S2RianM1OUFTSUdJVS1uZTFmYjNfdXI5US0tLUtENDdUc213cVNUUXhZRzhSX2I2Y0V5dWt1ME1sWl9POE5vczZXRXlhUHQtTjNhYU04TFJXMDBoTExCSmxVUDl6bzZHSnhVVW1mWGhXYXE4?oc=5\" target=\"_blank\" rel=\"nofollow noopener\">Giro de Lombardia: todo sobre \u201cla cl\u00e1sica de las hojas muertas\u201d<\/a>&nbsp;&nbsp;Cofidis Likes Ciclismo<\/li>\n<\/ol>\n","protected":false},"excerpt":{"rendered":"Il Lombard\u00eda: Pogacar lidera un cartel estelar en busca de su quinto triunfo consecutivo&nbsp;&nbsp;Esciclismo El UAE mete miedo:&hellip;\n","protected":false},"author":2,"featured_media":165906,"comment_status":"","ping_status":"","sticky":false,"template":"","format":"standard","meta":{"footnotes":""},"categories":[273],"tags":[6783,313,2683,312,168,1376,2197,25,24,3956,10880,5215,1783,39361,9072,1786,3397,23,167,1885,7665],"class_list":{"0":"post-165905","1":"post","2":"type-post","3":"status-publish","4":"format-standard","5":"has-post-thumbnail","7":"category-ciclismo","8":"tag-calendario","9":"tag-ciclismo","10":"tag-clasica","11":"tag-cycling","12":"tag-deportes","13":"tag-disputa","14":"tag-edicion","15":"tag-es","16":"tag-espana","17":"tag-gran","18":"tag-il","19":"tag-kilometros","20":"tag-la","21":"tag-lombardia","22":"tag-octubre","23":"tag-recorrido","24":"tag-sabado","25":"tag-spain","26":"tag-sports","27":"tag-ultima","28":"tag-worldtour"},"share_on_mastodon":{"url":"","error":""},"_links":{"self":[{"href":"https:\/\/www.europesays.com\/es\/wp-json\/wp\/v2\/posts\/165905","targetHints":{"allow":["GET"]}}],"collection":[{"href":"https:\/\/www.europesays.com\/es\/wp-json\/wp\/v2\/posts"}],"about":[{"href":"https:\/\/www.europesays.com\/es\/wp-json\/wp\/v2\/types\/post"}],"author":[{"embeddable":true,"href":"https:\/\/www.europesays.com\/es\/wp-json\/wp\/v2\/users\/2"}],"replies":[{"embeddable":true,"href":"https:\/\/www.europesays.com\/es\/wp-json\/wp\/v2\/comments?post=165905"}],"version-history":[{"count":0,"href":"https:\/\/www.europesays.com\/es\/wp-json\/wp\/v2\/posts\/165905\/revisions"}],"wp:featuredmedia":[{"embeddable":true,"href":"https:\/\/www.europesays.com\/es\/wp-json\/wp\/v2\/media\/165906"}],"wp:attachment":[{"href":"https:\/\/www.europesays.com\/es\/wp-json\/wp\/v2\/media?parent=165905"}],"wp:term":[{"taxonomy":"category","embeddable":true,"href":"https:\/\/www.europesays.com\/es\/wp-json\/wp\/v2\/categories?post=165905"},{"taxonomy":"post_tag","embeddable":true,"href":"https:\/\/www.europesays.com\/es\/wp-json\/wp\/v2\/tags?post=165905"}],"curies":[{"name":"wp","href":"https:\/\/api.w.org\/{rel}","templated":true}]}}