{"id":165913,"date":"2025-10-09T20:32:18","date_gmt":"2025-10-09T20:32:18","guid":{"rendered":"https:\/\/www.europesays.com\/es\/165913\/"},"modified":"2025-10-09T20:32:18","modified_gmt":"2025-10-09T20:32:18","slug":"asi-es-mario-cristobal-su-futuro-marido","status":"publish","type":"post","link":"https:\/\/www.europesays.com\/es\/165913\/","title":{"rendered":"as\u00ed es Mario Crist\u00f3bal, su futuro marido"},"content":{"rendered":"<p>Desde hace alg\u00fan tiempo Anna Ferrer (28 a\u00f1os) dej\u00f3 de ser la hija de Paz Padilla (56 a\u00f1os) para brillar con luz propia en el mundo de las redes sociales. Ahora acaba de <a href=\"https:\/\/www.lecturas.com\/actualidad\/anna-ferrer-hija-paz-padilla-anuncia-que-se-casa-su-novio-mil-veces-si_182437\" rel=\"nofollow noopener\" target=\"_blank\">anunciar su compromiso con su pareja<\/a>, con quien lleva m\u00e1s de tres a\u00f1os aunque en realidad se conocen desde hace m\u00e1s de una d\u00e9cada. \u201cSi no eres el amor de mi vida, dir\u00e9 que me equivoqu\u00e9 de vida pero no de amor. \u00a1Mil veces s\u00ed!\u201d, escribi\u00f3. La discreci\u00f3n ha sido la se\u00f1a de identidad, ya que ha evitado estar en el foco medi\u00e1tico, pese a que la influencer ha compartido varias im\u00e1genes junto a \u00e9l. Por ello, desvelamos<strong> todos los datos de Mario Crist\u00f3bal<\/strong>, el futuro marido de Anna y tambi\u00e9n yerno de la humorista.<\/p>\n<p>Su historia de amor<\/p>\n<p>La pareja se conoce desde hace m\u00e1s de doce a\u00f1os, tal y como ella misma confes\u00f3 en una preciosa carta de amor que le dedic\u00f3 a su chico en sus redes sociales con motivo de su cumplea\u00f1os. durante a\u00f1os han compartido el mismo c\u00edrculo de amistades, lo cual llev\u00f3 a ambos a explorar una nueva faceta entre ellos, la del amor. Por ello,<strong> se dieron una oportunidad en el a\u00f1o 2022<\/strong> cuando Anna puso fin a su relaci\u00f3n con Iv\u00e1n Mart\u00edn.<\/p>\n<p><img loading=\"lazy\" decoding=\"async\"   src=\"https:\/\/www.europesays.com\/es\/wp-content\/uploads\/2025\/10\/anna-ferrer-padilla-y-su-novio_ea995084_251009161732_1200x1421.webp.webp\" alt=\"Anna Ferrer Padilla y su novio\" class=\"lazyload\" width=\"1200\" height=\"1421\" data-aspectratio=\"1200\/1421\"\/><\/p>\n<p>La hija de Paz Padilla ha compartido con todos sus seguidores que pasar\u00e1 por el altar con su chico, ense\u00f1ando el precioso anillo de pedida.<\/p>\n<p>&#13;Instagram @annafpadilla<\/p>\n<p>En un principio la hija de Paz Padilla no quiso hacer grandes manifestaciones sobre su amor en sus redes sociales. De esta manera, preservaba su intimidad y esta parcela para seguir la l\u00ednea de discreci\u00f3n de su chico. Con el paso del tiempo y una vez que la relaci\u00f3n se ha ido afianzando, no ha dudado en <strong>compartir im\u00e1genes de su chico<\/strong> y de hacer rom\u00e1nticas declaraciones de amor.<\/p>\n<p><img decoding=\"async\" src=\"https:\/\/www.europesays.com\/es\/wp-content\/uploads\/2025\/10\/susanna-griso-y-carles-torras_fc6c783f_018_251009134802_800x800.webp.webp\" alt=\"Susanna Griso y Carles Torras\" class=\"image lazyload\"\/><img loading=\"lazy\" decoding=\"async\" src=\"https:\/\/www.europesays.com\/es\/wp-content\/uploads\/2025\/10\/susanna-griso-y-carles-torras_fc6c783f_018_251009134818_1280x720.webp.webp\" alt=\"Antes de Luis Enr\u00edquez Nistal, Susanna Griso se cas\u00f3 con Carles Torras: de las excentricidades de su primera boda a su divorcio\" class=\"image lazyload\" width=\"1280\" height=\"720\" data-aspectratio=\"1280\/720\"\/><\/p>\n<p>Esta pr\u00f3xima boda no ha pillado por sorpresa a muchos de sus seguidores. Durante los tres a\u00f1os que llevan compartiendo sus vidas, Anna no ha dudado en declarar su amor a los cuatro vientos. De hecho, ya dej\u00f3 claro que <strong>es el amor de su vida y la persona con la que quer\u00eda tener hijos<\/strong>, puesto que esperaba que heredasen los ojos azules de Mario, como ella misma confes\u00f3 en sus redes sociales. No obstante, la influencer ha manifestado que se mor\u00eda de ganas de poder contar su pr\u00f3xima boda, ya que llevaba un mes guard\u00e1ndose la noticia y sin ense\u00f1ar el anillo de pedida.<\/p>\n<p>As\u00ed es el discreto futuro marido de Anna<\/p>\n<p>Los datos que conocemos el futuro yerno de Paz Padilla son bastante escasos. De hecho, es consciente de qui\u00e9n es su pareja y el mundo al que se dedica, el de las redes sociales. Su apoyo es absoluto pero eso no conlleva que \u00e9l haga lo mismo. Como consecuencia,<strong> su perfil en redes sociales es privado<\/strong>, aunque s\u00ed hemos podido ver diferentes im\u00e1genes suyas por las que ha compartido su futura esposa durante su relaci\u00f3n.<\/p>\n<p><img loading=\"lazy\" decoding=\"async\"   src=\"https:\/\/www.europesays.com\/es\/wp-content\/uploads\/2025\/10\/anna-ferrer-y-su-novio-mario_6b43414a_251009161855_1200x1583.webp.webp\" alt=\"Anna Ferrer y su novio, Mario\" class=\"lazyload\" width=\"1200\" height=\"1583\" data-aspectratio=\"1200\/1583\"\/><\/p>\n<p>Mario apuesta por la discreci\u00f3n, aunque su futura esposa no ha dudado en compartir im\u00e1genes con \u00e9l que demuestran el buen momento de su relaci\u00f3n.<\/p>\n<p>&#13;Instagram @annafpadilla<\/p>\n<p>En su biograf\u00eda tiene \u00fanicamente dos palabras que lo definen a la perfecci\u00f3n. <strong>\u201cSosiego y revuelo\u201d<\/strong>. De este modo, demuestra la serenidad que tiene en los momentos que debe tenerla pero tambi\u00e9n su parte de locura, tan necesaria en determinados instantes de la vida. Por la publicaci\u00f3n de Ferrer, podemos deducir que su cumplea\u00f1os es el 7 de agosto y que ha cumplido este verano los 28 a\u00f1os.<\/p>\n<p>En lo que respecta a su formaci\u00f3n, nada tiene que ver con el mundo de las redes sociales. Mario se encuentra vinculado al mundo del dise\u00f1o de productos digitales y su formaci\u00f3n la llev\u00f3 a cabo en la Universidad privada Francisco de Vitoria. Ello le ofreci\u00f3 la oportunidad de<strong> trabajar para diversas empresas del sector tecnol\u00f3gico<\/strong>. En la actualidad lo hace en una compa\u00f1\u00eda l\u00edder en deportes y entretenimiento digital en \u00c1frica.<\/p>\n<p><img loading=\"lazy\" decoding=\"async\"   src=\"https:\/\/www.europesays.com\/es\/wp-content\/uploads\/2025\/10\/anna-ferrer-y-su-novio-mario_158f0c9a_251009162024_1200x1496.webp.webp\" alt=\"Anna Ferrer y su novio Mario\" class=\"lazyload\" width=\"1200\" height=\"1496\" data-aspectratio=\"1200\/1496\"\/><\/p>\n<p>El futuro yerno de Paz Padilla tiene 28 a\u00f1os y Anna ha desvelado que es buen cocinero y que, por encima de todas las cosas, ama a su familia.<\/p>\n<p>&#13;Instagram @annafpadilla<\/p>\n<p>En cuanto a su personalidad hemos podido descubrir algunos aspectos gracias a los textos y palabras que ha compartido la hija de la humorista. Por un lado, sabemos que es una<strong> persona ingeniosa y r\u00e1pida a la hora de hacer una broma<\/strong>, un aspecto que ha robado el coraz\u00f3n de su chica. En juegos como el trivial o el ajedrez no tiene rival, seg\u00fan relataba la influencer desde sus ojos de enamorada.<\/p>\n<p><img decoding=\"async\" src=\"https:\/\/www.europesays.com\/es\/wp-content\/uploads\/2025\/10\/anna-ferrer-y-su-novio-mario_6b43414a_251008222549_800x800.webp.webp\" alt=\"Anna Ferrer y su novio, Mario\" class=\"image lazyload\"\/><img loading=\"lazy\" decoding=\"async\" src=\"https:\/\/www.europesays.com\/es\/wp-content\/uploads\/2025\/10\/anna-ferrer-padilla_3a2c16ed_251008212536_1280x720.webp.webp\" alt=\"Anna Ferrer, hija de Paz Padilla, anuncia que se casa con su novio: &quot;\u00a1Mil veces s\u00ed!&quot;\" class=\"image lazyload\" width=\"1280\" height=\"720\" data-aspectratio=\"1280\/720\"\/><\/p>\n<p>Adem\u00e1s de haber descubierto algunas facetas de su chico que cre\u00eda desconocidas, hay valores que son muy importantes para Ferrer y que ha querido dar a conocer a todos sus seguidores. <strong>La admiraci\u00f3n y el amor que siente por su familia<\/strong> es algo que ha terminado de cautivar a la hija de Paz, un aspecto que compensa con su cabezoner\u00eda y tambi\u00e9n con lo buen cocinero que es y los buenos platos que le prepara a su chica cada vez que puede.<\/p>\n","protected":false},"excerpt":{"rendered":"Desde hace alg\u00fan tiempo Anna Ferrer (28 a\u00f1os) dej\u00f3 de ser la hija de Paz Padilla (56 a\u00f1os)&hellip;\n","protected":false},"author":2,"featured_media":165914,"comment_status":"","ping_status":"","sticky":false,"template":"","format":"standard","meta":{"footnotes":""},"categories":[174],"tags":[255,146,147,25,24,256,23],"class_list":{"0":"post-165913","1":"post","2":"type-post","3":"status-publish","4":"format-standard","5":"has-post-thumbnail","7":"category-famosos","8":"tag-celebrities","9":"tag-entertainment","10":"tag-entretenimiento","11":"tag-es","12":"tag-espana","13":"tag-famosos","14":"tag-spain"},"share_on_mastodon":{"url":"","error":""},"_links":{"self":[{"href":"https:\/\/www.europesays.com\/es\/wp-json\/wp\/v2\/posts\/165913","targetHints":{"allow":["GET"]}}],"collection":[{"href":"https:\/\/www.europesays.com\/es\/wp-json\/wp\/v2\/posts"}],"about":[{"href":"https:\/\/www.europesays.com\/es\/wp-json\/wp\/v2\/types\/post"}],"author":[{"embeddable":true,"href":"https:\/\/www.europesays.com\/es\/wp-json\/wp\/v2\/users\/2"}],"replies":[{"embeddable":true,"href":"https:\/\/www.europesays.com\/es\/wp-json\/wp\/v2\/comments?post=165913"}],"version-history":[{"count":0,"href":"https:\/\/www.europesays.com\/es\/wp-json\/wp\/v2\/posts\/165913\/revisions"}],"wp:featuredmedia":[{"embeddable":true,"href":"https:\/\/www.europesays.com\/es\/wp-json\/wp\/v2\/media\/165914"}],"wp:attachment":[{"href":"https:\/\/www.europesays.com\/es\/wp-json\/wp\/v2\/media?parent=165913"}],"wp:term":[{"taxonomy":"category","embeddable":true,"href":"https:\/\/www.europesays.com\/es\/wp-json\/wp\/v2\/categories?post=165913"},{"taxonomy":"post_tag","embeddable":true,"href":"https:\/\/www.europesays.com\/es\/wp-json\/wp\/v2\/tags?post=165913"}],"curies":[{"name":"wp","href":"https:\/\/api.w.org\/{rel}","templated":true}]}}