{"id":165919,"date":"2025-10-09T20:35:10","date_gmt":"2025-10-09T20:35:10","guid":{"rendered":"https:\/\/www.europesays.com\/es\/165919\/"},"modified":"2025-10-09T20:35:10","modified_gmt":"2025-10-09T20:35:10","slug":"la-insolita-peticion-de-una-comensal-de-first-dates-que-ha-dejado-sin-palabras-al-equipo","status":"publish","type":"post","link":"https:\/\/www.europesays.com\/es\/165919\/","title":{"rendered":"La ins\u00f3lita petici\u00f3n de una comensal de &#8216;First Dates&#8217; que ha dejado sin palabras al equipo"},"content":{"rendered":"<p>Para gustos, colores. &#8216;First Dates&#8217; ha vuelto a abrir sus puertas con la ardua y emotiva tarea de buscar pareja a aquellos comensales que conf\u00edan en ellos. <strong>Natalia <\/strong>(69 a\u00f1os) ha acudido al dating show en busca de compa\u00f1\u00eda. Quer\u00eda tener una cita con un hombre alto y delgado. \u00abY si tienes los ojos claros, mejor\u00bb, ha a\u00f1adido a las c\u00e1maras del programa. Sin embargo, la jubilada de Sevilla ha hecho una petici\u00f3n que hasta ahora no se hab\u00eda escuchado en el programa (y eso que llevan <a href=\"https:\/\/www.lecturas.com\/television\/motivo-por-que-first-dates-casi-no-ve-luz-espana_163366\" target=\"_self\" rel=\"nofollow noopener\">m\u00e1s de 2.000 citas<\/a>).\u00a0<\/p>\n<p>Natalia busca a alguien con quien ir a la discoteca: \u00abEs para personas mayores y lo pasamos bomba\u00bb. Pero si hay <a href=\"https:\/\/www.lecturas.com\/television\/inacabable-lista-requisitos-comensal-first-dates_182399\" target=\"_self\" rel=\"nofollow noopener\">un requisito que no puede faltarle<\/a> a su cita es \u00abque fume como un carretero\u00bb. \u00abQue fume, que le da salud\u00bb, ha dicho entre risas. \u00abPerd\u00f3n, que fume y me acompa\u00f1e. Que no me diga eso de &#8216;\u00bfotro cigarrito, hija?&#8217;. Ya mis hijos me han dado por imposible as\u00ed que el que venga, que fume\u00bb, ha solicitado.\u00a0<\/p>\n<p>La jubilada se ha topado con la hija de\u00a0<strong>Manuel <\/strong>(75 a\u00f1os), su cita\u00a0de &#8216;First Dates&#8217;. \u00abLa opini\u00f3n de ella es muy importante para m\u00ed. <strong>Estamos muy unidos<\/strong>\u00ab, confesaba el jubilado. Es una de sus cuatro hijos. La tuvo con 56 a\u00f1os. Paula se ha asegurado de que fuese una mujer\u00a0\u00abalegre\u00bb. \u00abCon clase, mucho estilo, educada y con una sonrisa. Esto \u00faltimo a mi edad es fundamental\u00bb, a\u00f1ad\u00eda el sevillano a las c\u00e1maras del dating show.<\/p>\n<p>Cuando ha descubierto que Paula era la hija de Manuel se ha quedado \u00abde piedra\u00bb: \u00abPara nada sospech\u00e9 que era la hija del que me ibais a presentar\u00bb. Las primeras impresiones, para Natalia, han sido buenas. \u00abEres\u00a0muy atractivo\u00bb, le ha dicho. Sin embargo, el jubilado no estaba contento con la estatura de su cita. \u00abNatalia es un poquito bajita para lo que yo cre\u00eda que iba a encontrar\u00bb, ha confesado.\u00a0<\/p>\n<p>Manuel ha acudido con la esperanza de encontrar algo definitivo: \u00abPara siempre\u00bb. Sin embargo, no est\u00e1 dispuesto a salir a bailar, requisito imprescindible para su cita. \u00abHace a\u00f1os que no voy a una discoteca. He trabajado muchos a\u00f1os en la noche y esa etapa ya la he quemado\u00bb, ha apuntado, dejando claro que \u00e9l prefiere una terraza para hacer la sobremesa.<\/p>\n<p>Viven en la misma ciudad, pero parece que sus planes son muy diferentes.\u00a0Natalia no se ve viviendo con una pareja. \u00abTenemos muchas man\u00edas\u00bb, ha confesado la jubilada. Su cita se lo ha negado en un tono ir\u00f3nico. Parec\u00eda que comenzaba a saltar las chispas. Hasta que ha llegado la pregunta: \u00ab\u00bfT\u00fa fumas?\u00bb. Manuel ha contestado que no. Dej\u00f3 de hacerlo hace 20 a\u00f1os. Por suerte, el jubilado tiene claro que ni es su problema ni le va a decir nada al respecto.\u00a0<\/p>\n<p>Natalia ha tanteado el terreno durante la cita. \u00abEres muy atractivo, eres una persona simp\u00e1tica, no fumas y eso es un punto menos para m\u00ed, que quer\u00eda un fumador como un carretero. Me encantar\u00eda tenerte como amigo\u00bb, se ha sincerado la jubilada. \u00abMe siento muy c\u00f3modo hablando con ella. No me he cortado. Eso quiz\u00e1 me ha indicado que no hay feeling porque no he estado nervioso\u00bb, ha reflexionado tras las c\u00e1maras. A ella, le ha dicho que \u00abmuy agradable\u00bb y \u00abse puede hablar contigo casi de todo o de todo\u00bb.\u00a0En su respuesta <strong>no ha hecho referencia a su atractivo f\u00edsico<\/strong> y ese ha sido el detonante para que Natalia le dijese que no a una segunda cita.\u00a0<\/p>\n<p>Manuel, en la decisi\u00f3n final, le ha dicho que no a una cita como pareja, pero como amiga s\u00ed: \u00abCreo que podemos ser muy buenos amigos\u00bb. Ella ha suscrito sus palabras: \u00abParece que le conozco desde que ten\u00eda 20 a\u00f1os\u00bb.<\/p>\n","protected":false},"excerpt":{"rendered":"Para gustos, colores. &#8216;First Dates&#8217; ha vuelto a abrir sus puertas con la ardua y emotiva tarea de&hellip;\n","protected":false},"author":2,"featured_media":165920,"comment_status":"","ping_status":"","sticky":false,"template":"","format":"standard","meta":{"footnotes":""},"categories":[171],"tags":[146,147,25,24,23,214],"class_list":{"0":"post-165919","1":"post","2":"type-post","3":"status-publish","4":"format-standard","5":"has-post-thumbnail","7":"category-tv","8":"tag-entertainment","9":"tag-entretenimiento","10":"tag-es","11":"tag-espana","12":"tag-spain","13":"tag-tv"},"share_on_mastodon":{"url":"","error":""},"_links":{"self":[{"href":"https:\/\/www.europesays.com\/es\/wp-json\/wp\/v2\/posts\/165919","targetHints":{"allow":["GET"]}}],"collection":[{"href":"https:\/\/www.europesays.com\/es\/wp-json\/wp\/v2\/posts"}],"about":[{"href":"https:\/\/www.europesays.com\/es\/wp-json\/wp\/v2\/types\/post"}],"author":[{"embeddable":true,"href":"https:\/\/www.europesays.com\/es\/wp-json\/wp\/v2\/users\/2"}],"replies":[{"embeddable":true,"href":"https:\/\/www.europesays.com\/es\/wp-json\/wp\/v2\/comments?post=165919"}],"version-history":[{"count":0,"href":"https:\/\/www.europesays.com\/es\/wp-json\/wp\/v2\/posts\/165919\/revisions"}],"wp:featuredmedia":[{"embeddable":true,"href":"https:\/\/www.europesays.com\/es\/wp-json\/wp\/v2\/media\/165920"}],"wp:attachment":[{"href":"https:\/\/www.europesays.com\/es\/wp-json\/wp\/v2\/media?parent=165919"}],"wp:term":[{"taxonomy":"category","embeddable":true,"href":"https:\/\/www.europesays.com\/es\/wp-json\/wp\/v2\/categories?post=165919"},{"taxonomy":"post_tag","embeddable":true,"href":"https:\/\/www.europesays.com\/es\/wp-json\/wp\/v2\/tags?post=165919"}],"curies":[{"name":"wp","href":"https:\/\/api.w.org\/{rel}","templated":true}]}}