{"id":165923,"date":"2025-10-09T20:37:11","date_gmt":"2025-10-09T20:37:11","guid":{"rendered":"https:\/\/www.europesays.com\/es\/165923\/"},"modified":"2025-10-09T20:37:11","modified_gmt":"2025-10-09T20:37:11","slug":"es-una-de-las-peliculas-de-terror-mas-polemicas-del-ano-firmada-por-un-veterano-del-genero-y-acaba-de-estrenarse-por-sorpresa-en-espana","status":"publish","type":"post","link":"https:\/\/www.europesays.com\/es\/165923\/","title":{"rendered":"Es una de las pel\u00edculas de terror m\u00e1s pol\u00e9micas del a\u00f1o, firmada por un veterano del g\u00e9nero, y acaba de estrenarse por sorpresa en Espa\u00f1a"},"content":{"rendered":"<p>Que el trauma se haya colado de manera tan prominente en los temas y las discusiones de muchas pel\u00edculas de terror, tanto comerciales como con supuestas intenciones mayores, no est\u00e1 levantando cuestiones de si se est\u00e1 haciendo de manera apropiada. Aunque el arte est\u00e9 precisamente para <strong>explorar con libertad y enfoque personal cuestiones que nos ata\u00f1en como humanos<\/strong>, bordear la explotaci\u00f3n barata con determinadas cuestiones puede ser de un mal gusto terrible.<\/p>\n<p>Es una l\u00ednea complicada de recorrer, porque el terror precisamente tiene que intentar bordear las sensaciones extremas, ya sea por espect\u00e1culo o mera coherencia con el g\u00e9nero que est\u00e1 tocando. Cuando se intentan <strong>pisar determinadas l\u00edneas o entrar en determinados jardines<\/strong>, podemos encontrar pel\u00edculas como \u2018<strong>La mujer de las sombras<\/strong>\u2019 en situaci\u00f3n peliaguda.<\/p>\n<p>Una sombra deprimente<\/p>\n<p><a href=\"https:\/\/www.espinof.com\/tag\/jaume-collet-serra\" rel=\"nofollow noopener\" target=\"_blank\">Jaume Collet-Serra<\/a> vuelve a alejarse de blockbusters y retoma sus or\u00edgenes como cineasta de terror de escala modesta en esta original propuesta de <a href=\"https:\/\/www.espinof.com\/tag\/blumhouse\" rel=\"nofollow noopener\" target=\"_blank\">Blumhouse<\/a> que se top\u00f3 con cierto fracaso comercial adem\u00e1s de cr\u00edticas duras. <strong>Entre las reacciones negativas y otras que la veneran como obra de culto<\/strong>, la pol\u00e9mica obra se ha terminado estrenando aqu\u00ed de tapadillo a trav\u00e9s de plataformas de alquiler como <a rel=\"nofollow, sponsored, noopener, noreferrer\" target=\"_blank\" class=\"js-ecommerce\" id=\"link-ecommerce-1\" href=\"https:\/\/www.webedia-afilia.com\/redirect?url=https%3A%2F%2Fwww.primevideo.com%2F-%2Fes%2Fdetail%2F0TXBHWAAUUKB284I37FWQ3SGW5%2F&amp;category=criticas&amp;site=espinof&amp;ecomPostExpiration=everlasting&amp;postId=249154\" data-vars-affiliate-url=\"https:\/\/www.primevideo.com\/-\/es\/detail\/0TXBHWAAUUKB284I37FWQ3SGW5\/\">Amazon<\/a>, <a rel=\"nofollow, sponsored, noopener, noreferrer\" target=\"_blank\" class=\"js-ecommerce\" id=\"link-ecommerce-2\" href=\"https:\/\/www.webedia-afilia.com\/redirect?url=https%3A%2F%2Ftv.apple.com%2Fes%2Fmovie%2Fla-mujer-de-las-sombras%2Fumc.cmc.4vjp95wvzbf2xs0ytyxj09h72&amp;category=criticas&amp;site=espinof&amp;ecomPostExpiration=everlasting&amp;postId=249154\" data-vars-affiliate-url=\"https:\/\/tv.apple.com\/es\/movie\/la-mujer-de-las-sombras\/umc.cmc.4vjp95wvzbf2xs0ytyxj09h72\">Apple TV<\/a> o <a rel=\"nofollow, sponsored, noopener, noreferrer\" target=\"_blank\" class=\"js-ecommerce\" id=\"link-ecommerce-3\" href=\"https:\/\/www.webedia-afilia.com\/redirect?url=https%3A%2F%2Fwww.filmin.es%2Fpelicula%2Fla-mujer-de-las-sombras&amp;category=criticas&amp;site=espinof&amp;ecomPostExpiration=everlasting&amp;postId=249154\" data-vars-affiliate-url=\"https:\/\/www.filmin.es\/pelicula\/la-mujer-de-las-sombras\">Filmin<\/a>, y hasta directamente en formato f\u00edsico.<\/p>\n<p>    <a href=\"https:\/\/www.espinof.com\/listas\/mejores-peliculas-terror-2025\" class=\"pivot-outboundlink\" data-vars-post-title=\"Las 7 mejores pel\u00edculas de terror de 2025 (por ahora)\" rel=\"nofollow noopener\" target=\"_blank\"><br \/>\n     <img loading=\"lazy\" decoding=\"async\" alt=\"Las 7 mejores pel\u00edculas de terror de 2025 (por ahora)\" width=\"375\" height=\"142\" src=\"https:\/\/www.europesays.com\/es\/wp-content\/uploads\/2025\/08\/1754319668_361_375_142.jpeg\"\/><br \/>\n    <\/a><\/p>\n<p>Tras un accidente que acab\u00f3 con la muerte de su marido y con ella lesionada, Ramona intenta cuidar a sus dos hijos en una casa apartada en el campo, aunque no puede evitar sentirse distante. Sin embargo, todo se trastocar\u00e1 del todo con la llegada de una misteriosa mujer vestida de negro sentada en una silla en el jard\u00edn que <strong>est\u00e1 todo el rato observando la casa<\/strong>.<\/p>\n<p>Collet-Serra intenta, como hiciera con la exitosa \u2018<a class=\"text-outboundlink\" href=\"https:\/\/www.espinof.com\/netflix\/nos-alegro-navidades-rescato-hoyo-a-director-potente-este-thriller-netflix-batio-records-mejor-que-muchos-sus-estrenos-prestigiosos\" data-vars-post-title=\"Nos alegr\u00f3 las navidades y rescat\u00f3 del hoyo a un director potente. Esta pel\u00edcula de Netflix bati\u00f3 records y es mejor que muchos de sus estrenos m\u00e1s &quot;prestigiosos&quot;\" data-vars-post-url=\"https:\/\/www.espinof.com\/netflix\/nos-alegro-navidades-rescato-hoyo-a-director-potente-este-thriller-netflix-batio-records-mejor-que-muchos-sus-estrenos-prestigiosos\" rel=\"nofollow noopener\" target=\"_blank\">Equipaje de mano<\/a>\u2019, retomar su faceta de artesano de pel\u00edculas medias, aunque sea en una escala m\u00e1s peque\u00f1a que de costumbre, tras haber sido <strong>devorado por producciones gigantescas<\/strong>. Su regreso al horror viene adem\u00e1s apuntalado por una interprete notable como <a href=\"https:\/\/www.espinof.com\/tag\/danielle-deadwyler\" rel=\"nofollow noopener\" target=\"_blank\">Danielle Deadwyler<\/a>, y un trabajo visual extraordinario de la mano del director de fotograf\u00eda <strong>Pawel Pogorzelski<\/strong>.<\/p>\n<p>\u2018La mujer en las sombras\u2019: una mano extra\u00f1a<\/p>\n<p>                   <img class=\"centro_sinmarco\" height=\"1080\" width=\"1920\" loading=\"lazy\" decoding=\"async\"  fetchpriority=\"high\"  src=\"https:\/\/www.europesays.com\/es\/wp-content\/uploads\/2025\/10\/1760042230_649_450_1000.jpeg\" alt=\"La Mujer En Las Sombras 2025 Danielle Deadwyler\"\/><\/p>\n<p>S\u00f3lo esas partes deber\u00edan dar para una experiencia en la que retozar a gusto. El problema de \u2018La mujer de las sombras\u2019 son los extremos temas que necesita tocar, tirando de alegor\u00edas para <strong>entrar en la depresi\u00f3n y el trauma exacerbados hasta terreno peligroso<\/strong>. El material, que quiere adem\u00e1s dejar una chocante sensaci\u00f3n al final, aspira a ser visto como una potente declaraci\u00f3n de intenciones sobre la salud mental.<\/p>\n<p>    <a href=\"https:\/\/www.espinof.com\/disney-plus\/hoy-disney-plus-trepidante-pelicula-aventuras-que-unio-a-dwayne-johnson-emily-blunt-antes-the-smashing-machine\" class=\"pivot-outboundlink\" data-vars-post-title=\"Hoy en Disney+, la trepidante pel\u00edcula de aventuras que uni\u00f3 a Dwayne Johnson y Emily Blunt antes de \u2018The Smashing Machine\u2019\" rel=\"nofollow noopener\" target=\"_blank\"><br \/>\n     <img loading=\"lazy\" decoding=\"async\" alt=\"Hoy en Disney+, la trepidante pel\u00edcula de aventuras que uni\u00f3 a Dwayne Johnson y Emily Blunt antes de \u2018The Smashing Machine\u2019\" width=\"375\" height=\"142\" src=\"https:\/\/www.europesays.com\/es\/wp-content\/uploads\/2025\/10\/1760042231_350_375_142.jpeg\"\/><br \/>\n    <\/a><\/p>\n<p>Las v\u00edas que opta para ello no son las mejores, y no ayuda que los encargados de llevarlo a cabo tengan una orientaci\u00f3n m\u00e1s comercial en su manera de abordar el terror. El estilo de Collet-Serra tiene impacto y ritmo, pero la historia reclama una quietud y mano contenida que aqu\u00ed no se prioriza. Este choque provoca que \u2018La mujer en las sombras\u2019 falle en sus intenciones y, por a\u00fan, sea <strong>cuestionable en c\u00f3mo quiere hablar de sus temas<\/strong>.<\/p>\n<p>En Espinof | <a class=\"text-outboundlink\" href=\"https:\/\/www.espinof.com\/listas\/mejores-peliculas-2025\" data-vars-post-title=\"Las 14 mejores pel\u00edculas de 2025 (por ahora)\" data-vars-post-url=\"https:\/\/www.espinof.com\/listas\/mejores-peliculas-2025\" rel=\"nofollow noopener\" target=\"_blank\">Las mejores pel\u00edculas de 2025<\/a><\/p>\n<p>En Espinof | <a class=\"text-outboundlink\" href=\"https:\/\/www.espinof.com\/listas\/mejores-peliculas-terror-todos-tiempos\" data-vars-post-title=\"Las 41 mejores pel\u00edculas de terror de todos los tiempos\" data-vars-post-url=\"https:\/\/www.espinof.com\/listas\/mejores-peliculas-terror-todos-tiempos\" rel=\"nofollow noopener\" target=\"_blank\">Las mejores pel\u00edculas de terror de la historia<\/a><\/p>\n","protected":false},"excerpt":{"rendered":"Que el trauma se haya colado de manera tan prominente en los temas y las discusiones de muchas&hellip;\n","protected":false},"author":2,"featured_media":165924,"comment_status":"","ping_status":"","sticky":false,"template":"","format":"standard","meta":{"footnotes":""},"categories":[169],"tags":[177,146,147,25,24,176,175,23],"class_list":{"0":"post-165923","1":"post","2":"type-post","3":"status-publish","4":"format-standard","5":"has-post-thumbnail","7":"category-cine","8":"tag-cine","9":"tag-entertainment","10":"tag-entretenimiento","11":"tag-es","12":"tag-espana","13":"tag-film","14":"tag-movies","15":"tag-spain"},"share_on_mastodon":{"url":"","error":""},"_links":{"self":[{"href":"https:\/\/www.europesays.com\/es\/wp-json\/wp\/v2\/posts\/165923","targetHints":{"allow":["GET"]}}],"collection":[{"href":"https:\/\/www.europesays.com\/es\/wp-json\/wp\/v2\/posts"}],"about":[{"href":"https:\/\/www.europesays.com\/es\/wp-json\/wp\/v2\/types\/post"}],"author":[{"embeddable":true,"href":"https:\/\/www.europesays.com\/es\/wp-json\/wp\/v2\/users\/2"}],"replies":[{"embeddable":true,"href":"https:\/\/www.europesays.com\/es\/wp-json\/wp\/v2\/comments?post=165923"}],"version-history":[{"count":0,"href":"https:\/\/www.europesays.com\/es\/wp-json\/wp\/v2\/posts\/165923\/revisions"}],"wp:featuredmedia":[{"embeddable":true,"href":"https:\/\/www.europesays.com\/es\/wp-json\/wp\/v2\/media\/165924"}],"wp:attachment":[{"href":"https:\/\/www.europesays.com\/es\/wp-json\/wp\/v2\/media?parent=165923"}],"wp:term":[{"taxonomy":"category","embeddable":true,"href":"https:\/\/www.europesays.com\/es\/wp-json\/wp\/v2\/categories?post=165923"},{"taxonomy":"post_tag","embeddable":true,"href":"https:\/\/www.europesays.com\/es\/wp-json\/wp\/v2\/tags?post=165923"}],"curies":[{"name":"wp","href":"https:\/\/api.w.org\/{rel}","templated":true}]}}