{"id":165927,"date":"2025-10-09T20:39:14","date_gmt":"2025-10-09T20:39:14","guid":{"rendered":"https:\/\/www.europesays.com\/es\/165927\/"},"modified":"2025-10-09T20:39:14","modified_gmt":"2025-10-09T20:39:14","slug":"como-el-hipotiroidismo-puede-causar-depresion-y-ansiedad","status":"publish","type":"post","link":"https:\/\/www.europesays.com\/es\/165927\/","title":{"rendered":"c\u00f3mo el hipotiroidismo puede causar depresi\u00f3n y ansiedad"},"content":{"rendered":"<p>La tiroides, una peque\u00f1a gl\u00e1ndula con forma de mariposa ubicada en la base del cuello, cumple una funci\u00f3n esencial que, sin embargo, pasa inadvertida para millones de personas. Su labor es tan amplia como determinante: regula el metabolismo, la temperatura corporal, la frecuencia card\u00edaca, el crecimiento, el peso y hasta el estado de \u00e1nimo. Por ello, cuando su funcionamiento se ve alterado, el impacto abarca tanto el cuerpo como la mente.<\/p>\n<p class=\"c-leatambien__titulo\"> LEA TAMBI\u00c9N <\/p>\n<p><img decoding=\"async\" alt=\"La desigualdad extrema contribuye a generar un ambiente de desconfianza y miedo hacia el futuro, lo cual termina guiando el discurso pol\u00edtico.\" width=\"120\" height=\"120\" loading=\"lazy\" src=\"https:\/\/imagenes2.eltiempo.com\/files\/image_120_120\/files\/fp\/uploads\/2024\/03\/13\/65f251aba4426.r_d.1339-147.jpeg\" data-full-src=\"https:\/\/www.europesays.com\/es\/wp-content\/uploads\/2025\/10\/65f251aba4426.jpeg\"\/><\/p>\n<p>Seg\u00fan estimaciones de la Organizaci\u00f3n Mundial de la Salud (OMS), alrededor de 750 millones de personas en el mundo tienen alguna enfermedad tiroidea, lo que equivale a cerca del 10 % de la poblaci\u00f3n global. Sin embargo, m\u00e1s del 60 % de los casos no han sido diagnosticados, una cifra que revela la magnitud de un problema silencioso que afecta, en particular, a las mujeres, quienes tienen entre cinco y ocho veces m\u00e1s probabilidades que los hombres de desarrollar una patolog\u00eda tiroidea a lo largo de su vida.<\/p>\n<p class=\"c-cuerpo__media__txt\">Una de cada ocho mujeres desarrollar\u00e1 un trastorno tiroideo en su vida. Foto:iStock<\/p>\n<p>Hipotiroidismo: un trastorno que va m\u00e1s all\u00e1 del cuerpo<\/p>\n<p>Entre las enfermedades tiroideas m\u00e1s comunes se encuentra el hipotiroidismo, una condici\u00f3n caracterizada por una producci\u00f3n insuficiente de hormonas tiroideas. Este d\u00e9ficit provoca una desaceleraci\u00f3n general de los procesos del organismo y se manifiesta con s\u00edntomas como fatiga constante, aumento de peso, estre\u00f1imiento, piel seca, sensibilidad al fr\u00edo y calambres musculares.<\/p>\n<p>Pero las consecuencias no se limitan a lo f\u00edsico. En el marco del D\u00eda Mundial de la Salud Mental, que se conmemora cada 10 de octubre, especialistas advierten que el hipotiroidismo tambi\u00e9n puede alterar la esfera emocional y cognitiva. La depresi\u00f3n, la ansiedad, la falta de concentraci\u00f3n y la lentitud mental son algunos de los signos que pueden acompa\u00f1ar a quienes viven con esta enfermedad sin saberlo.<\/p>\n<p><b>En Colombia, aunque no hay cifras consolidadas, se estima que m\u00e1s de cinco millones de personas podr\u00edan padecer hipotiroidismo, muchas de ellas sin diagn\u00f3stico ni tratamiento.<\/b><\/p>\n<p class=\"c-leatambien__titulo\"> LEA TAMBI\u00c9N <\/p>\n<p><img decoding=\"async\" alt=\"La quimioterapia le dejo artritis en ciertas partes de su cuerpo y perdi\u00f3 su cabello, pero esta libre de c\u00e1ncer\" width=\"120\" height=\"120\" loading=\"lazy\" src=\"https:\/\/imagenes2.eltiempo.com\/files\/image_120_120\/files\/fp\/uploads\/2024\/10\/18\/6712835288b46.r_d.1097-442.jpeg\" data-full-src=\"https:\/\/www.europesays.com\/es\/wp-content\/uploads\/2025\/10\/6712835288b46.jpeg\"\/><\/p>\n<p class=\"c-cuerpo__media__txt\">l hipotiroidismo, adem\u00e1s de causar aumento de peso y fatiga, puede desencadenar depresi\u00f3n y ansiedad Foto:Istock<\/p>\n<p>Uno de los mayores desaf\u00edos frente a las patolog\u00edas tiroideas es su detecci\u00f3n oportuna. De acuerdo con la Asociaci\u00f3n Americana de Tiroides (ATA), el 60 % de los pacientes no ha recibido un diagn\u00f3stico, principalmente porque los s\u00edntomas son inespec\u00edficos y suelen atribuirse al estr\u00e9s, la edad o el ritmo de vida.<\/p>\n<p><b>\u201cEl diagn\u00f3stico temprano del hipotiroidismo es fundamental, especialmente en grupos de alto riesgo como las mujeres, los adultos mayores y quienes tienen antecedentes familiares de trastornos tiroideos. Un abordaje oportuno permite iniciar el tratamiento adecuado, lo que no solo previene complicaciones f\u00edsicas, sino que tambi\u00e9n protege el bienestar psicol\u00f3gico\u201d, explic\u00f3 el Dr. \u00c1lvaro Rojas, director m\u00e9dico de Abbott en Am\u00e9rica Latina.<\/b><\/p>\n<p>Cuando la enfermedad no se identifica a tiempo, los s\u00edntomas pueden intensificarse, generando frustraci\u00f3n, p\u00e9rdida de autoestima y deterioro en la calidad de vida. Por eso, los especialistas recomiendan acompa\u00f1ar el tratamiento m\u00e9dico con apoyo en salud mental y un seguimiento cl\u00ednico constante.<\/p>\n<p class=\"c-leatambien__titulo\"> LEA TAMBI\u00c9N <\/p>\n<p><img decoding=\"async\" alt=\"Foro suicidio\" width=\"120\" height=\"120\" loading=\"lazy\" src=\"https:\/\/imagenes2.eltiempo.com\/files\/image_120_120\/files\/fp\/uploads\/2025\/10\/01\/68dda5a2b0e0b.r_d.640-429.jpeg\" data-full-src=\"https:\/\/www.europesays.com\/es\/wp-content\/uploads\/2025\/10\/68dda5a2b0e0b.jpeg\"\/>Riesgos y complicaciones<\/p>\n<p>El hipotiroidismo no tratado puede derivar en alteraciones metab\u00f3licas y cardiovasculares graves, como aumento del colesterol, hipertensi\u00f3n o diabetes. En las mujeres, la incidencia es especialmente alta: una de cada ocho desarrollar\u00e1 una alteraci\u00f3n tiroidea en alg\u00fan momento de su vida.<\/p>\n<p>Durante el embarazo, los riesgos se agravan. Los trastornos tiroideos pueden aumentar la posibilidad de anemia, preeclampsia, parto prematuro y afectar el desarrollo cerebral del feto, especialmente en el primer trimestre de gestaci\u00f3n. Estas complicaciones hacen a\u00fan m\u00e1s urgente la detecci\u00f3n y el tratamiento adecuados.<\/p>\n<p class=\"c-cuerpo__media__txt\">La detecci\u00f3n temprana y el cuidado integral son clave para proteger cuerpo y mente. Foto:iStock<\/p>\n<p>Frente a esta condici\u00f3n, los expertos coinciden en que el tratamiento no puede reducirse \u00fanicamente al uso de medicamentos. El abordaje debe ser integral, combinando la terapia m\u00e9dica con h\u00e1bitos sostenibles de bienestar, como una alimentaci\u00f3n equilibrada, la pr\u00e1ctica regular de ejercicio, el manejo del estr\u00e9s y, cuando sea necesario, el acompa\u00f1amiento psicol\u00f3gico.<\/p>\n<p><b>\u201cMejorar la atenci\u00f3n del hipotiroidismo requiere combinar educaci\u00f3n, detecci\u00f3n temprana e innovaci\u00f3n cient\u00edfica con h\u00e1bitos de bienestar diarios. Promover la conciencia sobre la enfermedad y fomentar los ex\u00e1menes de rutina es esencial para evitar que sus efectos interfieran con la vida cotidiana y el equilibrio emocional\u201d, concluy\u00f3 el Dr. Rojas.<\/b><\/p>\n<p>EDWIN CAICEDO<\/p>\n<p>Periodista de Medioambiente y Salud<\/p>\n<p>@CaicedoUcros<\/p>\n","protected":false},"excerpt":{"rendered":"La tiroides, una peque\u00f1a gl\u00e1ndula con forma de mariposa ubicada en la base del cuello, cumple una funci\u00f3n&hellip;\n","protected":false},"author":2,"featured_media":165928,"comment_status":"","ping_status":"","sticky":false,"template":"","format":"standard","meta":{"footnotes":""},"categories":[92],"tags":[25,24,165,166,4474,23,22246],"class_list":{"0":"post-165927","1":"post","2":"type-post","3":"status-publish","4":"format-standard","5":"has-post-thumbnail","7":"category-salud","8":"tag-es","9":"tag-espana","10":"tag-health","11":"tag-salud","12":"tag-salud-mental","13":"tag-spain","14":"tag-tiroides"},"share_on_mastodon":{"url":"","error":""},"_links":{"self":[{"href":"https:\/\/www.europesays.com\/es\/wp-json\/wp\/v2\/posts\/165927","targetHints":{"allow":["GET"]}}],"collection":[{"href":"https:\/\/www.europesays.com\/es\/wp-json\/wp\/v2\/posts"}],"about":[{"href":"https:\/\/www.europesays.com\/es\/wp-json\/wp\/v2\/types\/post"}],"author":[{"embeddable":true,"href":"https:\/\/www.europesays.com\/es\/wp-json\/wp\/v2\/users\/2"}],"replies":[{"embeddable":true,"href":"https:\/\/www.europesays.com\/es\/wp-json\/wp\/v2\/comments?post=165927"}],"version-history":[{"count":0,"href":"https:\/\/www.europesays.com\/es\/wp-json\/wp\/v2\/posts\/165927\/revisions"}],"wp:featuredmedia":[{"embeddable":true,"href":"https:\/\/www.europesays.com\/es\/wp-json\/wp\/v2\/media\/165928"}],"wp:attachment":[{"href":"https:\/\/www.europesays.com\/es\/wp-json\/wp\/v2\/media?parent=165927"}],"wp:term":[{"taxonomy":"category","embeddable":true,"href":"https:\/\/www.europesays.com\/es\/wp-json\/wp\/v2\/categories?post=165927"},{"taxonomy":"post_tag","embeddable":true,"href":"https:\/\/www.europesays.com\/es\/wp-json\/wp\/v2\/tags?post=165927"}],"curies":[{"name":"wp","href":"https:\/\/api.w.org\/{rel}","templated":true}]}}