{"id":165931,"date":"2025-10-09T20:41:07","date_gmt":"2025-10-09T20:41:07","guid":{"rendered":"https:\/\/www.europesays.com\/es\/165931\/"},"modified":"2025-10-09T20:41:07","modified_gmt":"2025-10-09T20:41:07","slug":"que-es-y-como-activarla","status":"publish","type":"post","link":"https:\/\/www.europesays.com\/es\/165931\/","title":{"rendered":"qu\u00e9 es y c\u00f3mo activarla"},"content":{"rendered":"<p class=\"c-paragraph\"><b>LG <\/b>ha lanzado una mejora importante para sus<a href=\"https:\/\/www.20minutos.es\/tecnologia\/moviles-dispositivos\/lg-lanza-nueva-gama-televisores-oled-evo-m5-inalambricos-calidad-4k-sonido-envolvente_6237538_0.html\" title=\"LG lanza su nueva gama de televisores OLED evo M5 inal\u00e1mbricos con calidad 4K y sonido envolvente\" rel=\"nofollow noopener\" target=\"_blank\"> televisores Smart TV<\/a>, tanto para los m\u00e1s modernos como para los modelos antiguos. La compa\u00f1\u00eda ha confirmado que todos los televisores inteligentes recibir\u00e1n una funci\u00f3n llamada <b>Gallery+<\/b>, pensada para <b>aprovechar la pantalla incluso cuando no se est\u00e1 viendo nada<\/b>. Es decir, con esta actualizaci\u00f3n cualquier televisor podr\u00e1 convertirse en un elemento decorativo del hogar.<\/p>\n<p>Qu\u00e9 es y c\u00f3mo funciona Gallery+ de LG<\/p>\n<p class=\"c-paragraph\">Desde la marca coreana <a href=\"https:\/\/www.lg.com\/es\/acerca-de-lg\/comunicados-de-prensa\/lg-gallery---diseno-y-tecnologia--para-personalizar-cualquier-es\/?srsltid=AfmBOorkwgnpqm2sZzj9SHN76ZceypMO3VcuzDkvdhNtQAQxAIl4WksQ\" rel=\"nofollow noreferrer noopener\" target=\"_blank\">explican<\/a> que Gallery+ es un servicio que convierte la televisi\u00f3n en un marco digital y es <b>capaz de mostrar m\u00e1s de 4.000 im\u00e1genes<\/b>: obras de arte, paisajes, escenas de pel\u00edculas, fotos tem\u00e1ticas e incluso creaciones inspiradas en videojuegos. El objetivo es que la televisi\u00f3n deje de ser una pantalla apagada y <b>se integre como parte de la decoraci\u00f3n de la casa.<\/b><\/p>\n<p class=\"c-paragraph\">El usuario puede elegir entre la <b>posibilidad de ver im\u00e1genes est\u00e1ticas o presentaciones<\/b> en forma de diapositivas, con la opci\u00f3n de a\u00f1adir m\u00fasica de fondo. Tambi\u00e9n puede <b>adaptarse autom\u00e1ticamente a la luz de la habitaci\u00f3n <\/b>para que las im\u00e1genes se vean m\u00e1s naturales, adem\u00e1s de poder mantenerse encendido en modo siempre visible (Always-On) o activarlo como salvapantallas.<\/p>\n<p class=\"c-paragraph\">Un punto interesante es que<b> puede conectarse con Google Fotos<\/b>, permitiendo mostrar las fotos personales o los \u00e1lbumes de cada usuario. De esta manera, cada persona puede personalizar la experiencia a su gusto, ya sea con una foto familiar o un cuadro que encaje con la decoraci\u00f3n del sal\u00f3n.<\/p>\n<p>C\u00f3mo activar Gallery+ de LG<\/p>\n<p class=\"c-paragraph\">Como hemos mencionado previamente, Gallery+ estar\u00e1<b> disponible en los televisores LG de la gama 2025<\/b>, pero la compa\u00f1\u00eda ha confirmado que tambi\u00e9n <b>llegara a los modelos anteriores<\/b> mediante una actualizaci\u00f3n de software. En otras palabras, los usuarios no tendr\u00e1n que comprarse un nuevo televisor para poder utilizar la funci\u00f3n.<\/p>\n<p class=\"c-paragraph\">Una vez que se instale, el acceso se realiza desde el men\u00fa principal del televisor, dentro de la <b>secci\u00f3n de aplicaciones o servicios de LG<\/b>. Al abrir Gallery+, se puede elegir entre dos opciones: <b>una gratuita<\/b>, con una selecci\u00f3n limitada de im\u00e1genes, y <b>una de pago<\/b>, que da acceso a toda la colecci\u00f3n, la cual a\u00f1ade novedades cada mes.<\/p>\n","protected":false},"excerpt":{"rendered":"LG ha lanzado una mejora importante para sus televisores Smart TV, tanto para los m\u00e1s modernos como para&hellip;\n","protected":false},"author":2,"featured_media":165932,"comment_status":"","ping_status":"","sticky":false,"template":"","format":"standard","meta":{"footnotes":""},"categories":[81],"tags":[119,123,124,25,24,48797,48795,117,121,122,48796,23,118,120],"class_list":{"0":"post-165931","1":"post","2":"type-post","3":"status-publish","4":"format-standard","5":"has-post-thumbnail","7":"category-ciencia-y-tecnologia","8":"tag-ciencia","9":"tag-ciencia-y-tecnologia","10":"tag-cienciaytecnologia","11":"tag-es","12":"tag-espana","13":"tag-gallety","14":"tag-lg","15":"tag-science","16":"tag-science-and-technology","17":"tag-scienceandtechnology","18":"tag-smart-tv","19":"tag-spain","20":"tag-technology","21":"tag-tecnologia"},"share_on_mastodon":{"url":"","error":""},"_links":{"self":[{"href":"https:\/\/www.europesays.com\/es\/wp-json\/wp\/v2\/posts\/165931","targetHints":{"allow":["GET"]}}],"collection":[{"href":"https:\/\/www.europesays.com\/es\/wp-json\/wp\/v2\/posts"}],"about":[{"href":"https:\/\/www.europesays.com\/es\/wp-json\/wp\/v2\/types\/post"}],"author":[{"embeddable":true,"href":"https:\/\/www.europesays.com\/es\/wp-json\/wp\/v2\/users\/2"}],"replies":[{"embeddable":true,"href":"https:\/\/www.europesays.com\/es\/wp-json\/wp\/v2\/comments?post=165931"}],"version-history":[{"count":0,"href":"https:\/\/www.europesays.com\/es\/wp-json\/wp\/v2\/posts\/165931\/revisions"}],"wp:featuredmedia":[{"embeddable":true,"href":"https:\/\/www.europesays.com\/es\/wp-json\/wp\/v2\/media\/165932"}],"wp:attachment":[{"href":"https:\/\/www.europesays.com\/es\/wp-json\/wp\/v2\/media?parent=165931"}],"wp:term":[{"taxonomy":"category","embeddable":true,"href":"https:\/\/www.europesays.com\/es\/wp-json\/wp\/v2\/categories?post=165931"},{"taxonomy":"post_tag","embeddable":true,"href":"https:\/\/www.europesays.com\/es\/wp-json\/wp\/v2\/tags?post=165931"}],"curies":[{"name":"wp","href":"https:\/\/api.w.org\/{rel}","templated":true}]}}