{"id":165943,"date":"2025-10-09T20:47:13","date_gmt":"2025-10-09T20:47:13","guid":{"rendered":"https:\/\/www.europesays.com\/es\/165943\/"},"modified":"2025-10-09T20:47:13","modified_gmt":"2025-10-09T20:47:13","slug":"benalmadena-estudiara-la-rehabilitacion-total-o-parcial-de-la-plaza-de-toros","status":"publish","type":"post","link":"https:\/\/www.europesays.com\/es\/165943\/","title":{"rendered":"Benalm\u00e1dena estudiar\u00e1 la rehabilitaci\u00f3n \u00abtotal o parcial\u00bb de la plaza de toros"},"content":{"rendered":"<p>El futuro de la plaza de toros sigue siendo una inc\u00f3gnita. Despu\u00e9s de que un informe de la Diputaci\u00f3n Provincial de M\u00e1laga sostuviera que esta  &#8230; construcci\u00f3n de titularidad municipal debe ser declarada en situaci\u00f3n legal de ruina urban\u00edstica, el gobierno municipal ha anunciado que contratar\u00e1 \u00abun informe t\u00e9cnico externo de viabilidad para estudiar una posible rehabilitaci\u00f3n\u00bb de la plaza de toros, \u00abya sea total o parcial\u00bb, incluido su coste, adem\u00e1s de \u00abvalorar nuevos usos complementarios a los espect\u00e1culos taurinos\u00bb.<\/p>\n<p class=\"v-p\">La decisi\u00f3n se ha hecho p\u00fablica tras la reuni\u00f3n de constituci\u00f3n de la mesa t\u00e9cnica creada por el Consistorio para definir el futuro del coso benalmadense, inaugurado en 1968. En el grupo de trabajo, que ha presidido el alcalde, Juan Antonio Lara, ha contado con la la participaci\u00f3n del director de Asuntos Taurinos de la Diputaci\u00f3n, Borja Ortiz, la edil de Cultura, J\u00e9sica Trujillo, la Junta Directiva de la Asociaci\u00f3n Taurina de Benalm\u00e1dena, en la que estuvieron presentes Rafael Gamero, Luis Miguel Ramos y Javier Rodr\u00edguez, junto a t\u00e9cnicos municipales, y el que fuera director de Asuntos Taurinos en ente provincial y exalcalde en el municipio, Enrique Moya. La decisi\u00f3n de contratar este informe t\u00e9cnico externo ha sido acordada por todas las partes, seg\u00fan ha manifestado el Consistorio.<\/p>\n<p><a href=\"http:\/\/www.diariosur.es\/costadelsol\/informe-tecnico-diputacion-aboca-plaza-toros-benalmadena-20250813210331-nt.html#vtm_modulosEngag=mod-rel:costadelsol:noticia:1:cmp:2-not\" class=\"v-a-link\" title=\"Adi\u00f3s a la plaza de toros de Benalm\u00e1dena\" rel=\"nofollow noopener\" target=\"_blank\"><br \/>\n<img decoding=\"async\" loading=\"lazy\" class=\"v-a-img\" src=\"https:\/\/www.europesays.com\/es\/wp-content\/uploads\/2025\/10\/Pleno Benalmadena-U04662074782cUT-366x256@Diario Sur.JPG\" alt=\"Adi\u00f3s a la plaza de toros de Benalm\u00e1dena\"\/><br \/>\n<\/a><\/p>\n<p><a href=\"http:\/\/www.diariosur.es\/costadelsol\/mesa-trabajo-proyecto-plaza-toros-benalmadena-20250910213822-nt.html#vtm_modulosEngag=mod-rel:costadelsol:noticia:2:cmp:2-not\" class=\"v-a-link\" title=\"Benalm\u00e1dena: De plaza de toros a \u00abespacio sociocultural abierto\u00bb con tauromaquia\" rel=\"nofollow noopener\" target=\"_blank\"><br \/>\n<img decoding=\"async\" loading=\"lazy\" class=\"v-a-img\" src=\"https:\/\/www.europesays.com\/es\/wp-content\/uploads\/2025\/10\/Toros-U76172222115Mzl-366x256@Diario Sur.jpg\" alt=\"Benalm\u00e1dena: De plaza de toros a \u00abespacio sociocultural abierto\u00bb con tauromaquia\"\/><br \/>\n<\/a><\/p>\n<p class=\"v-p\">Llama la atenci\u00f3n que se hable de la posibilidad de una rehabilitaci\u00f3n \u00abtotal\u00bb, teniendo en cuenta que el informe t\u00e9cnico de la Diputaci\u00f3n, firmado por un doctor en Ingenier\u00eda Industrial e ingeniero de Caminos, Canales y Puertos, apelaba a un criterio puramente econ\u00f3mico con base legal para justificar su conclusi\u00f3n. En concreto, se refer\u00eda al apartado \u00aba\u00bb del art\u00edculo 146.1 de la Ley 7\/2021, de impulso para la sostenibilidad del territorio de Andaluc\u00eda (LISTA), que establece que \u00abproceder\u00e1 la declaraci\u00f3n legal de la situaci\u00f3n de ruina urban\u00edstica\u00bb cuando \u00abel coste de las reparaciones necesarias para devolver la estabilidad, seguridad, estanqueidad y consolidaci\u00f3n estructural a la construcci\u00f3n o edificaci\u00f3n que est\u00e9 en situaci\u00f3n de manifiesto deterioro supere el l\u00edmite del deber normal de conservaci\u00f3n\u00bb.<\/p>\n<p class=\"v-p\">En la \u00faltima sesi\u00f3n plenaria en la que se debati\u00f3 espec\u00edficamente este asunto, el pasado 12 de agosto, el gobierno municipal neg\u00f3 que su intenci\u00f3n fuera tirar el edificio por completo, aunque expresamente s\u00f3lo se refiri\u00f3 a intentar salvar \u00abparte de la fachada\u00bb de la plaza. A lo que ya apunt\u00f3 entonces es a esos \u00abusos complementarios\u00bb a la tauromaquia.<\/p>\n<p class=\"v-p\">El documento de Diputaci\u00f3n no es el primer informe t\u00e9cnico que sostiene que el coso est\u00e1 en una situaci\u00f3n legal de ruina urban\u00edstica. En 2011 ya lo hizo el jefe de servicio del \u00e1rea de Arquitectura del Ayuntamiento y despu\u00e9s, un director de Fomento.<\/p>\n","protected":false},"excerpt":{"rendered":"El futuro de la plaza de toros sigue siendo una inc\u00f3gnita. Despu\u00e9s de que un informe de la&hellip;\n","protected":false},"author":2,"featured_media":165944,"comment_status":"","ping_status":"","sticky":false,"template":"","format":"standard","meta":{"footnotes":""},"categories":[277],"tags":[17784,373,168,25,24,24398,7681,1386,5699,23,167,374,444,1627],"class_list":{"0":"post-165943","1":"post","2":"type-post","3":"status-publish","4":"format-standard","5":"has-post-thumbnail","7":"category-toreo","8":"tag-benalmadena","9":"tag-bullfighting","10":"tag-deportes","11":"tag-es","12":"tag-espana","13":"tag-estudiara","14":"tag-parcial","15":"tag-plaza","16":"tag-rehabilitacion","17":"tag-spain","18":"tag-sports","19":"tag-toreo","20":"tag-toros","21":"tag-total"},"share_on_mastodon":{"url":"","error":""},"_links":{"self":[{"href":"https:\/\/www.europesays.com\/es\/wp-json\/wp\/v2\/posts\/165943","targetHints":{"allow":["GET"]}}],"collection":[{"href":"https:\/\/www.europesays.com\/es\/wp-json\/wp\/v2\/posts"}],"about":[{"href":"https:\/\/www.europesays.com\/es\/wp-json\/wp\/v2\/types\/post"}],"author":[{"embeddable":true,"href":"https:\/\/www.europesays.com\/es\/wp-json\/wp\/v2\/users\/2"}],"replies":[{"embeddable":true,"href":"https:\/\/www.europesays.com\/es\/wp-json\/wp\/v2\/comments?post=165943"}],"version-history":[{"count":0,"href":"https:\/\/www.europesays.com\/es\/wp-json\/wp\/v2\/posts\/165943\/revisions"}],"wp:featuredmedia":[{"embeddable":true,"href":"https:\/\/www.europesays.com\/es\/wp-json\/wp\/v2\/media\/165944"}],"wp:attachment":[{"href":"https:\/\/www.europesays.com\/es\/wp-json\/wp\/v2\/media?parent=165943"}],"wp:term":[{"taxonomy":"category","embeddable":true,"href":"https:\/\/www.europesays.com\/es\/wp-json\/wp\/v2\/categories?post=165943"},{"taxonomy":"post_tag","embeddable":true,"href":"https:\/\/www.europesays.com\/es\/wp-json\/wp\/v2\/tags?post=165943"}],"curies":[{"name":"wp","href":"https:\/\/api.w.org\/{rel}","templated":true}]}}