{"id":165951,"date":"2025-10-09T20:53:16","date_gmt":"2025-10-09T20:53:16","guid":{"rendered":"https:\/\/www.europesays.com\/es\/165951\/"},"modified":"2025-10-09T20:53:16","modified_gmt":"2025-10-09T20:53:16","slug":"25-dias-ingresado-y-16-kilos-menos","status":"publish","type":"post","link":"https:\/\/www.europesays.com\/es\/165951\/","title":{"rendered":"25 d\u00edas ingresado y 16 kilos menos"},"content":{"rendered":"<p>La leyenda del Bilbao Basket <strong>\u00c1lex Mumbr\u00fa\u00a0<\/strong>atraviesa uno de los peores momentos de su vida. Y es que <a href=\"https:\/\/www.radionervion.com\/2025\/09\/18\/el-bilbao-basket-manda-fuerza-a-alex-mumbru-en-plena-lucha-contra-una-pancreatitis\/\" rel=\"nofollow noopener\" target=\"_blank\">la pancreatitis aguda<\/a> que le mantuvo alejado de los banquillos en la primera fase del <strong>Eurobasket<\/strong> que logr\u00f3 Alemania no parece remitir.<\/p>\n<p>Tal y como informa Mundo Deportivo, Mumbr\u00fa lleva <strong>25 d\u00edas ingresado<\/strong> en el hospital de Barcelona en el que fue ingresado tras llegar desde el Eurobasket. El citado medio asegura que no ha consumido ning\u00fan alimento s\u00f3lido durante las \u00faltimas tres semanas y habr\u00eda perdido 16 kilos. A\u00fan as\u00ed, se espera que en los pr\u00f3ximos diez d\u00edas abandonar\u00eda el hospital y continuar\u00eda un proceso de reposo absoluto en su casa antes de someterse a una operaci\u00f3n en la que se le extirpar\u00e1 la ves\u00edcula.<\/p>\n<p>    Publicidad<\/p>\n<p>Los mensajes de apoyo del Bilbao Basket a \u00c1lex Mumbr\u00fa<\/p>\n<p>En declaraciones recogidas por <strong>Telebilbao<\/strong>, Isabel Iturbe y Rafa Pueyo mandaron \u00e1nimos al t\u00e9cnico catal\u00e1n. \u00abLa verdad es que le vi sumamente delgado. Le dije que cuando viniera a Bilbao ten\u00eda que <strong>tomar unos cuantos chuletones<\/strong> porque hab\u00eda perdido nueve kilos. S\u00e9 que est\u00e1 ingresado otra vez y lo que necesita es recuperarse y coger fuerzas. Le deseo lo mejor, como siempre\u00bb, asever\u00f3 Iturbe. Pueyo, por su parte, admite que tambi\u00e9n \u00ab<strong>le ech\u00f3 la bronca<\/strong>\u00bb por no estar recuper\u00e1ndose. \u00abEstoy convencido de que va a salir todo bien\u00bb, concluy\u00f3.<\/p>\n<p>En la previa de la EH Kopa entre el Bilbao Basket y el Baskonia los jugadores de ambos equipos portaron una pancarta mand\u00e1ndole \u00e1nimos.<\/p>\n<p><img loading=\"lazy\" decoding=\"async\" class=\"wp-image-118693 size-full\" src=\"https:\/\/www.europesays.com\/es\/wp-content\/uploads\/2025\/10\/alex.png\" alt=\"\" width=\"609\" height=\"362\"  \/>Pancarta de apoyo a \u00c1lex Mumbr\u00fa del Bilbao Basket y el Baskonia.<\/p>\n","protected":false},"excerpt":{"rendered":"La leyenda del Bilbao Basket \u00c1lex Mumbr\u00fa\u00a0atraviesa uno de los peores momentos de su vida. Y es que&hellip;\n","protected":false},"author":2,"featured_media":165952,"comment_status":"","ping_status":"","sticky":false,"template":"","format":"standard","meta":{"footnotes":""},"categories":[269],"tags":[25677,299,298,168,25,24,33547,23,167],"class_list":{"0":"post-165951","1":"post","2":"type-post","3":"status-publish","4":"format-standard","5":"has-post-thumbnail","7":"category-baloncesto","8":"tag-alex-mumbru","9":"tag-baloncesto","10":"tag-basketball","11":"tag-deportes","12":"tag-es","13":"tag-espana","14":"tag-pancreatitis","15":"tag-spain","16":"tag-sports"},"share_on_mastodon":{"url":"","error":""},"_links":{"self":[{"href":"https:\/\/www.europesays.com\/es\/wp-json\/wp\/v2\/posts\/165951","targetHints":{"allow":["GET"]}}],"collection":[{"href":"https:\/\/www.europesays.com\/es\/wp-json\/wp\/v2\/posts"}],"about":[{"href":"https:\/\/www.europesays.com\/es\/wp-json\/wp\/v2\/types\/post"}],"author":[{"embeddable":true,"href":"https:\/\/www.europesays.com\/es\/wp-json\/wp\/v2\/users\/2"}],"replies":[{"embeddable":true,"href":"https:\/\/www.europesays.com\/es\/wp-json\/wp\/v2\/comments?post=165951"}],"version-history":[{"count":0,"href":"https:\/\/www.europesays.com\/es\/wp-json\/wp\/v2\/posts\/165951\/revisions"}],"wp:featuredmedia":[{"embeddable":true,"href":"https:\/\/www.europesays.com\/es\/wp-json\/wp\/v2\/media\/165952"}],"wp:attachment":[{"href":"https:\/\/www.europesays.com\/es\/wp-json\/wp\/v2\/media?parent=165951"}],"wp:term":[{"taxonomy":"category","embeddable":true,"href":"https:\/\/www.europesays.com\/es\/wp-json\/wp\/v2\/categories?post=165951"},{"taxonomy":"post_tag","embeddable":true,"href":"https:\/\/www.europesays.com\/es\/wp-json\/wp\/v2\/tags?post=165951"}],"curies":[{"name":"wp","href":"https:\/\/api.w.org\/{rel}","templated":true}]}}