{"id":165957,"date":"2025-10-09T20:56:11","date_gmt":"2025-10-09T20:56:11","guid":{"rendered":"https:\/\/www.europesays.com\/es\/165957\/"},"modified":"2025-10-09T20:56:11","modified_gmt":"2025-10-09T20:56:11","slug":"el-increible-edificio-vanguardista-conocido-como-la-opera-de-sidney-espanola","status":"publish","type":"post","link":"https:\/\/www.europesays.com\/es\/165957\/","title":{"rendered":"el incre\u00edble edificio vanguardista conocido como la &#8216;\u00d3pera de S\u00eddney espa\u00f1ola&#8217;"},"content":{"rendered":"<p>Se encuentran <strong>a 18 700 kil\u00f3metros de distancia<\/strong>, pero guardan un curioso parecido. Tanto es as\u00ed, que hay quienes comparan a este edificio canario con la archiconocida \u00d3pera de S\u00eddney. Damos un paseo por un llamativo auditorio que despliega junto al Atl\u00e1ntico sus formas futuristas.<\/p>\n<p>As\u00ed es la \u2018\u00d3pera de S\u00eddney espa\u00f1ola\u2019<\/p>\n<p>El Auditorio de Tenerife ha logrado gracias a su programa l\u00edrico dar vida a producciones internacionales entre sus paredes, lo cual lo ha posicionado al nivel de otros teatros nacionales. Sin embargo, por lo que es realmente parecido a su hermano australiano es por <strong>su portentosa y llamativa arquitectura<\/strong>.<\/p>\n<p><img decoding=\"async\" class=\"wp-image-431155 size-full\" alt=\"La '\u00d3pera de S\u00eddney espa\u00f1ola'\" width=\"1200\" height=\"750\" src=\"https:\/\/www.europesays.com\/es\/wp-content\/uploads\/2025\/10\/20240122110434431155.jpg\" loading=\"lazy\"  \/><br \/>\nLa &#8216;\u00d3pera de S\u00eddney espa\u00f1ola&#8217;. | Shutterstock<\/p>\n<p>Por su parte, la Casa de la \u00d3pera en S\u00eddney, su nombre completo, es una construcci\u00f3n expresionista que inspir\u00f3 con ella al reconocido arquitecto espa\u00f1ol Santiago Calatrava para crear la que se conoce como la <strong>\u2018\u00d3pera de S\u00eddney espa\u00f1ola\u2019 o la \u2018S\u00eddney del Atl\u00e1ntico\u2019.<\/strong><\/p>\n<p>En el caso de la obra de Tenerife, pasaron seis a\u00f1os hasta que qued\u00f3 finalizada, y no fue inaugurada hasta 2003. Un edificio cuya ubicaci\u00f3n se encuentra en la capital canaria <a href=\"https:\/\/www.espanafascinante.com\/articulo\/que-ver\/que-ver-en-santa-cruz-de-tenerife\/20140421132418273250.html\" rel=\"nofollow noopener\" target=\"_blank\">Santa Cruz de Tenerife<\/a>, concretamente, junto al mar, <strong>sobre un conjunto de rocas<\/strong> donde aparecen rostros de personajes ilustres de la historia.<\/p>\n<p>Es el lugar perfecto donde disfrutar de buena m\u00fasica, ya que es <strong>la sede de<\/strong> <strong>la Orquesta Sinf\u00f3nica de Tenerife<\/strong>, pero tambi\u00e9n de arquitectura, ya que se ha considerado un emblema de la ciudad tinerfe\u00f1a e incluso de la arquitectura nacional.<\/p>\n<p><img decoding=\"async\" class=\"size-full wp-image-431159\" alt=\"Auditorio y torres de Santa Cruz de Tenerife\" width=\"1200\" height=\"750\" src=\"https:\/\/www.europesays.com\/es\/wp-content\/uploads\/2025\/10\/20240122110936431159.jpg\" loading=\"lazy\"  \/><br \/>\nAuditorio y torres de Santa Cruz de Tenerife. | Shutterstock<\/p>\n<p>Adem\u00e1s, es una edificaci\u00f3n que destaca en s\u00ed misma, pero tambi\u00e9n por el entorno que la rodea. Se haya <strong>al lado del<\/strong> <strong>Castillo de San Juan Bautista<\/strong>, tambi\u00e9n llamado popularmente <a href=\"https:\/\/www.espanafascinante.com\/articulo\/rincones-excepcionales\/castillo-negro-tenerife-nelson\/20210712070048274718.html\" rel=\"nofollow noopener\" target=\"_blank\">Castillo Negro<\/a>, una construcci\u00f3n del siglo XVII que contrasta con su tono oscuro sobre el fondo blanco del auditorio. En su momento fue una de las fortalezas de defensa m\u00e1s importantes de la ciudad.<\/p>\n<p>Detr\u00e1s de ella se elevan tambi\u00e9n las Torres de Santa Cruz, un complejo residencial compuesto por <strong>dos torres gemelas que alcanzan los<\/strong> <strong>120 metros de altura<\/strong> y que son elementos muy identificativos de Santa Cruz de Tenerife.<\/p>\n<p>Qu\u00e9 ver en el Auditorio de Tenerife<\/p>\n<p><img decoding=\"async\" class=\"size-full wp-image-431153\" alt=\"Auditorio de Tenerife\" width=\"1200\" height=\"750\" src=\"https:\/\/www.europesays.com\/es\/wp-content\/uploads\/2025\/10\/20240122110045431153.jpg\" loading=\"lazy\"  \/><br \/>\nAuditorio de Tenerife. | Shutterstock<\/p>\n<p>La \u2018\u00d3pera de S\u00eddney espa\u00f1ola\u2019 se trata de un gran centro musical colocado al borde al <a href=\"https:\/\/www.espanafascinante.com\/articulo\/rincones-excepcionales\/paraisos-del-atlantico\/20180809142108272532.html\" rel=\"nofollow noopener\" target=\"_blank\">Atl\u00e1ntico<\/a> cuyo objetivo primordial es difundir la m\u00fasica y la \u00f3pera. En \u00e9l, cada a\u00f1o la temporada de \u00d3pera de Tenerife busca que cada obra sea una experiencia inolvidable para personas de cualquier edad en la que <strong>la literatura, la m\u00fasica, la pintura, las artes esc\u00e9nicas y los valores humanos<\/strong> sean palpables en el escenario del auditorio. Y es que qu\u00e9 mejor que deleitarse de aut\u00e9nticas obras de arte en un enclave pensado para ser en s\u00ed mismo una de ellas.<\/p>\n<p>Pero, adem\u00e1s de su programaci\u00f3n esc\u00e9nica, sus instalaciones tambi\u00e9n est\u00e1n preparadas para atender la <strong>celebraci\u00f3n de eventos de todo tipo<\/strong>, como congresos, convenciones, jornadas o presentaciones. No hay duda de que es un espacio digno de ver tanto por dentro como por fuera, pese a que haya personas menos partidarias de su aspecto exterior.<\/p>\n<p><img decoding=\"async\" class=\"size-full wp-image-431160\" alt=\"Auditorio de Tenerife\" width=\"1200\" height=\"750\" src=\"https:\/\/www.europesays.com\/es\/wp-content\/uploads\/2025\/10\/20240122111157431160.jpg\" loading=\"lazy\"  \/><br \/>\nAuditorio de Tenerife. | Shutterstock<\/p>\n<p>El edificio tiene unas dimensiones de 23 000 metros cuadrados y se divide en varios espacios con distintas funciones. Entre ellas, cabe destacar una amplia plaza,<strong> la Sala Sinf\u00f3nica y la Sala de C\u00e1mara<\/strong>, as\u00ed como el Hall Principal, la Galer\u00eda Castillo y la Galer\u00eda Puerto, que cuentan con vistas magn\u00edficas. Tambi\u00e9n merece la pena acceder a sus terrazas y admirar el mar, la ciudad y el paisaje desde una perspectiva privilegiada.<\/p>\n<p>Tambi\u00e9n puedes leer este art\u00edculo en <a target=\"_blank\" href=\"https:\/\/www.fascinatingspain.com\/articulo\/what-to-see-in-canary-islands\/amazing-spanish-sydney-opera-house\/20240329150015067563.html\" rel=\"nofollow noopener\">ingl\u00e9s<\/a>.<\/p>\n<p><a target=\"_blank\" rel=\"noopener nofollow\" href=\"https:\/\/www.whatsapp.com\/channel\/0029VaEaCxq3mFY3N4YzTk01\">Sigue nuestro canal de WhatsApp para descubrir lo m\u00e1s fascinante de Espa\u00f1a<\/a><a target=\"_blank\" href=\"https:\/\/www.whatsapp.com\/channel\/0029VaEaCxq3mFY3N4YzTk01\" rel=\"nofollow noopener\">\u00a0\ud83d\ude0d\u200b\ud83c\udf89<\/a><\/p>\n","protected":false},"excerpt":{"rendered":"Se encuentran a 18 700 kil\u00f3metros de distancia, pero guardan un curioso parecido. Tanto es as\u00ed, que hay&hellip;\n","protected":false},"author":2,"featured_media":165958,"comment_status":"","ping_status":"","sticky":false,"template":"","format":"standard","meta":{"footnotes":""},"categories":[173],"tags":[801,229,233,231,230,48804,232,234,146,147,25,24,11741,28328,48805,23,3851,1370],"class_list":{"0":"post-165957","1":"post","2":"type-post","3":"status-publish","4":"format-standard","5":"has-post-thumbnail","7":"category-arte-y-diseno","8":"tag-arquitectura","9":"tag-arte","10":"tag-arte-y-diseno","11":"tag-arts","12":"tag-arts-and-design","13":"tag-auditorios","14":"tag-design","15":"tag-diseno","16":"tag-entertainment","17":"tag-entretenimiento","18":"tag-es","19":"tag-espana","20":"tag-islas-canarias","21":"tag-rincones-excepcionales","22":"tag-santa-cruz-de-tenerife","23":"tag-spain","24":"tag-teatros","25":"tag-tenerife"},"share_on_mastodon":{"url":"","error":""},"_links":{"self":[{"href":"https:\/\/www.europesays.com\/es\/wp-json\/wp\/v2\/posts\/165957","targetHints":{"allow":["GET"]}}],"collection":[{"href":"https:\/\/www.europesays.com\/es\/wp-json\/wp\/v2\/posts"}],"about":[{"href":"https:\/\/www.europesays.com\/es\/wp-json\/wp\/v2\/types\/post"}],"author":[{"embeddable":true,"href":"https:\/\/www.europesays.com\/es\/wp-json\/wp\/v2\/users\/2"}],"replies":[{"embeddable":true,"href":"https:\/\/www.europesays.com\/es\/wp-json\/wp\/v2\/comments?post=165957"}],"version-history":[{"count":0,"href":"https:\/\/www.europesays.com\/es\/wp-json\/wp\/v2\/posts\/165957\/revisions"}],"wp:featuredmedia":[{"embeddable":true,"href":"https:\/\/www.europesays.com\/es\/wp-json\/wp\/v2\/media\/165958"}],"wp:attachment":[{"href":"https:\/\/www.europesays.com\/es\/wp-json\/wp\/v2\/media?parent=165957"}],"wp:term":[{"taxonomy":"category","embeddable":true,"href":"https:\/\/www.europesays.com\/es\/wp-json\/wp\/v2\/categories?post=165957"},{"taxonomy":"post_tag","embeddable":true,"href":"https:\/\/www.europesays.com\/es\/wp-json\/wp\/v2\/tags?post=165957"}],"curies":[{"name":"wp","href":"https:\/\/api.w.org\/{rel}","templated":true}]}}