{"id":165959,"date":"2025-10-09T20:57:30","date_gmt":"2025-10-09T20:57:30","guid":{"rendered":"https:\/\/www.europesays.com\/es\/165959\/"},"modified":"2025-10-09T20:57:30","modified_gmt":"2025-10-09T20:57:30","slug":"los-mejores-libros-del-escritor-hungaro-premio-nobel-de-literatura-2025","status":"publish","type":"post","link":"https:\/\/www.europesays.com\/es\/165959\/","title":{"rendered":"los mejores libros del escritor h\u00fangaro, Premio Nobel de Literatura 2025"},"content":{"rendered":"<p data-journey-content=\"true\" data-node-id=\"2\" class=\"css-6wxqfj emevuu60\">Despu\u00e9s de que las quinielas hablaran de nombres como los cl\u00e1sicos Haruki Murakami o Margaret Atwood, la mexicana Cristina Rivera Garza o incluso el espa\u00f1ol Enrique Vila Matas, la Academia Sueca ha elegido sin presiones y ha anunciado que <strong data-node-id=\"2.1\">el Premio Nobel de Literatura 2025 es para el h\u00fangaro <a href=\"https:\/\/www.krasznahorkai.hu\/\" target=\"_blank\" rel=\"nofollow noopener\" data-vars-ga-outbound-link=\"https:\/\/www.krasznahorkai.hu\/\" data-vars-ga-ux-element=\"Hyperlink\" data-vars-ga-call-to-action=\"L\u00e1szl\u00f3 Krasznahorkai\" data-node-id=\"2.1.1\" class=\"body-link css-103hk4r emevuu60\">L\u00e1szl\u00f3 Krasznahorkai<\/a>, <\/strong>nacido el 5 de enero de 1954, en Gyula.<\/p>\n<p data-journey-content=\"true\" data-node-id=\"3\" class=\"css-6wxqfj emevuu60\">El comit\u00e9 del Nobel ha premiado a L\u00e1szl\u00f3 Krasznahorkai <strong data-node-id=\"3.1\">\u201cpor su obra cautivadora y visionaria que, en medio del terror apocal\u00edptico, reafirma el poder del arte\u201d.<\/strong> Adem\u00e1s, ha a\u00f1adido que \u00abes un gran escritor \u00e9pico de la tradici\u00f3n centroeuropea, que se extiende desde Kafka hasta Thomas Bernhard, y se caracteriza por el absurdo y el exceso grotesco. Pero tiene m\u00e1s recursos, y tambi\u00e9n mira hacia Oriente al adoptar un tono m\u00e1s contemplativo y refinado\u201d.<\/p>\n<p data-journey-content=\"true\" data-node-id=\"4\" class=\"css-6wxqfj emevuu60\"><strong data-node-id=\"4.0\">L\u00e1szl\u00f3 Krasznahorkai tiene fama de ser un autor exigente y perfeccionista y de llevar una vida discreta<\/strong>. Su obra presume de un lenguaje preciso y obsesivo y en sus libros es capaz de unir la mirada apocal\u00edptica con humor negr\u00edsimo y un misticismo laico. Es uno de los escritores m\u00e1s famosos y premiados de Hungria. En marzo de 2004 recibi\u00f3 del gobierno h\u00fangaro el Premio Kossuth, uno de los m\u00e1s prestigiosos de su pa\u00eds, por el conjunto de su obra, y <strong data-node-id=\"4.2\">en mayo de 2015, el Man Booker International 2015.<\/strong> <\/p>\n<p><img draggable=\"true\" alt=\"&quot;letterature&quot; international festival 2025 day 1\" title=\"&quot;Letterature&quot; International Festival 2025 - Day 1\" loading=\"lazy\" width=\"2341\" height=\"3511\" decoding=\"async\" data-nimg=\"1\" style=\"color:transparent;width:100%;height:auto;\"   src=\"https:\/\/www.europesays.com\/es\/wp-content\/uploads\/2025\/10\/hungarian-novelist-and-screenwriter-l-c3-a1szl-c3-b3-krasznahorkai-news-photo-1760009339.pjpeg\" class=\"css-0 e1g79fud0\"\/><a target=\"_blank\" rel=\"noopener nofollow\" data-theme-key=\"base-link\" href=\"https:\/\/pinterest.com\/pin\/create\/button\/?url=https:\/\/www.elle.com\/es\/living\/ocio-cultura\/a68966212\/mejores-libros-premio-nobel-de-literatura-2025-laszlo-krasznahorkai\/&amp;description=- ElleSpain&amp;media=https:\/\/hips.hearstapps.com\/hmg-prod\/images\/hungarian-novelist-and-screenwriter-l-c3-a1szl-c3-b3-krasznahorkai-news-photo-1760009339.pjpeg?resize=1600:*\" class=\"pinterest css-on9hn5 e1c1bym14\"><img decoding=\"async\" data-dynamic-svg=\"true\" src=\"https:\/\/www.elle.com\/_assets\/design-tokens\/fre\/static\/icons\/social\/pinterest.e8cf655.svg?primary=%2523ffffff\" loading=\"lazy\" data-testid=\"dynamic-svg-base\" height=\"auto\" width=\"auto\" alt=\"pinterest\" class=\"css-4lml0h e1mlxuuw1\"\/><\/a><\/p>\n<p>Franco Origlia\/\/Getty Images<\/p>\n<p data-journey-content=\"true\" data-node-id=\"7\" class=\"css-6wxqfj emevuu60\">Conocido tambi\u00e9n por sus colaboraciones con el cineasta B\u00e9la Tarr, L\u00e1szl\u00f3 Krasznahorkai tiene una larga lista de novelas publicadas. <strong data-node-id=\"7.1\">Su producci\u00f3n arranc\u00f3 en 1985 con la novela &#8216;Satantango&#8217;<\/strong> e incluye entre otros t\u00edtulos &#8216;Tango Sat\u00e1nico&#8217;, &#8216;Circunstancias de Gracia&#8217;, &#8216;El Prisionero de Urga&#8217;, &#8216;Melancol\u00eda de la Resistencia&#8217;, &#8216;Al Norte la monta\u00f1a, al Sur el lago, al Oeste el camino, al Este el r\u00edo&#8217; o &#8216;Y Seiobo descendi\u00f3 a la Tierra&#8217;. Estas son tres novelas para adentrarse en el universo del Premio Nobel de Literatura 2025, todas ellas publicadas por <strong data-node-id=\"7.3\">Acantilado, su editorial en Espa\u00f1a.<\/strong><\/p>\n<p>&#8216;Melancol\u00eda de la resistencia&#8217;<a target=\"_blank\" rel=\"nofollow noopener\" data-theme-key=\"product-image-wrapper\" href=\"https:\/\/www.amazon.es\/dp\/849535957X?tag=ellespain-21\" aria-label=\"32\u00a0\u20ac en Amazon for \" data-href=\"https:\/\/www.amazon.es\/dp\/849535957X\" data-product-url=\"https:\/\/www.amazon.es\/dp\/849535957X\" data-affiliate=\"true\" data-affiliate-url=\"https:\/\/www.amazon.es\/dp\/849535957X?tag=ellespain-21\" data-affiliate-network=\"{&quot;site_id&quot;:&quot;5545cc0d-2c00-4ffe-8b27-aa070fd2db3c&quot;,&quot;metadata&quot;:{&quot;links&quot;:{&quot;default&quot;:&quot;https:\/\/www.amazon.es\/dp\/849535957X?tag=ellespain-21&quot;}},&quot;network&quot;:{&quot;name&quot;:&quot;Amazon&quot;},&quot;afflink_redirect&quot;:&quot;\/_p\/afflink\/ydNc\/amazon-melancolia-de-la-ristencia-17&quot;}\" data-vars-ga-call-to-action=\"32\u00a0\u20ac en Amazon\" data-vars-ga-media-role=\"\" data-vars-ga-media-type=\"Single Product Embed\" data-vars-ga-outbound-link=\"https:\/\/www.amazon.es\/dp\/849535957X\" data-vars-ga-product-brand=\"ACANTILADO\" data-vars-ga-product-id=\"ba22f613-0a19-4d2d-ac9d-363ff71d84eb\" data-vars-ga-product-price=\"32,00\u00a0\u20ac\" data-vars-ga-product-retailer-id=\"c6e0e7d6-a612-44cd-a5b5-5cfa30f01cd7\" data-vars-ga-product-sem3-brand=\"ACANTILADO\" data-vars-ga-product-sem3-category=\"Ficci\u00f3n contempor\u00e1nea\" data-vars-ga-link-treatment=\"(not set) | (not set)\" data-vars-ga-sku=\"849535957X\" data-vars-ga-magento-tracking=\"1\" class=\"product-image-link ebgq4gw2 e1b8bpvs0 css-g6od0w e1c1bym14\"><img  alt=\"This is an image\" title=\"This is an image\" src=\"https:\/\/www.europesays.com\/es\/wp-content\/uploads\/2025\/10\/1760009471-619S565KLL.jpg\" width=\"767\" height=\"1221\" decoding=\"async\" loading=\"lazy\"\/><\/a><\/p>\n<p data-journey-content=\"true\" data-node-id=\"10\" class=\"css-6wxqfj emevuu60\">&#8216;Melancol\u00eda de la resistencia&#8217;, escrita en 1989, nos lleva a una ciudad h\u00fangara de provincias a la que llega un circo ambulante con una ballena gigantesca y la figura invisible de un supuesto pr\u00edncipe. Lo que deber\u00eda ser un acontecimiento divertido acaba, por los rumores, el miedo y la histeria, desembocando en un episodio de violencia colectiva. En ese episodio, aparecen personajes que intentan manipular a la poblaci\u00f3n, aprovecharse del momento, canalizar el descontento y erigirse en l\u00edderes de la multitud- Luego llegar\u00e1 la represi\u00f3n y el toque de queda&#8230; y el circo desaparece. Una obra maestra del humor negro.<\/p>\n<p data-journey-content=\"true\" data-node-id=\"11\" class=\"css-6wxqfj emevuu60\"><strong data-node-id=\"11.0\">P\u00e1ginas: 424<\/strong><\/p>\n<p>&#8216;El bar\u00f3n Wenckheim vuelve a casa&#8217;<a target=\"_blank\" rel=\"nofollow noopener\" data-theme-key=\"product-image-wrapper\" href=\"https:\/\/www.amazon.es\/dp\/8419958204?tag=ellespain-21\" aria-label=\"28\u00a0\u20ac en Amazon for \" data-href=\"https:\/\/www.amazon.es\/dp\/8419958204\" data-product-url=\"https:\/\/www.amazon.es\/dp\/8419958204\" data-affiliate=\"true\" data-affiliate-url=\"https:\/\/www.amazon.es\/dp\/8419958204?tag=ellespain-21\" data-affiliate-network=\"{&quot;site_id&quot;:&quot;5545cc0d-2c00-4ffe-8b27-aa070fd2db3c&quot;,&quot;metadata&quot;:{&quot;links&quot;:{&quot;default&quot;:&quot;https:\/\/www.amazon.es\/dp\/8419958204?tag=ellespain-21&quot;}},&quot;network&quot;:{&quot;name&quot;:&quot;Amazon&quot;},&quot;afflink_redirect&quot;:&quot;\/_p\/afflink\/ydWi\/amazon-el-baron-wenckheim-vuelve-a&quot;}\" data-vars-ga-call-to-action=\"28\u00a0\u20ac en Amazon\" data-vars-ga-media-role=\"\" data-vars-ga-media-type=\"Single Product Embed\" data-vars-ga-outbound-link=\"https:\/\/www.amazon.es\/dp\/8419958204\" data-vars-ga-product-brand=\"ACANTILADO\" data-vars-ga-product-id=\"0cbc9d31-c238-464b-9505-785a3cb4c84f\" data-vars-ga-product-price=\"28,50\u00a0\u20ac\" data-vars-ga-product-retailer-id=\"f0e231fd-23e0-49f9-a0f7-836edac7f9c8\" data-vars-ga-product-sem3-brand=\"ACANTILADO\" data-vars-ga-product-sem3-category=\"Historia del siglo XX y XXI\" data-vars-ga-link-treatment=\"(not set) | (not set)\" data-vars-ga-sku=\"8419958204\" data-vars-ga-magento-tracking=\"1\" class=\"product-image-link ebgq4gw2 e1b8bpvs0 css-g6od0w e1c1bym14\"><img  alt=\"This is an image\" title=\"This is an image\" src=\"https:\/\/www.europesays.com\/es\/wp-content\/uploads\/2025\/10\/1760009921-61L4GKACE2L.jpg\" width=\"754\" height=\"1200\" decoding=\"async\" loading=\"lazy\"\/><\/a><\/p>\n<p data-journey-content=\"true\" data-node-id=\"14\" class=\"css-6wxqfj emevuu60\">Es una de las novelas m\u00e1s recientes del Premio Nobel de Literatura 2025; L\u00e1szl\u00f3 Krasznahorkai la public\u00f3 en 2016. Dicen que es el cierre del universo narrativo que el autor abri\u00f3 con &#8216;Satantango&#8217; y &#8216;La melancol\u00eda de la resistencia&#8217;, con un estilo muy peculiar, torrencial, de frases largu\u00edsimas. &#8216;El bar\u00f3n Wenckheim vuelve a casa&#8217; narra la historia del regreso de un viejo arist\u00f3crata, arruinado e ingenuo, a su mansi\u00f3n en Hungr\u00eda despu\u00e9s de pasar d\u00e9cadas en Argentina. Quiere reencontrarse con Marika, el amor de su vida, y arreglar su vida, pero todos los ciudadanos se quieren aprovechar de su regreso: unos le hacen la pelota, otros le ven como salvador&#8230; y se acaba generando un episodio de histeria colectiva.<\/p>\n<p data-journey-content=\"true\" data-node-id=\"15\" class=\"css-6wxqfj emevuu60\"><strong data-node-id=\"15.0\">P\u00e1ginas: 512<\/strong><\/p>\n<p>&#8216;Y Seiobo descendi\u00f3 a la Tierra&#8217;<a target=\"_blank\" rel=\"nofollow noopener\" data-theme-key=\"product-image-wrapper\" href=\"https:\/\/www.amazon.es\/dp\/8416011451?tag=ellespain-21\" aria-label=\"28\u00a0\u20ac en Amazon for \" data-href=\"https:\/\/www.amazon.es\/dp\/8416011451\" data-product-url=\"https:\/\/www.amazon.es\/dp\/8416011451\" data-affiliate=\"true\" data-affiliate-url=\"https:\/\/www.amazon.es\/dp\/8416011451?tag=ellespain-21\" data-affiliate-network=\"{&quot;site_id&quot;:&quot;5545cc0d-2c00-4ffe-8b27-aa070fd2db3c&quot;,&quot;metadata&quot;:{&quot;links&quot;:{&quot;default&quot;:&quot;https:\/\/www.amazon.es\/dp\/8416011451?tag=ellespain-21&quot;}},&quot;network&quot;:{&quot;name&quot;:&quot;Amazon&quot;},&quot;afflink_redirect&quot;:&quot;\/_p\/afflink\/ydgN\/amazon-y-seiobo-dcendio-a-la&quot;}\" data-vars-ga-call-to-action=\"28\u00a0\u20ac en Amazon\" data-vars-ga-media-role=\"\" data-vars-ga-media-type=\"Single Product Embed\" data-vars-ga-outbound-link=\"https:\/\/www.amazon.es\/dp\/8416011451\" data-vars-ga-product-brand=\"ACANTILADO\" data-vars-ga-product-id=\"b3539f17-5071-4b67-bd74-6badf5e5bf76\" data-vars-ga-product-price=\"28,00\u00a0\u20ac\" data-vars-ga-product-retailer-id=\"7df1e1f0-8cbe-4a93-95bf-2cac618c8942\" data-vars-ga-product-sem3-brand=\"ACANTILADO\" data-vars-ga-product-sem3-category=\"Ficci\u00f3n contempor\u00e1nea\" data-vars-ga-link-treatment=\"(not set) | (not set)\" data-vars-ga-sku=\"8416011451\" data-vars-ga-magento-tracking=\"1\" class=\"product-image-link ebgq4gw2 e1b8bpvs0 css-g6od0w e1c1bym14\"><img  alt=\"This is an image\" title=\"This is an image\" src=\"https:\/\/www.europesays.com\/es\/wp-content\/uploads\/2025\/10\/1760010031-61YqKPe7ZRL.jpg\" width=\"765\" height=\"1227\" decoding=\"async\" loading=\"lazy\"\/><\/a><\/p>\n<p data-journey-content=\"true\" data-node-id=\"18\" class=\"css-6wxqfj emevuu60\">El libro aborda un tema muy interesante: c\u00f3mo ciertas pr\u00e1cticas, si se hacen con entrega absoluta, abren una grieta por lo que lo absoluto (la belleza, los dioses etc) baja a la Tierra. <strong data-node-id=\"18.1\">&#8216;Y Seiobo descendi\u00f3 a la Tierra&#8217;<\/strong> es un libro de relatos interconectados protagonizados por Seiobo, una deidad japonesa que posee un melocot\u00f3n que da un fruto de inmortalidad. La deidad decide regresar a la Tierra para buscar algo de perfecci\u00f3n y, en si viaje, explorar\u00e1 los rituales de Jap\u00f3n, contempla la pintura en la Rusia medieval o en la Italia del Renacimiento; escucha la m\u00fasica del Barroco y sobrevuela la Acr\u00f3polis de Grecia, la Alhambra de Granada o la Pedrera de Barcelona.  <\/p>\n<p data-journey-content=\"true\" data-node-id=\"19\" class=\"css-6wxqfj emevuu60\"><strong data-node-id=\"19.0\">P\u00e1ginas: 464<\/strong><\/p>\n<p><img src=\"https:\/\/www.europesays.com\/es\/wp-content\/uploads\/2025\/10\/1760043450_9_b1a4d5e6-08b9-4f30-abc3-fb139534505c_1547635299.file\" alt=\"Headshot of Bego\u00f1a Alonso\" title=\"Headshot of Bego\u00f1a Alonso\" width=\"100%\" height=\"100%\" decoding=\"async\" loading=\"lazy\" class=\"css-o0wq4v ev8dhu53\"\/><\/p>\n<p>Bego\u00f1a Alonso es experta en ocio, cultura y estilo de vida, coordinando la secci\u00f3n de Living en Elle.es desde hace m\u00e1s de seis a\u00f1os. Llevar la secci\u00f3n de Living supone que lo mismo escribe un reportaje sobre las mejores series de terror de Netflix, que un art\u00edculo de viajes y lunas de miel, un perfil de una activista feminista o un listado de los mejores libros de la historia que tienes que leer.\u00a0<\/p>\n<p>Siempre suele decir que la vida no le da para todo: libros, agenda, m\u00fasica, ocio, cine, series, plataformas de streaming (Netflix, Amazon, HBO, Disney+, Filmin, Movistar+, Apple TV+\u2026), maternidad, televisi\u00f3n, feminismo, viajes, cultura, \u2018lifestyle\u2019, motor, tecnolog\u00eda\u2026 Pero es capaz de llegar a todas partes para ofrecer siempre los contenidos m\u00e1s actuales e interesantes.\u00a0<\/p>\n<p>Bego\u00f1a Alonso se licenci\u00f3 en 1999 en Periodismo en la Universidad Complutense de Madrid, pero cuenta casi con 30 a\u00f1os de experiencia en la profesi\u00f3n. Se estren\u00f3 en medios locales como Huelva Informaci\u00f3n o Las Provincias, pas\u00f3 por radios vecinales haciendo programas de cine y luego aterriz\u00f3 en el mundo del papel, en medios como La Raz\u00f3n, Maxim o Reporter.\u00a0<\/p>\n<p>Tras 9 a\u00f1os dedicada al \u2018branded content\u2019, Bego\u00f1a lleva una d\u00e9cada en ELLE, el mismo tiempo que ha transcurrido desde que consiguiera el Premio 20 Blogs por \u2018The Best of the 80s\u2019, un blog de m\u00fasica de los 80, una de sus pasiones. Tambi\u00e9n adora las pel\u00edculas de boda y se pasa m\u00e1s tiempo planificando viajes que llev\u00e1ndolos a cabo, pero eso es otra historia. \u00a0<\/p>\n","protected":false},"excerpt":{"rendered":"Despu\u00e9s de que las quinielas hablaran de nombres como los cl\u00e1sicos Haruki Murakami o Margaret Atwood, la mexicana&hellip;\n","protected":false},"author":2,"featured_media":165960,"comment_status":"","ping_status":"","sticky":false,"template":"","format":"standard","meta":{"footnotes":""},"categories":[172],"tags":[1655,224,1180,146,147,25,24,225,23],"class_list":{"0":"post-165959","1":"post","2":"type-post","3":"status-publish","4":"format-standard","5":"has-post-thumbnail","7":"category-libros","8":"tag-afiliacion","9":"tag-books","10":"tag-editorial","11":"tag-entertainment","12":"tag-entretenimiento","13":"tag-es","14":"tag-espana","15":"tag-libros","16":"tag-spain"},"share_on_mastodon":{"url":"","error":""},"_links":{"self":[{"href":"https:\/\/www.europesays.com\/es\/wp-json\/wp\/v2\/posts\/165959","targetHints":{"allow":["GET"]}}],"collection":[{"href":"https:\/\/www.europesays.com\/es\/wp-json\/wp\/v2\/posts"}],"about":[{"href":"https:\/\/www.europesays.com\/es\/wp-json\/wp\/v2\/types\/post"}],"author":[{"embeddable":true,"href":"https:\/\/www.europesays.com\/es\/wp-json\/wp\/v2\/users\/2"}],"replies":[{"embeddable":true,"href":"https:\/\/www.europesays.com\/es\/wp-json\/wp\/v2\/comments?post=165959"}],"version-history":[{"count":0,"href":"https:\/\/www.europesays.com\/es\/wp-json\/wp\/v2\/posts\/165959\/revisions"}],"wp:featuredmedia":[{"embeddable":true,"href":"https:\/\/www.europesays.com\/es\/wp-json\/wp\/v2\/media\/165960"}],"wp:attachment":[{"href":"https:\/\/www.europesays.com\/es\/wp-json\/wp\/v2\/media?parent=165959"}],"wp:term":[{"taxonomy":"category","embeddable":true,"href":"https:\/\/www.europesays.com\/es\/wp-json\/wp\/v2\/categories?post=165959"},{"taxonomy":"post_tag","embeddable":true,"href":"https:\/\/www.europesays.com\/es\/wp-json\/wp\/v2\/tags?post=165959"}],"curies":[{"name":"wp","href":"https:\/\/api.w.org\/{rel}","templated":true}]}}