{"id":165961,"date":"2025-10-09T20:58:11","date_gmt":"2025-10-09T20:58:11","guid":{"rendered":"https:\/\/www.europesays.com\/es\/165961\/"},"modified":"2025-10-09T20:58:11","modified_gmt":"2025-10-09T20:58:11","slug":"jj-vaquero-y-goyo-jimenez-susanna-griso-david-bustamante-y-leiva","status":"publish","type":"post","link":"https:\/\/www.europesays.com\/es\/165961\/","title":{"rendered":"JJ Vaquero y Goyo Jim\u00e9nez, Susanna Griso, David Bustamante y Leiva"},"content":{"rendered":"<p>Lunes: JJ Vaquero y Goyo Jim\u00e9nez<img loading=\"lazy\" decoding=\"async\" title=\"JJ Vaquero y Goyo Jim\u00e9nez\" alt=\"Los humoristas visitan El Hormiguero\" width=\"480\" height=\"270\" src=\"https:\/\/www.europesays.com\/es\/wp-content\/uploads\/2025\/10\/vaquero-goyo-jimenez_70.jpg\"\/> JJ Vaquero y Goyo Jim\u00e9nez | antena3.com <\/p>\n<p>El lunes 13 empezamos la semana con el buen humor que nos traen los c\u00f3micos JJ Vaquero y Goyo Jim\u00e9nez. Vienen para presentarnos la pel\u00edcula Suj\u00e9tame el cubata, en la que vuelven a coincidir juntos y que llega a los cines el pr\u00f3ximo 17 de octubre. La cinta cuenta una historia \u201ccasi\u201d real en la que JJ Vaquero intenta salvar su bar, El Erizo, que est\u00e1 a punto de cerrar por problemas econ\u00f3micos.<\/p>\n<p>Martes: Susanna Griso<img loading=\"lazy\" decoding=\"async\" title=\"Susanna Griso\" alt=\"La presentadora de Espejo P\u00fablico visita El Hormiguero\" width=\"480\" height=\"270\" src=\"https:\/\/www.europesays.com\/es\/wp-content\/uploads\/2025\/10\/susanna-griso_70.jpg\"\/> Susanna Griso | antena3.com <\/p>\n<p>El martes 14 recibimos a Susanna Griso, uno de los rostros m\u00e1s reconocidos de Antena 3. La presentadora nos visita para celebrar el 20 aniversario de Espejo P\u00fablico y para comentar los temas m\u00e1s candentes de la actualidad pol\u00edtica.<\/p>\n<p>Mi\u00e9rcoles: David Bustamante<img loading=\"lazy\" decoding=\"async\" title=\"David Bustamante visita El Hormiguero\" alt=\"El cantante presenta su pr\u00f3ximo trabajo\" width=\"480\" height=\"270\" src=\"https:\/\/www.europesays.com\/es\/wp-content\/uploads\/2025\/10\/david-bustamante-visita-hormiguero_70.jpg\"\/> David Bustamante visita El Hormiguero | antena3.com <\/p>\n<p>Mi\u00e9rcoles 15: recibimos a un buen amigo del programa, el cantante David Bustamante que viene para presentarnos su gira espa\u00f1ola por teatros, el tour In\u00e9dito. En estos directos, el artista presentar\u00e1 en directo los temas de su nuevo disco, de t\u00edtulo hom\u00f3nimo.<\/p>\n<p>Jueves: Leiva<img loading=\"lazy\" decoding=\"async\" title=\"Leiva visita El Hormiguero\" alt=\"El cantante se sentar\u00e1 con Pablo Motos.\" width=\"480\" height=\"270\" src=\"https:\/\/www.europesays.com\/es\/wp-content\/uploads\/2025\/10\/leiva-visita-hormiguero_70.jpg\"\/> Leiva visita El Hormiguero | antena3.com <\/p>\n<p>Jueves 16: cerramos la semana con la visita del cantante Leiva que nos va a presentar Hasta que me quede sin voz, la nueva pel\u00edcula documental que muestra el retrato m\u00e1s \u00edntimo del artista. Su estreno est\u00e1 previsto en cines a partir del 17 de octubre.<\/p>\n","protected":false},"excerpt":{"rendered":"Lunes: JJ Vaquero y Goyo Jim\u00e9nez JJ Vaquero y Goyo Jim\u00e9nez | antena3.com El lunes 13 empezamos la&hellip;\n","protected":false},"author":2,"featured_media":165962,"comment_status":"","ping_status":"","sticky":false,"template":"","format":"standard","meta":{"footnotes":""},"categories":[171],"tags":[146,147,25,24,23,214],"class_list":{"0":"post-165961","1":"post","2":"type-post","3":"status-publish","4":"format-standard","5":"has-post-thumbnail","7":"category-tv","8":"tag-entertainment","9":"tag-entretenimiento","10":"tag-es","11":"tag-espana","12":"tag-spain","13":"tag-tv"},"share_on_mastodon":{"url":"","error":""},"_links":{"self":[{"href":"https:\/\/www.europesays.com\/es\/wp-json\/wp\/v2\/posts\/165961","targetHints":{"allow":["GET"]}}],"collection":[{"href":"https:\/\/www.europesays.com\/es\/wp-json\/wp\/v2\/posts"}],"about":[{"href":"https:\/\/www.europesays.com\/es\/wp-json\/wp\/v2\/types\/post"}],"author":[{"embeddable":true,"href":"https:\/\/www.europesays.com\/es\/wp-json\/wp\/v2\/users\/2"}],"replies":[{"embeddable":true,"href":"https:\/\/www.europesays.com\/es\/wp-json\/wp\/v2\/comments?post=165961"}],"version-history":[{"count":0,"href":"https:\/\/www.europesays.com\/es\/wp-json\/wp\/v2\/posts\/165961\/revisions"}],"wp:featuredmedia":[{"embeddable":true,"href":"https:\/\/www.europesays.com\/es\/wp-json\/wp\/v2\/media\/165962"}],"wp:attachment":[{"href":"https:\/\/www.europesays.com\/es\/wp-json\/wp\/v2\/media?parent=165961"}],"wp:term":[{"taxonomy":"category","embeddable":true,"href":"https:\/\/www.europesays.com\/es\/wp-json\/wp\/v2\/categories?post=165961"},{"taxonomy":"post_tag","embeddable":true,"href":"https:\/\/www.europesays.com\/es\/wp-json\/wp\/v2\/tags?post=165961"}],"curies":[{"name":"wp","href":"https:\/\/api.w.org\/{rel}","templated":true}]}}