{"id":165967,"date":"2025-10-09T21:01:10","date_gmt":"2025-10-09T21:01:10","guid":{"rendered":"https:\/\/www.europesays.com\/es\/165967\/"},"modified":"2025-10-09T21:01:10","modified_gmt":"2025-10-09T21:01:10","slug":"la-dana-aplaza-el-viaje-de-la-seleccion-espanola-a-elche","status":"publish","type":"post","link":"https:\/\/www.europesays.com\/es\/165967\/","title":{"rendered":"La DANA aplaza el viaje de la selecci\u00f3n espa\u00f1ola a Elche"},"content":{"rendered":"<p data-mrf-recirculation=\"Links P\u00e1rrafos\" class=\"ue-c-article__paragraph paragraph ue-c-article--first-letter-highlighted\">La <strong>DANA<\/strong> ha aplazado el <strong>viaje<\/strong> de la selecci\u00f3n a <strong>Elche<\/strong>. El aviso de <strong>alerta roja<\/strong> emitido por la <strong>AEMET<\/strong>, la Agencia Estatal de Meteorolog\u00eda, para la <strong>zona de Levante<\/strong>\u00a0de cara a este viernes cambia los planes del combinado nacional. La ciudad ilicitana, donde se juega el <strong>Espa\u00f1a-Georgia<\/strong>, ha sufrido <strong>lluvias intensas<\/strong> a  lo largo de la ma\u00f1ana de hoy. Aunque durante la tarde han remitido, el aviso de <strong>alto riesgo<\/strong> y alerta roja es para ma\u00f1ana.\u00a0<\/p>\n<p data-mrf-recirculation=\"Links P\u00e1rrafos\" class=\"ue-c-article__paragraph paragraph\">Por este motivo, <strong>la selecci\u00f3n, con autorizaci\u00f3n de la UEFA, no viajar\u00e1 este viernes\u00a0<\/strong>y retrasar\u00e1 un d\u00eda su traslado. La <strong>Real Federaci\u00f3n Espa\u00f1ola de F\u00fatbol<\/strong>\u00a0evitar\u00e1 cualquier problema y el equipo se desplazar\u00e1 el <strong>s\u00e1bado, el d\u00eda del partido.<\/strong>\u00a0De esta forma, el entrenamiento oficial de la selecci\u00f3n espa\u00f1ola de este viernes tendr\u00e1 lugar como estaba previsto en la <strong>Ciudad del F\u00fatbol de Las Rozas a partir de las 11:00 horas<\/strong> (con 15 minutos abiertos para los medios de comunicaci\u00f3n) y la rueda de prensa oficial que van a ofrecer <strong>Luis de la Fuente<\/strong> y <strong>Mikel Merino<\/strong> ser\u00e1 a las 13:00 horas en el Sal\u00f3n Villalonga de la propia <strong>Ciudad del F\u00fatbol<\/strong>. El combinado nacional viajar\u00e1 a Elche en la jornada del s\u00e1bado por la ma\u00f1ana.<\/p>\n<p data-mrf-recirculation=\"Links P\u00e1rrafos\" class=\"ue-c-article__paragraph paragraph\">Adem\u00e1s, en atenci\u00f3n a las medidas anunciadas por las <strong>autoridades locales en Elche, suspendiendo todas las actividades previstas para la jornada del viernes<\/strong>\u00a0y recomendando limitar la movilidad de la poblaci\u00f3n salvo por causas imprescindibles, la RFEF ha decidido <strong>cancelar las XIV Jornadas Jur\u00eddicas que se iban a celebrar en la localidad ilicitana este s\u00e1bado 11 de octubre<\/strong>. Adem\u00e1s, la Federaci\u00f3n ha procedido a suspender la Junta Directiva prevista en Elche para este s\u00e1bado.<\/p>\n<p>Un partido suspendido<\/p>\n<p data-mrf-recirculation=\"Links P\u00e1rrafos\" class=\"ue-c-article__paragraph paragraph\">La <strong>alerta roja meteorol\u00f3gica<\/strong> tambi\u00e9n ha provocado la <strong>suspensi\u00f3n del H\u00e9rcules-Atl\u00e9tico Madrile\u00f1o<\/strong>, correspondiente a la <strong>s\u00e9ptima jornada de liga del grupo 2 de Primera RFEF<\/strong>\u00a0que estaba programado para este <strong>viernes a las 19:00 horas en el Rico P\u00e9rez.<\/strong><\/p>\n<p><img decoding=\"async\" width=\"1024\" height=\"682\" class=\"ue-c-article__image lazyload\" alt=\"Un coche de polic\u00eda circula por una calle anegada por la lluvia en Foia, en Elche.\" loading=\"lazy\" src=\"https:\/\/www.europesays.com\/es\/wp-content\/uploads\/2025\/10\/68e7f9246b559.jpeg\"\/><\/p>\n<p>Un coche de polic\u00eda circula por una calle anegada por la lluvia en Foia, en Elche.EFE<\/p>\n<p>A por la tercera victoria<\/p>\n<p data-mrf-recirculation=\"Links P\u00e1rrafos\" class=\"ue-c-article__paragraph paragraph\">Espa\u00f1a afrontar\u00e1 su <strong>tercer partido de clasificaci\u00f3n para el Mundial 2026<\/strong> en el estadio Mart\u00ednez Valero de Elche, enfrent\u00e1ndose a <strong>Georgia<\/strong>. La selecci\u00f3n llega a este compromiso con la intenci\u00f3n de <strong>seguir sumando puntos<\/strong> para certificar su presencia en la cita mundialista que se celebrar\u00e1 en <strong>Estados Unidos, M\u00e9xico y Canad\u00e1<\/strong>. Tras los dos primeros encuentros de septiembre ante <strong>Bulgaria y Turqu\u00eda<\/strong>, ambos saldados con victoria, <strong>Espa\u00f1a busca afianzar su liderato en el grupo<\/strong> y dar un paso m\u00e1s hacia la clasificaci\u00f3n directa.<\/p>\n","protected":false},"excerpt":{"rendered":"La DANA ha aplazado el viaje de la selecci\u00f3n a Elche. El aviso de alerta roja emitido por&hellip;\n","protected":false},"author":2,"featured_media":165968,"comment_status":"","ping_status":"","sticky":false,"template":"","format":"standard","meta":{"footnotes":""},"categories":[93],"tags":[168,25,24,23,167],"class_list":{"0":"post-165967","1":"post","2":"type-post","3":"status-publish","4":"format-standard","5":"has-post-thumbnail","7":"category-deportes","8":"tag-deportes","9":"tag-es","10":"tag-espana","11":"tag-spain","12":"tag-sports"},"share_on_mastodon":{"url":"","error":""},"_links":{"self":[{"href":"https:\/\/www.europesays.com\/es\/wp-json\/wp\/v2\/posts\/165967","targetHints":{"allow":["GET"]}}],"collection":[{"href":"https:\/\/www.europesays.com\/es\/wp-json\/wp\/v2\/posts"}],"about":[{"href":"https:\/\/www.europesays.com\/es\/wp-json\/wp\/v2\/types\/post"}],"author":[{"embeddable":true,"href":"https:\/\/www.europesays.com\/es\/wp-json\/wp\/v2\/users\/2"}],"replies":[{"embeddable":true,"href":"https:\/\/www.europesays.com\/es\/wp-json\/wp\/v2\/comments?post=165967"}],"version-history":[{"count":0,"href":"https:\/\/www.europesays.com\/es\/wp-json\/wp\/v2\/posts\/165967\/revisions"}],"wp:featuredmedia":[{"embeddable":true,"href":"https:\/\/www.europesays.com\/es\/wp-json\/wp\/v2\/media\/165968"}],"wp:attachment":[{"href":"https:\/\/www.europesays.com\/es\/wp-json\/wp\/v2\/media?parent=165967"}],"wp:term":[{"taxonomy":"category","embeddable":true,"href":"https:\/\/www.europesays.com\/es\/wp-json\/wp\/v2\/categories?post=165967"},{"taxonomy":"post_tag","embeddable":true,"href":"https:\/\/www.europesays.com\/es\/wp-json\/wp\/v2\/tags?post=165967"}],"curies":[{"name":"wp","href":"https:\/\/api.w.org\/{rel}","templated":true}]}}