{"id":166024,"date":"2025-10-09T21:37:09","date_gmt":"2025-10-09T21:37:09","guid":{"rendered":"https:\/\/www.europesays.com\/es\/166024\/"},"modified":"2025-10-09T21:37:09","modified_gmt":"2025-10-09T21:37:09","slug":"derek-gee-el-ciclista-que-planto-al-israel-ajusta-cuentas-con-su-exequipo-tras-la-multimillonaria-demanda","status":"publish","type":"post","link":"https:\/\/www.europesays.com\/es\/166024\/","title":{"rendered":"Derek Gee, el ciclista que plant\u00f3 al Israel, ajusta cuentas con su exequipo tras la multimillonaria demanda"},"content":{"rendered":"<p>Antes, incluso antes de que <a href=\"https:\/\/www.huffingtonpost.es\/videos\/la-vuelta-sudafrica-apartheid-huffetera.html\" rel=\"nofollow noopener\" target=\"_blank\">la <b>Vuelta a Espa\u00f1a<\/b> &#8216;estallara&#8217; en una protesta multitudinaria contra el equipo <b>Israel-Premier Tech<\/b><\/a>, un ciclista de renombre dio un primer paso. Fue el canadiense <b>Derek Gee<\/b>, uno de los destacados del conjunto, que dijo &#8216;basta&#8217; y <b>rescindi\u00f3 unilateralmente<\/b> su <b>contrato a mitad de temporada<\/b>. Aunque entonces no detall\u00f3 el motivo, todas las miradas apuntaban a su &#8216;<b>hartazgo<\/b>&#8216; por estar <b>relacionado con Israel en plena masacre de Gaza<\/b>. Y ahora, meses despu\u00e9s, ha dado cuenta de todo en un muy contundente comunicado donde, sin mencionar la guerra, s\u00ed da cuenta de la multimillonaria indemnizaci\u00f3n que le reclama su exequipo.<\/p>\n<p>Derek Gee, ganador de la vuelta espa\u00f1ola O Gran Cami\u00f1o y cuarto del Giro de Italia en 2025 entre otros logros, defiende que termin\u00f3 su contrato con <b>una \u00abjusta causa\u00bb<\/b>, como es el \u00abderecho\u00bb de hacerlo en las \u00abcircunstancias existente\u00bb. Por ello, y tras un pormenorizado an\u00e1lisis, contin\u00faa, opt\u00f3 por la rescisi\u00f3n \u00abpor seguridad y por <b>mis propias convicciones<\/b>\u00bb que \u00ab<b>pesaban severamente en mi conciencia<\/b>\u00ab.<\/p>\n<p>A sus 28 a\u00f1os y en medio de la que era su mejor temporada, el canadiense \u2014compatriota del fundador del equipo, Sylvan Adams\u2014 su ruptura no tuvo nada que ver con el dinero. En su comunicado denuncia que \u00abcuando hay problemas humanos de por medio, el dinero se convierte en la clave y no, aqu\u00ed el dinero no fue la clave\u00bb. Tanto es as\u00ed, que se detiene en cu\u00e1nto arriesgo en su carrera al quedarse sin protecci\u00f3n laboral ante una posible lesi\u00f3n. \u00abPero simplemente ya no pod\u00eda seguir corriendo para el equipo\u00bb, del que reconoce entender que lo vean \u00abde manera diferente\u00bb.<\/p>\n<p>No es \u00fanicamente el riesgo de estar sin equipo \u2014ya por entonces se daba por hecha su llegada al potente INEOS\u2014. Para Gee el problema es que ahora se enfrenta a una multimillonaria\u00a0<b>reclamaci\u00f3n del Israel-Premier Tech<\/b> por incumplimiento de contrato, que llega a <b>30 millones de euros seg\u00fan<\/b> apunta, \u00abpor no hacer sino <b>el ejercicio de mis derechos fundamentales<\/b> como profesional y como persona\u00bb.<\/p>\n<p>Tras insistir en que esto no es precisamente lo que uno sue\u00f1a cuando llegar a ser ciclista profesional, lamenta que esta demanda choque \u00abcon <b>los valores que el deporte busca defender<\/b>\u00ab.<\/p>\n<p>El cierre termina de despejar las dudas del m\u00e1s incr\u00e9dulo, al reforzarse en su decisi\u00f3n de <b>romper el v\u00ednculo<\/b> con la estructura israel\u00ed \u00aba pesar del <a href=\"https:\/\/www.huffingtonpost.es\/deporte\/el-equipo-ciclista-israelpremier-tech-cambiara-nombre-e-imagen-alejarade-identidad-israeli-garantizar-continuidad.html\" rel=\"nofollow noopener\" target=\"_blank\">reciente anuncio del cambio de marca<\/a> y los <b>cambios estructurales cosm\u00e9ticos<\/b>\u00ab.<\/p>\n","protected":false},"excerpt":{"rendered":"Antes, incluso antes de que la Vuelta a Espa\u00f1a &#8216;estallara&#8217; en una protesta multitudinaria contra el equipo Israel-Premier&hellip;\n","protected":false},"author":2,"featured_media":166025,"comment_status":"","ping_status":"","sticky":false,"template":"","format":"standard","meta":{"footnotes":""},"categories":[273],"tags":[313,312,168,25,24,74,23,167],"class_list":{"0":"post-166024","1":"post","2":"type-post","3":"status-publish","4":"format-standard","5":"has-post-thumbnail","7":"category-ciclismo","8":"tag-ciclismo","9":"tag-cycling","10":"tag-deportes","11":"tag-es","12":"tag-espana","13":"tag-israel","14":"tag-spain","15":"tag-sports"},"share_on_mastodon":{"url":"","error":""},"_links":{"self":[{"href":"https:\/\/www.europesays.com\/es\/wp-json\/wp\/v2\/posts\/166024","targetHints":{"allow":["GET"]}}],"collection":[{"href":"https:\/\/www.europesays.com\/es\/wp-json\/wp\/v2\/posts"}],"about":[{"href":"https:\/\/www.europesays.com\/es\/wp-json\/wp\/v2\/types\/post"}],"author":[{"embeddable":true,"href":"https:\/\/www.europesays.com\/es\/wp-json\/wp\/v2\/users\/2"}],"replies":[{"embeddable":true,"href":"https:\/\/www.europesays.com\/es\/wp-json\/wp\/v2\/comments?post=166024"}],"version-history":[{"count":0,"href":"https:\/\/www.europesays.com\/es\/wp-json\/wp\/v2\/posts\/166024\/revisions"}],"wp:featuredmedia":[{"embeddable":true,"href":"https:\/\/www.europesays.com\/es\/wp-json\/wp\/v2\/media\/166025"}],"wp:attachment":[{"href":"https:\/\/www.europesays.com\/es\/wp-json\/wp\/v2\/media?parent=166024"}],"wp:term":[{"taxonomy":"category","embeddable":true,"href":"https:\/\/www.europesays.com\/es\/wp-json\/wp\/v2\/categories?post=166024"},{"taxonomy":"post_tag","embeddable":true,"href":"https:\/\/www.europesays.com\/es\/wp-json\/wp\/v2\/tags?post=166024"}],"curies":[{"name":"wp","href":"https:\/\/api.w.org\/{rel}","templated":true}]}}