{"id":166036,"date":"2025-10-09T21:43:08","date_gmt":"2025-10-09T21:43:08","guid":{"rendered":"https:\/\/www.europesays.com\/es\/166036\/"},"modified":"2025-10-09T21:43:08","modified_gmt":"2025-10-09T21:43:08","slug":"suzanne-et-louise-el-libro-con-el-que-herve-guibert-interpelo-nuestra-mirada-sobre-la-vejez-el-cuerpo-y-la-memoria","status":"publish","type":"post","link":"https:\/\/www.europesays.com\/es\/166036\/","title":{"rendered":"\u2018Suzanne et Louise\u2019, el libro con el que Herv\u00e9 Guibert interpel\u00f3 nuestra mirada sobre la vejez, el cuerpo y la memoria"},"content":{"rendered":"<p class=\"article-text\">\n        En 1980, Herv\u00e9 Guibert public\u00f3 Suzanne et Louise, un fotolibro en apariencia m\u00ednimo: retratos de sus dos t\u00edas abuelas en su apartamento parisino, en la quietud de la vida cotidiana. <a href=\"https:\/\/www.eldiario.es\/cultura\/comics\/todas-voces-abuelas-olvido-historico_1_2949258.html\" data-mrf-recirculation=\"links-noticia\" class=\"link\" rel=\"nofollow noopener\" target=\"_blank\">Mujeres ancianas<\/a>, ajenas al centro de la vida cultural, convertidas en protagonistas de un relato visual \u00edntimo. En esas p\u00e1ginas, Guibert desplaz\u00f3 la c\u00e1mara del yo \u2014que luego dominar\u00eda su escritura y sus autorretratos\u2014 hacia un n\u00facleo afectivo que lo hab\u00eda acompa\u00f1ado siempre: ese peque\u00f1o refugio compuesto por las dos hermanas mayores.\n    <\/p>\n<p class=\"article-text\">\n        Cuarenta y cinco a\u00f1os despu\u00e9s, el libro vuelve a estar disponible gracias a Ediciones Comisura y los tres editores. Esta reedici\u00f3n no solo rescata un t\u00edtulo dif\u00edcil de conseguir, tambi\u00e9n reactiva la potencia pol\u00edtica de un gesto que parec\u00eda \u00edntimo y menor, pero que hoy se muestra profundamente contempor\u00e1neo.\n    <\/p>\n","protected":false},"excerpt":{"rendered":"En 1980, Herv\u00e9 Guibert public\u00f3 Suzanne et Louise, un fotolibro en apariencia m\u00ednimo: retratos de sus dos t\u00edas&hellip;\n","protected":false},"author":2,"featured_media":166037,"comment_status":"","ping_status":"","sticky":false,"template":"","format":"standard","meta":{"footnotes":""},"categories":[172],"tags":[224,873,146,147,25,24,48817,48820,48819,48821,1496,225,48818,911,7731,23,48816,24007],"class_list":{"0":"post-166036","1":"post","2":"type-post","3":"status-publish","4":"format-standard","5":"has-post-thumbnail","7":"category-libros","8":"tag-books","9":"tag-cuerpo","10":"tag-entertainment","11":"tag-entretenimiento","12":"tag-es","13":"tag-espana","14":"tag-et","15":"tag-guibert","16":"tag-herve","17":"tag-interpelo","18":"tag-libro","19":"tag-libros","20":"tag-louise","21":"tag-memoria","22":"tag-mirada","23":"tag-spain","24":"tag-suzanne","25":"tag-vejez"},"share_on_mastodon":{"url":"","error":""},"_links":{"self":[{"href":"https:\/\/www.europesays.com\/es\/wp-json\/wp\/v2\/posts\/166036","targetHints":{"allow":["GET"]}}],"collection":[{"href":"https:\/\/www.europesays.com\/es\/wp-json\/wp\/v2\/posts"}],"about":[{"href":"https:\/\/www.europesays.com\/es\/wp-json\/wp\/v2\/types\/post"}],"author":[{"embeddable":true,"href":"https:\/\/www.europesays.com\/es\/wp-json\/wp\/v2\/users\/2"}],"replies":[{"embeddable":true,"href":"https:\/\/www.europesays.com\/es\/wp-json\/wp\/v2\/comments?post=166036"}],"version-history":[{"count":0,"href":"https:\/\/www.europesays.com\/es\/wp-json\/wp\/v2\/posts\/166036\/revisions"}],"wp:featuredmedia":[{"embeddable":true,"href":"https:\/\/www.europesays.com\/es\/wp-json\/wp\/v2\/media\/166037"}],"wp:attachment":[{"href":"https:\/\/www.europesays.com\/es\/wp-json\/wp\/v2\/media?parent=166036"}],"wp:term":[{"taxonomy":"category","embeddable":true,"href":"https:\/\/www.europesays.com\/es\/wp-json\/wp\/v2\/categories?post=166036"},{"taxonomy":"post_tag","embeddable":true,"href":"https:\/\/www.europesays.com\/es\/wp-json\/wp\/v2\/tags?post=166036"}],"curies":[{"name":"wp","href":"https:\/\/api.w.org\/{rel}","templated":true}]}}